{"id":1024,"date":"2018-11-22T21:48:53","date_gmt":"2018-11-22T20:48:53","guid":{"rendered":"http:\/\/boeimige.ch\/?p=1024"},"modified":"2018-11-22T21:48:53","modified_gmt":"2018-11-22T20:48:53","slug":"waldpost-1-%c2%a6-2018-19","status":"publish","type":"post","link":"https:\/\/boeimige.ch\/?p=1024","title":{"rendered":"Waldpost 1 \u00a6 2018\/19"},"content":{"rendered":"<p><img loading=\"lazy\" decoding=\"async\" class=\"alignnone size-full wp-image-569\" src=\"https:\/\/boeimigenaturprojektedotch.files.wordpress.com\/2017\/02\/waldpost_titel_neu.png\" alt=\"waldpost_titel_neu\" width=\"740\" height=\"120\" srcset=\"https:\/\/boeimige.ch\/wp-content\/uploads\/2017\/02\/waldpost_titel_neu.png 740w, https:\/\/boeimige.ch\/wp-content\/uploads\/2017\/02\/waldpost_titel_neu-300x49.png 300w\" sizes=\"auto, (max-width: 740px) 100vw, 740px\" \/><\/p>\n<p><strong>R\u00fcckblick aus den Waldgruppen<\/strong><br \/>\n<i>Himug\u00fcegeli <\/i><br \/>\nAnfangs November waren unter einem grossen Laubhaufen die Zutaten f\u00fcr ein leckeres Zn\u00fcni versteckt: f\u00fcr Brat\u00e4pfel. Das Rezept kam bei den grossen und kleinen Himug\u00fcegeli gut an und schmeckt sicher auch zu Hause: 2 \u00c4pfel halbieren, mit einem L\u00f6ffel das Kerngeh\u00e4use und etwas Fruchtfleisch herausl\u00f6ffeln. Die Vertiefung mit gemahlenen Mandeln, Rosinen, Zimt und etwas Rahm f\u00fcllen. Die halben \u00c4pfel in einer Pfanne mit etwas Wasser zugedeckt weich k\u00f6cheln lassen.<\/p>\n<p><i>Waldspielgruppe<\/i><br \/>\n<img loading=\"lazy\" decoding=\"async\" class=\"  wp-image-1027 alignleft\" src=\"https:\/\/boeimigenaturprojektedotch.files.wordpress.com\/2018\/11\/img_4128-e1542918420758.jpg?w=263\" alt=\"img_4128.jpg\" width=\"115\" height=\"115\" \/>\u00a0 Was gibt es da oben Spannendes? Unser Baumfreund und die anderen B\u00e4ume bereiten ihr goldenes Kronendach vor dem strahlend blauen Himmel aus, das ist einfach bezaubernd!<\/p>\n<p>O<img loading=\"lazy\" decoding=\"async\" class=\"  wp-image-1026 alignright\" src=\"https:\/\/boeimigenaturprojektedotch.files.wordpress.com\/2018\/11\/img_55421-e1542917781871.jpg\" alt=\"IMG_5542(1)\" width=\"128\" height=\"128\" \/>b Wasser fliesst oder nicht, spielt keine Rolle, Br\u00fccken bauen macht Spass! Eifrig schleppten zwei Kinder grosse Holzst\u00fccke an, welche sie l\u00e4ngs und quer \u00fcber den Graben legten. Immer wieder r\u00e4umten sie die Balken zur Seite und ordneten sie neu an. Eine wacklige Sache, aber die \u00dcberquerung gelingt!<\/p>\n<p><i>F\u00fcchse<\/i><br \/>\n<img loading=\"lazy\" decoding=\"async\" class=\"  wp-image-1025 alignleft\" src=\"https:\/\/boeimigenaturprojektedotch.files.wordpress.com\/2018\/11\/dsc_2318.jpg\" alt=\"DSC_2318\" width=\"195\" height=\"131\" \/>Im November \u00fcberlegten wir, was die Tiere im Winter machen. Wir bauten m\u00f6glichst warme Nester f\u00fcr Igel &amp;Co. und \u00fcberpr\u00fcften mit einem Becher heissem Wasser, ob die Nester die W\u00e4rme auch behalten w\u00fcrden. Mit Erfolg, das Wasser war nach mehreren Stunden im grossen Laubhaufen immer noch warm. Auch s\u00e4gen, schnitzen, feuern und lange Stecken suchen war besonders spannend.<\/p>\n<p><i>Ferienspass<\/i><br \/>\nIn den Herbstferien verbrachten wir zwei Tage auf den Spuren der Waldtiere. Damit wir schauen konnten, ob in der Nacht das eine oder andere Tier beim Waldsofa vorbeikommen w\u00fcrde, bauten wir Lehmfallen. Wir schmierten strategisch gute Stellen mit weichem Lehm ein und dr\u00fcckten diesen fest. Die Spannung am n\u00e4chsten Morgen war gross\u2026 und wirklich, in zwei der Fallen hatte es Spuren! Jedoch nicht von Fuchs oder Reh, aber immerhin von Hund und Katze.<\/p>\n<p><em>Waldgeburtstag<\/em><br \/>\nAnfang November feierten wir den 7. Geburtstag eines M\u00e4dchens mit seinen Gsp\u00e4nli im Wald. Nach gr\u00fcndlichem Sch\u00e4rfen der Sinne folgten wir verschiedenen Fuchsspuren quer durch den Eggwald, bis wir seinen Bau fanden. Zum Abschluss fand das Geburtstagskind noch einen Gl\u00fccksstein in einer versteckten Baumh\u00f6hle.<br \/>\nWollt auch ihr eurem Kind ein besonderes Geburtstagsfest im Wald erm\u00f6glichen? Dann schaut hier rein: <a href=\"https:\/\/boeimige.ch\/angebot\/waldgeburtstage\/\">Infos Waldgeburtstage<\/a><\/p>\n<p><strong>Ausblick<\/strong><br \/>\n<i>Himug\u00fcegeli<\/i><br \/>\nDie Himug\u00fcegeli treffen sich noch am 3. und evtl. am 17. Dezember. Danach gehen wir bis anfangs M\u00e4rz in die Winterpause. <span style=\"color:#44546a;\"><a href=\"https:\/\/boeimige.ch\/angebot\/eltern-kindgruppe-himugueegeli\/\">Infos Himug\u00fcegeli<\/a><\/span><\/p>\n<p><a name=\"_GoBack\"><\/a><i>Walds<\/i><i>pielgruppe<\/i><br \/>\nAm kommenden Donnerstag ist Besuchstag in der Waldspielgruppe. Damit wollen wir allen Familien einen Einblick in die Waldspielgruppe erm\u00f6glichen. Damit sie dann wissen, was es auf sich hat, wenn die Kinder zum Beispiel vom M\u00fcsli erz\u00e4hlen. \ud83d\ude42<br \/>\nErstmals f\u00fchren wir Winterzeiten ein, ab dem 6. Dezember bis zu den Sportferien treffen wir uns jeweils eine Stunde sp\u00e4ter um 10 Uhr und sind daf\u00fcr bis 15 Uhr im Wald, damit es bereits etwas weniger kalt ist, als am Morgen fr\u00fch. Einzelne Kinder werden auch die M\u00f6glichkeit wahrnehmen, in dieser Zeit bereits um 13.30 Uhr nach Hause zu gehen. Dies ist f\u00fcr uns ein Versuch, wir werden sehen, ob es sich bew\u00e4hrt. <a href=\"https:\/\/boeimige.ch\/angebot\/waldspielgruppe\/\">Infos Waldspielgruppe<\/a><\/p>\n<p><i>Walderlebnisse <\/i><i>F\u00fcchse<\/i><br \/>\nOb Feuer machen, Schneerutschen oder Eiskunst bauen, auch im Winter gibt es viel Spannendes zu erleben im Wald! Die n\u00e4chsten Male treffen wir uns am 8. Dezember und dann am 12. Januar. Alle interessierten Kinder ab dem Kindergartenalter sind herzlich willkommen! Weitere Infos und Anmeldung Weiterhin ist es m\u00f6glich nur einzelne Male zu besuchen, die Daten des 2. Halbjahres sind nun auch online. <a href=\"https:\/\/boeimige.ch\/angebot\/walderlebnisse\/\">Infos und Anmeldung F\u00fcchse<\/a><\/p>\n<p><strong>Weiteres<\/strong><br \/>\n<em>Beobachtungstipp<\/em><br \/>\nIm Moment findet ihr unter den heruntergefallenen Buchenbl\u00e4ttern lauter kleine, zugespitzte K\u00fcgelchen. Sind das wohl irgendwelche Eier? Nicht ganz, es sind die Wohnungen der Puppen der Buchengallm\u00fccke. Die Gallm\u00fccken legen im Fr\u00fchjahr ihre Eier auf Buchenbl\u00e4tter. Der Baum wird durch die saugende Larve dazu angeregt, eine H\u00fclle um die noch winzige Larve zu produzieren. Die Larve ist gut gesch\u00fctzt und w\u00e4chst im Innern der Galle heran. Im Herbst f\u00e4llt die Galle vom Blatt, die Larve verpuppt sich. Ende M\u00e4rz schl\u00fcpft aus der Galle wieder eine kleine Gallm\u00fccke.<br \/>\nNeben diesen Buchengallen gibt es noch viele andere Gallen, z.B. die \u00abAnanas\u00bb der Fichtengalllaus oder die grossen, haarigen Gallen der Rosengallwespe. Entdeckt ihr welche bei euch in der Umgebung?<\/p>\n","protected":false},"excerpt":{"rendered":"<p>R\u00fcckblick aus den Waldgruppen Himug\u00fcegeli Anfangs November waren unter einem grossen Laubhaufen die Zutaten f\u00fcr ein leckeres Zn\u00fcni versteckt: f\u00fcr Brat\u00e4pfel. Das Rezept kam bei den grossen und kleinen Himug\u00fcegeli gut an und schmeckt sicher auch zu Hause: 2 \u00c4pfel &hellip; <a href=\"https:\/\/boeimige.ch\/?p=1024\">Weiterlesen <span class=\"meta-nav\">&rarr;<\/span><\/a><\/p>\n","protected":false},"author":1,"featured_media":0,"comment_status":"closed","ping_status":"closed","sticky":false,"template":"","format":"standard","meta":{"footnotes":""},"categories":[6],"tags":[],"class_list":["post-1024","post","type-post","status-publish","format-standard","hentry","category-waldpost"],"yoast_head":"<!-- This site is optimized with the Yoast SEO plugin v28.3 - https:\/\/yoast.com\/product\/yoast-seo-wordpress\/ -->\n<title>Waldpost 1 \u00a6 2018\/19 - B\u00f6imige Naturprojekte<\/title>\n<meta name=\"robots\" content=\"index, follow, max-snippet:-1, max-image-preview:large, max-video-preview:-1\" \/>\n<link rel=\"canonical\" href=\"https:\/\/boeimige.ch\/?p=1024\" \/>\n<meta property=\"og:locale\" content=\"de_DE\" \/>\n<meta property=\"og:type\" content=\"article\" \/>\n<meta property=\"og:title\" content=\"Waldpost 1 \u00a6 2018\/19 - B\u00f6imige Naturprojekte\" \/>\n<meta property=\"og:description\" content=\"R\u00fcckblick aus den Waldgruppen Himug\u00fcegeli Anfangs November waren unter einem grossen Laubhaufen die Zutaten f\u00fcr ein leckeres Zn\u00fcni versteckt: f\u00fcr Brat\u00e4pfel. Das Rezept kam bei den grossen und kleinen Himug\u00fcegeli gut an und schmeckt sicher auch zu Hause: 2 \u00c4pfel &hellip; Weiterlesen &rarr;\" \/>\n<meta property=\"og:url\" content=\"https:\/\/boeimige.ch\/?p=1024\" \/>\n<meta property=\"og:site_name\" content=\"B\u00f6imige Naturprojekte\" \/>\n<meta property=\"article:publisher\" content=\"https:\/\/www.facebook.com\/Eggwald3076\" \/>\n<meta property=\"article:published_time\" content=\"2018-11-22T20:48:53+00:00\" \/>\n<meta property=\"og:image\" content=\"https:\/\/boeimige.ch\/wp-content\/uploads\/2017\/02\/waldpost_titel_neu.png\" \/>\n\t<meta property=\"og:image:width\" content=\"740\" \/>\n\t<meta property=\"og:image:height\" content=\"120\" \/>\n\t<meta property=\"og:image:type\" content=\"image\/png\" \/>\n<meta name=\"author\" content=\"admin\" \/>\n<meta name=\"twitter:card\" content=\"summary_large_image\" \/>\n<meta name=\"twitter:label1\" content=\"Verfasst von\" \/>\n\t<meta name=\"twitter:data1\" content=\"admin\" \/>\n\t<meta name=\"twitter:label2\" content=\"Gesch\u00e4tzte Lesezeit\" \/>\n\t<meta name=\"twitter:data2\" content=\"4\u00a0Minuten\" \/>\n<script type=\"application\/ld+json\" class=\"yoast-schema-graph\">{\"@context\":\"https:\\\/\\\/schema.org\",\"@graph\":[{\"@type\":\"Article\",\"@id\":\"https:\\\/\\\/boeimige.ch\\\/?p=1024#article\",\"isPartOf\":{\"@id\":\"https:\\\/\\\/boeimige.ch\\\/?p=1024\"},\"author\":{\"name\":\"admin\",\"@id\":\"https:\\\/\\\/boeimige.ch\\\/#\\\/schema\\\/person\\\/9228b199a4bf1a502c3b3e0e368604f8\"},\"headline\":\"Waldpost 1 \u00a6 2018\\\/19\",\"datePublished\":\"2018-11-22T20:48:53+00:00\",\"mainEntityOfPage\":{\"@id\":\"https:\\\/\\\/boeimige.ch\\\/?p=1024\"},\"wordCount\":727,\"publisher\":{\"@id\":\"https:\\\/\\\/boeimige.ch\\\/#organization\"},\"image\":{\"@id\":\"https:\\\/\\\/boeimige.ch\\\/?p=1024#primaryimage\"},\"thumbnailUrl\":\"https:\\\/\\\/boeimigenaturprojektedotch.files.wordpress.com\\\/2017\\\/02\\\/waldpost_titel_neu.png\",\"articleSection\":[\"Waldpost\"],\"inLanguage\":\"de\"},{\"@type\":\"WebPage\",\"@id\":\"https:\\\/\\\/boeimige.ch\\\/?p=1024\",\"url\":\"https:\\\/\\\/boeimige.ch\\\/?p=1024\",\"name\":\"Waldpost 1 \u00a6 2018\\\/19 - B\u00f6imige Naturprojekte\",\"isPartOf\":{\"@id\":\"https:\\\/\\\/boeimige.ch\\\/#website\"},\"primaryImageOfPage\":{\"@id\":\"https:\\\/\\\/boeimige.ch\\\/?p=1024#primaryimage\"},\"image\":{\"@id\":\"https:\\\/\\\/boeimige.ch\\\/?p=1024#primaryimage\"},\"thumbnailUrl\":\"https:\\\/\\\/boeimigenaturprojektedotch.files.wordpress.com\\\/2017\\\/02\\\/waldpost_titel_neu.png\",\"datePublished\":\"2018-11-22T20:48:53+00:00\",\"breadcrumb\":{\"@id\":\"https:\\\/\\\/boeimige.ch\\\/?p=1024#breadcrumb\"},\"inLanguage\":\"de\",\"potentialAction\":[{\"@type\":\"ReadAction\",\"target\":[\"https:\\\/\\\/boeimige.ch\\\/?p=1024\"]}]},{\"@type\":\"ImageObject\",\"inLanguage\":\"de\",\"@id\":\"https:\\\/\\\/boeimige.ch\\\/?p=1024#primaryimage\",\"url\":\"https:\\\/\\\/boeimigenaturprojektedotch.files.wordpress.com\\\/2017\\\/02\\\/waldpost_titel_neu.png\",\"contentUrl\":\"https:\\\/\\\/boeimigenaturprojektedotch.files.wordpress.com\\\/2017\\\/02\\\/waldpost_titel_neu.png\"},{\"@type\":\"BreadcrumbList\",\"@id\":\"https:\\\/\\\/boeimige.ch\\\/?p=1024#breadcrumb\",\"itemListElement\":[{\"@type\":\"ListItem\",\"position\":1,\"name\":\"Start\",\"item\":\"https:\\\/\\\/boeimige.ch\\\/\"},{\"@type\":\"ListItem\",\"position\":2,\"name\":\"Waldpost 1 \u00a6 2018\\\/19\"}]},{\"@type\":\"WebSite\",\"@id\":\"https:\\\/\\\/boeimige.ch\\\/#website\",\"url\":\"https:\\\/\\\/boeimige.ch\\\/\",\"name\":\"B\u00f6imige Naturprojekte\",\"description\":\"Waldspielgruppe und Walderlebnisse in Worb\",\"publisher\":{\"@id\":\"https:\\\/\\\/boeimige.ch\\\/#organization\"},\"potentialAction\":[{\"@type\":\"SearchAction\",\"target\":{\"@type\":\"EntryPoint\",\"urlTemplate\":\"https:\\\/\\\/boeimige.ch\\\/?s={search_term_string}\"},\"query-input\":{\"@type\":\"PropertyValueSpecification\",\"valueRequired\":true,\"valueName\":\"search_term_string\"}}],\"inLanguage\":\"de\"},{\"@type\":\"Organization\",\"@id\":\"https:\\\/\\\/boeimige.ch\\\/#organization\",\"name\":\"B\u00f6imige Naturprojekte\",\"url\":\"https:\\\/\\\/boeimige.ch\\\/\",\"logo\":{\"@type\":\"ImageObject\",\"inLanguage\":\"de\",\"@id\":\"https:\\\/\\\/boeimige.ch\\\/#\\\/schema\\\/logo\\\/image\\\/\",\"url\":\"https:\\\/\\\/boeimige.ch\\\/wp-content\\\/uploads\\\/2026\\\/08\\\/Logo-neu_farbig-scaled.png\",\"contentUrl\":\"https:\\\/\\\/boeimige.ch\\\/wp-content\\\/uploads\\\/2026\\\/08\\\/Logo-neu_farbig-scaled.png\",\"width\":2318,\"height\":2560,\"caption\":\"B\u00f6imige Naturprojekte\"},\"image\":{\"@id\":\"https:\\\/\\\/boeimige.ch\\\/#\\\/schema\\\/logo\\\/image\\\/\"},\"sameAs\":[\"https:\\\/\\\/www.facebook.com\\\/Eggwald3076\",\"https:\\\/\\\/www.instagram.com\\\/boeimige_waldspielgruppe?igsh=N2M2Ymt2bGVrYTEx&utm_source=qr\"]},{\"@type\":\"Person\",\"@id\":\"https:\\\/\\\/boeimige.ch\\\/#\\\/schema\\\/person\\\/9228b199a4bf1a502c3b3e0e368604f8\",\"name\":\"admin\",\"image\":{\"@type\":\"ImageObject\",\"inLanguage\":\"de\",\"@id\":\"https:\\\/\\\/secure.gravatar.com\\\/avatar\\\/b476a0bf638c3f6b12f015e2f56efbe5b26c86811ca104ed3790d31ece5b0833?s=96&d=mm&r=g\",\"url\":\"https:\\\/\\\/secure.gravatar.com\\\/avatar\\\/b476a0bf638c3f6b12f015e2f56efbe5b26c86811ca104ed3790d31ece5b0833?s=96&d=mm&r=g\",\"contentUrl\":\"https:\\\/\\\/secure.gravatar.com\\\/avatar\\\/b476a0bf638c3f6b12f015e2f56efbe5b26c86811ca104ed3790d31ece5b0833?s=96&d=mm&r=g\",\"caption\":\"admin\"},\"url\":\"https:\\\/\\\/boeimige.ch\\\/?author=1\"}]}<\/script>\n<!-- \/ Yoast SEO plugin. -->","yoast_head_json":{"title":"Waldpost 1 \u00a6 2018\/19 - B\u00f6imige Naturprojekte","robots":{"index":"index","follow":"follow","max-snippet":"max-snippet:-1","max-image-preview":"max-image-preview:large","max-video-preview":"max-video-preview:-1"},"canonical":"https:\/\/boeimige.ch\/?p=1024","og_locale":"de_DE","og_type":"article","og_title":"Waldpost 1 \u00a6 2018\/19 - B\u00f6imige Naturprojekte","og_description":"R\u00fcckblick aus den Waldgruppen Himug\u00fcegeli Anfangs November waren unter einem grossen Laubhaufen die Zutaten f\u00fcr ein leckeres Zn\u00fcni versteckt: f\u00fcr Brat\u00e4pfel. Das Rezept kam bei den grossen und kleinen Himug\u00fcegeli gut an und schmeckt sicher auch zu Hause: 2 \u00c4pfel &hellip; Weiterlesen &rarr;","og_url":"https:\/\/boeimige.ch\/?p=1024","og_site_name":"B\u00f6imige Naturprojekte","article_publisher":"https:\/\/www.facebook.com\/Eggwald3076","article_published_time":"2018-11-22T20:48:53+00:00","og_image":[{"width":740,"height":120,"url":"https:\/\/boeimige.ch\/wp-content\/uploads\/2017\/02\/waldpost_titel_neu.png","type":"image\/png"}],"author":"admin","twitter_card":"summary_large_image","twitter_misc":{"Verfasst von":"admin","Gesch\u00e4tzte Lesezeit":"4\u00a0Minuten"},"schema":{"@context":"https:\/\/schema.org","@graph":[{"@type":"Article","@id":"https:\/\/boeimige.ch\/?p=1024#article","isPartOf":{"@id":"https:\/\/boeimige.ch\/?p=1024"},"author":{"name":"admin","@id":"https:\/\/boeimige.ch\/#\/schema\/person\/9228b199a4bf1a502c3b3e0e368604f8"},"headline":"Waldpost 1 \u00a6 2018\/19","datePublished":"2018-11-22T20:48:53+00:00","mainEntityOfPage":{"@id":"https:\/\/boeimige.ch\/?p=1024"},"wordCount":727,"publisher":{"@id":"https:\/\/boeimige.ch\/#organization"},"image":{"@id":"https:\/\/boeimige.ch\/?p=1024#primaryimage"},"thumbnailUrl":"https:\/\/boeimigenaturprojektedotch.files.wordpress.com\/2017\/02\/waldpost_titel_neu.png","articleSection":["Waldpost"],"inLanguage":"de"},{"@type":"WebPage","@id":"https:\/\/boeimige.ch\/?p=1024","url":"https:\/\/boeimige.ch\/?p=1024","name":"Waldpost 1 \u00a6 2018\/19 - B\u00f6imige Naturprojekte","isPartOf":{"@id":"https:\/\/boeimige.ch\/#website"},"primaryImageOfPage":{"@id":"https:\/\/boeimige.ch\/?p=1024#primaryimage"},"image":{"@id":"https:\/\/boeimige.ch\/?p=1024#primaryimage"},"thumbnailUrl":"https:\/\/boeimigenaturprojektedotch.files.wordpress.com\/2017\/02\/waldpost_titel_neu.png","datePublished":"2018-11-22T20:48:53+00:00","breadcrumb":{"@id":"https:\/\/boeimige.ch\/?p=1024#breadcrumb"},"inLanguage":"de","potentialAction":[{"@type":"ReadAction","target":["https:\/\/boeimige.ch\/?p=1024"]}]},{"@type":"ImageObject","inLanguage":"de","@id":"https:\/\/boeimige.ch\/?p=1024#primaryimage","url":"https:\/\/boeimigenaturprojektedotch.files.wordpress.com\/2017\/02\/waldpost_titel_neu.png","contentUrl":"https:\/\/boeimigenaturprojektedotch.files.wordpress.com\/2017\/02\/waldpost_titel_neu.png"},{"@type":"BreadcrumbList","@id":"https:\/\/boeimige.ch\/?p=1024#breadcrumb","itemListElement":[{"@type":"ListItem","position":1,"name":"Start","item":"https:\/\/boeimige.ch\/"},{"@type":"ListItem","position":2,"name":"Waldpost 1 \u00a6 2018\/19"}]},{"@type":"WebSite","@id":"https:\/\/boeimige.ch\/#website","url":"https:\/\/boeimige.ch\/","name":"B\u00f6imige Naturprojekte","description":"Waldspielgruppe und Walderlebnisse in Worb","publisher":{"@id":"https:\/\/boeimige.ch\/#organization"},"potentialAction":[{"@type":"SearchAction","target":{"@type":"EntryPoint","urlTemplate":"https:\/\/boeimige.ch\/?s={search_term_string}"},"query-input":{"@type":"PropertyValueSpecification","valueRequired":true,"valueName":"search_term_string"}}],"inLanguage":"de"},{"@type":"Organization","@id":"https:\/\/boeimige.ch\/#organization","name":"B\u00f6imige Naturprojekte","url":"https:\/\/boeimige.ch\/","logo":{"@type":"ImageObject","inLanguage":"de","@id":"https:\/\/boeimige.ch\/#\/schema\/logo\/image\/","url":"https:\/\/boeimige.ch\/wp-content\/uploads\/2026\/08\/Logo-neu_farbig-scaled.png","contentUrl":"https:\/\/boeimige.ch\/wp-content\/uploads\/2026\/08\/Logo-neu_farbig-scaled.png","width":2318,"height":2560,"caption":"B\u00f6imige Naturprojekte"},"image":{"@id":"https:\/\/boeimige.ch\/#\/schema\/logo\/image\/"},"sameAs":["https:\/\/www.facebook.com\/Eggwald3076","https:\/\/www.instagram.com\/boeimige_waldspielgruppe?igsh=N2M2Ymt2bGVrYTEx&utm_source=qr"]},{"@type":"Person","@id":"https:\/\/boeimige.ch\/#\/schema\/person\/9228b199a4bf1a502c3b3e0e368604f8","name":"admin","image":{"@type":"ImageObject","inLanguage":"de","@id":"https:\/\/secure.gravatar.com\/avatar\/b476a0bf638c3f6b12f015e2f56efbe5b26c86811ca104ed3790d31ece5b0833?s=96&d=mm&r=g","url":"https:\/\/secure.gravatar.com\/avatar\/b476a0bf638c3f6b12f015e2f56efbe5b26c86811ca104ed3790d31ece5b0833?s=96&d=mm&r=g","contentUrl":"https:\/\/secure.gravatar.com\/avatar\/b476a0bf638c3f6b12f015e2f56efbe5b26c86811ca104ed3790d31ece5b0833?s=96&d=mm&r=g","caption":"admin"},"url":"https:\/\/boeimige.ch\/?author=1"}]}},"_links":{"self":[{"href":"https:\/\/boeimige.ch\/index.php?rest_route=\/wp\/v2\/posts\/1024","targetHints":{"allow":["GET"]}}],"collection":[{"href":"https:\/\/boeimige.ch\/index.php?rest_route=\/wp\/v2\/posts"}],"about":[{"href":"https:\/\/boeimige.ch\/index.php?rest_route=\/wp\/v2\/types\/post"}],"author":[{"embeddable":true,"href":"https:\/\/boeimige.ch\/index.php?rest_route=\/wp\/v2\/users\/1"}],"replies":[{"embeddable":true,"href":"https:\/\/boeimige.ch\/index.php?rest_route=%2Fwp%2Fv2%2Fcomments&post=1024"}],"version-history":[{"count":0,"href":"https:\/\/boeimige.ch\/index.php?rest_route=\/wp\/v2\/posts\/1024\/revisions"}],"wp:attachment":[{"href":"https:\/\/boeimige.ch\/index.php?rest_route=%2Fwp%2Fv2%2Fmedia&parent=1024"}],"wp:term":[{"taxonomy":"category","embeddable":true,"href":"https:\/\/boeimige.ch\/index.php?rest_route=%2Fwp%2Fv2%2Fcategories&post=1024"},{"taxonomy":"post_tag","embeddable":true,"href":"https:\/\/boeimige.ch\/index.php?rest_route=%2Fwp%2Fv2%2Ftags&post=1024"}],"curies":[{"name":"wp","href":"https:\/\/api.w.org\/{rel}","templated":true}]}}