{"id":1101,"date":"2019-03-14T14:20:07","date_gmt":"2019-03-14T13:20:07","guid":{"rendered":"http:\/\/boeimige.ch\/?p=1101"},"modified":"2019-03-14T14:20:07","modified_gmt":"2019-03-14T13:20:07","slug":"waldpost-2-2018-19","status":"publish","type":"post","link":"https:\/\/boeimige.ch\/?p=1101","title":{"rendered":"Waldpost 2 | 2018\/19"},"content":{"rendered":"<p><img loading=\"lazy\" decoding=\"async\" class=\"alignnone size-full wp-image-569\" src=\"https:\/\/boeimigenaturprojektedotch.files.wordpress.com\/2017\/02\/waldpost_titel_neu.png\" alt=\"waldpost_titel_neu\" width=\"740\" height=\"120\" srcset=\"https:\/\/boeimige.ch\/wp-content\/uploads\/2017\/02\/waldpost_titel_neu.png 740w, https:\/\/boeimige.ch\/wp-content\/uploads\/2017\/02\/waldpost_titel_neu-300x49.png 300w\" sizes=\"auto, (max-width: 740px) 100vw, 740px\" \/><\/p>\n<p class=\"western\"><b>R\u00fcckblick aus den Waldgruppen<\/b><\/p>\n<p class=\"western\"><i>Waldspielgruppe<\/i><img loading=\"lazy\" decoding=\"async\" class=\"  wp-image-1098 alignright\" src=\"https:\/\/boeimigenaturprojektedotch.files.wordpress.com\/2019\/02\/dsc_1874.jpg\" alt=\"DSC_1874\" width=\"175\" height=\"311\" \/><\/p>\n<p class=\"western\">In Metalltellern haben wir Wasser und Bl\u00e4tter gemischt, eine Schnur reingelegt und das Ganze auf das Dach des Holzunterstandes gestellt. Ob der Eiskobold bis zum n\u00e4chsten Spielgruppentag wohl kommen wird und unsere Suppe in Eis verwandeln wird? Ja, es hat super geklappt! Das Resultat l\u00e4sst sich sehen.<\/p>\n<p class=\"western\">W\u00e4hrend Nora einen Monat in Portugal war, erlebten wir in der Spielgruppe gemeinsam mit Ruth mehrere Spielgruppentage mit Schnee. Es entstanden neben vielen Schneekugeln auch ein Schneetunnel und auf unserem Tischchen bauten wir mithilfe der Becher eine grosse Burg mit einem Turm.<\/p>\n<p><img loading=\"lazy\" decoding=\"async\" class=\"alignnone  wp-image-1099\" src=\"https:\/\/boeimigenaturprojektedotch.files.wordpress.com\/2019\/02\/dsc_1888.jpg\" alt=\"DSC_1888\" width=\"300\" height=\"169\" \/><\/p>\n<p class=\"western\"><i>F<\/i><i>\u00fcchse<\/i><\/p>\n<p class=\"western\">Im Januar e<img loading=\"lazy\" decoding=\"async\" class=\"  wp-image-1102 alignleft\" src=\"https:\/\/boeimigenaturprojektedotch.files.wordpress.com\/2019\/03\/dsc_1861-e1552511251386.jpg\" alt=\"dsc_1861.jpg\" width=\"223\" height=\"250\" srcset=\"https:\/\/boeimige.ch\/wp-content\/uploads\/2019\/03\/dsc_1861-e1552511251386.jpg 2139w, https:\/\/boeimige.ch\/wp-content\/uploads\/2019\/03\/dsc_1861-e1552511251386-268x300.jpg 268w, https:\/\/boeimige.ch\/wp-content\/uploads\/2019\/03\/dsc_1861-e1552511251386-913x1024.jpg 913w, https:\/\/boeimige.ch\/wp-content\/uploads\/2019\/03\/dsc_1861-e1552511251386-768x861.jpg 768w, https:\/\/boeimige.ch\/wp-content\/uploads\/2019\/03\/dsc_1861-e1552511251386-1370x1536.jpg 1370w, https:\/\/boeimige.ch\/wp-content\/uploads\/2019\/03\/dsc_1861-e1552511251386-1827x2048.jpg 1827w, https:\/\/boeimige.ch\/wp-content\/uploads\/2019\/03\/dsc_1861-e1552511251386-1568x1758.jpg 1568w\" sizes=\"auto, (max-width: 223px) 100vw, 223px\" \/>rwischten wir einen richtig sch\u00f6nen Schneetag. Es wurden Kugeln gerollt, bis sie riesengross waren. Nur mit vereinten Kr\u00e4ften gelang es noch, die Kugel den Hang hinauf zu stossen, um sie anschliessend hinunterrollen zu lassen, damit sie noch gr\u00f6sser werden sollte! Doch, o Schreck, beim Hinunterrollen fiel sie pl\u00f6tzlich auseinander! Nichts desto trotz wurde gebaut, was das Zeug hielt und es entstanden grosse Schneefiguren.<\/p>\n<p>&nbsp;<\/p>\n<p class=\"western\"><b>Ausblick<\/b><\/p>\n<p class=\"western\"><i>Himug\u00fcegeli<\/i><\/p>\n<p class=\"western\">Am Montag 18. M\u00e4rz startet die Eltern-Kind-Gruppe Himug\u00fcegeli wieder. Ist wohl das grosse Himug\u00fcegeli auch wieder aus dem Winterschlaf erwacht?<br \/>\nNeue Familien sind herzlich willkommen, unkompliziertes Schnuppern ist jederzeit m\u00f6glich.<\/p>\n<p class=\"western\"><i>Waldspielgruppe<\/i><\/p>\n<p class=\"western\">Auch der Wurzelchnorz ist noch im Winterschlaf, aber wenn die ersten Blumen bl\u00fchen und ihn die ersten Sonnenstrahlen an der Nase kitzeln, wird auch er erwachen und mit uns die kleinen und grossen Wunder des Fr\u00fchlings entdecken.<\/p>\n<p class=\"western\"><strong><span style=\"color:#339966;\">Schnuppertage: Do 21. M\u00e4rz und Do 25. April<\/span><\/strong><\/p>\n<p class=\"western\">Melde dich gleich jetzt f\u00fcr einen Schnuppertag an, denn f\u00fcr einen Einstieg nach den Fr\u00fchlingsferien geht es bereits um die letzten Pl\u00e4tze! Melde dich f\u00fcr den 21. M\u00e4rz an und wir reservieren dir provisorisch einen Platz f\u00fcr nach den Fr\u00fchlingsferien. Auch f\u00fcr den Einstieg nach den Sommerferien kannst du dir schon einen Platz sichern, melde dich daf\u00fcr bis zum 30. April an, damit wir die Durchf\u00fchrung sichern k\u00f6nnen. <a href=\"https:\/\/boeimige.ch\/2019\/01\/21\/schnuppern-anmeldung-waldspielgruppe\/\">Zur Anmeldung und weiteren Infos<\/a><\/p>\n<p class=\"western\"><i>Walderlebnisse F\u00fcchse<\/i><\/p>\n<p class=\"western\">Am 16. M\u00e4rz starten wir ins zweite Halbjahr mit einer waldigen Schatzsuche. Am 30. M\u00e4rz sind wir auch wieder im Wald und werden Feuer machen, aber nicht wie sonst immer, sondern diesmal ganz ohne Z\u00fcndh\u00f6lzer oder Feuerzeug und auch ohne Zeitung oder sonstiger k\u00fcnstlicher Anz\u00fcndhilfe. Du weisst nicht wie das geht? Dann sei dabei am 30. M\u00e4rz, zusammen schaffen wir es! <a href=\"https:\/\/boeimige.ch\/angebot\/walderlebnisse\/\">Infos<\/a><\/p>\n<p class=\"western\">Der Seilpark Gantrisch ist wieder aufgebaut und ist ab Anfang April wieder ge\u00f6ffnet. Wir nehmen die Gelegenheit wahr und machen mit den F\u00fcchsen am 25. Mai einen Ausflug in den Seilpark Gantrisch. Es gibt Kletterrouten f\u00fcr Klein und Gross in drei verschiedenen Alters- bzw. Gr\u00f6ssenkategorien. Alle Kinder ab ca. 5 Jahren sind eingeladen mitzukommen! F\u00fcr genauere Informationen wende dich an Nora (nora[at]boeimige.ch)<\/p>\n<p class=\"western\"><i>Familiennami<\/i><\/p>\n<p class=\"western\">Am Mi, 3.April findet ein offener Familiennami zum Thema \u00abWaldspiele\u00bb statt. F\u00fcr Familien, welche unser Angebot noch nicht kennen, ist dies ein idealer Anlass, vorbeizuschauen und Waldluft zu schnuppern. <a href=\"https:\/\/boeimige.ch\/angebot\/vereinsanlaesse\/\">Hier findet ihr weitere Infos<\/a><\/p>\n<p class=\"western\"><em>Ferienspass<\/em><\/p>\n<p class=\"western\">Am Mittwoch 10. April ist Kr\u00e4uterhexenzauber angesagt! Die Anmeldefrist via Ferienspass ist vorbei, aber wir freuen uns, wenn sich bis am Mi, 20. M\u00e4rz noch zus\u00e4tzliche Kinder per Mail bei uns anmelden. Am Dienstag 9. April machen wir zusammen mit dem interkulturellen Frauentreff einen Eltern-Kind-Anlass zum Thema &#8222;Osterbasteleien&#8220;. Hier sind auch kurzfristige Anmeldungen willkommen. <a href=\"https:\/\/boeimige.ch\/angebot\/ferienspasstage\/\">Hier findet ihr die weiteren Infos zum Ferienspass<\/a>.<\/p>\n<p class=\"western\"><em>\u00dcbernachtung<\/em><\/p>\n<p class=\"western\">Im Mai steht ein besonderes Abenteuer an: Alle Eltern und Kinder sind eingeladen, im Wald zu \u00fcbernachten. Seid ihr mit dabei? <a href=\"https:\/\/boeimige.ch\/angebot\/vereinsanlaesse\/\">Infos<\/a><\/p>\n<p>&nbsp;<\/p>\n<p class=\"western\"><b>Weiteres<\/b><\/p>\n<p class=\"western\"><em>Zusammenarbeit Spilerei<\/em><\/p>\n<p class=\"western\">In der alten Mosterei Worb haben Christine und Monika mit viel Herzblut ein Spielraumangebot nach Emmi Pikler sowie einen Sandraum er\u00f6ffnet. Bald wird eine Spielgruppe das Angebot bereichern. Wir sind \u00fcberzeugt, dass die Spielgruppe der Spilerei eine ideale Erg\u00e4nzung zur B\u00f6imigen Waldspielgruppe sein wird! Darum bieten wir Eltern, welche Ihr Kind in beiden Spielgruppen angemeldet haben, eine Reduktion auf den Quartalspreis.<\/p>\n","protected":false},"excerpt":{"rendered":"<p>R\u00fcckblick aus den Waldgruppen Waldspielgruppe In Metalltellern haben wir Wasser und Bl\u00e4tter gemischt, eine Schnur reingelegt und das Ganze auf das Dach des Holzunterstandes gestellt. Ob der Eiskobold bis zum n\u00e4chsten Spielgruppentag wohl kommen wird und unsere Suppe in Eis &hellip; <a href=\"https:\/\/boeimige.ch\/?p=1101\">Weiterlesen <span class=\"meta-nav\">&rarr;<\/span><\/a><\/p>\n","protected":false},"author":1,"featured_media":0,"comment_status":"closed","ping_status":"closed","sticky":false,"template":"","format":"standard","meta":{"footnotes":""},"categories":[6],"tags":[],"class_list":["post-1101","post","type-post","status-publish","format-standard","hentry","category-waldpost"],"yoast_head":"<!-- This site is optimized with the Yoast SEO plugin v28.3 - https:\/\/yoast.com\/product\/yoast-seo-wordpress\/ -->\n<title>Waldpost 2 | 2018\/19 - B\u00f6imige Naturprojekte<\/title>\n<meta name=\"robots\" content=\"index, follow, max-snippet:-1, max-image-preview:large, max-video-preview:-1\" \/>\n<link rel=\"canonical\" href=\"https:\/\/boeimige.ch\/?p=1101\" \/>\n<meta property=\"og:locale\" content=\"de_DE\" \/>\n<meta property=\"og:type\" content=\"article\" \/>\n<meta property=\"og:title\" content=\"Waldpost 2 | 2018\/19 - B\u00f6imige Naturprojekte\" \/>\n<meta property=\"og:description\" content=\"R\u00fcckblick aus den Waldgruppen Waldspielgruppe In Metalltellern haben wir Wasser und Bl\u00e4tter gemischt, eine Schnur reingelegt und das Ganze auf das Dach des Holzunterstandes gestellt. Ob der Eiskobold bis zum n\u00e4chsten Spielgruppentag wohl kommen wird und unsere Suppe in Eis &hellip; Weiterlesen &rarr;\" \/>\n<meta property=\"og:url\" content=\"https:\/\/boeimige.ch\/?p=1101\" \/>\n<meta property=\"og:site_name\" content=\"B\u00f6imige Naturprojekte\" \/>\n<meta property=\"article:publisher\" content=\"https:\/\/www.facebook.com\/Eggwald3076\" \/>\n<meta property=\"article:published_time\" content=\"2019-03-14T13:20:07+00:00\" \/>\n<meta property=\"og:image\" content=\"https:\/\/boeimige.ch\/wp-content\/uploads\/2017\/02\/waldpost_titel_neu.png\" \/>\n\t<meta property=\"og:image:width\" content=\"740\" \/>\n\t<meta property=\"og:image:height\" content=\"120\" \/>\n\t<meta property=\"og:image:type\" content=\"image\/png\" \/>\n<meta name=\"author\" content=\"admin\" \/>\n<meta name=\"twitter:card\" content=\"summary_large_image\" \/>\n<meta name=\"twitter:label1\" content=\"Verfasst von\" \/>\n\t<meta name=\"twitter:data1\" content=\"admin\" \/>\n\t<meta name=\"twitter:label2\" content=\"Gesch\u00e4tzte Lesezeit\" \/>\n\t<meta name=\"twitter:data2\" content=\"3\u00a0Minuten\" \/>\n<script type=\"application\/ld+json\" class=\"yoast-schema-graph\">{\"@context\":\"https:\\\/\\\/schema.org\",\"@graph\":[{\"@type\":\"Article\",\"@id\":\"https:\\\/\\\/boeimige.ch\\\/?p=1101#article\",\"isPartOf\":{\"@id\":\"https:\\\/\\\/boeimige.ch\\\/?p=1101\"},\"author\":{\"name\":\"admin\",\"@id\":\"https:\\\/\\\/boeimige.ch\\\/#\\\/schema\\\/person\\\/9228b199a4bf1a502c3b3e0e368604f8\"},\"headline\":\"Waldpost 2 | 2018\\\/19\",\"datePublished\":\"2019-03-14T13:20:07+00:00\",\"mainEntityOfPage\":{\"@id\":\"https:\\\/\\\/boeimige.ch\\\/?p=1101\"},\"wordCount\":665,\"publisher\":{\"@id\":\"https:\\\/\\\/boeimige.ch\\\/#organization\"},\"image\":{\"@id\":\"https:\\\/\\\/boeimige.ch\\\/?p=1101#primaryimage\"},\"thumbnailUrl\":\"https:\\\/\\\/boeimigenaturprojektedotch.files.wordpress.com\\\/2017\\\/02\\\/waldpost_titel_neu.png\",\"articleSection\":[\"Waldpost\"],\"inLanguage\":\"de\"},{\"@type\":\"WebPage\",\"@id\":\"https:\\\/\\\/boeimige.ch\\\/?p=1101\",\"url\":\"https:\\\/\\\/boeimige.ch\\\/?p=1101\",\"name\":\"Waldpost 2 | 2018\\\/19 - B\u00f6imige Naturprojekte\",\"isPartOf\":{\"@id\":\"https:\\\/\\\/boeimige.ch\\\/#website\"},\"primaryImageOfPage\":{\"@id\":\"https:\\\/\\\/boeimige.ch\\\/?p=1101#primaryimage\"},\"image\":{\"@id\":\"https:\\\/\\\/boeimige.ch\\\/?p=1101#primaryimage\"},\"thumbnailUrl\":\"https:\\\/\\\/boeimigenaturprojektedotch.files.wordpress.com\\\/2017\\\/02\\\/waldpost_titel_neu.png\",\"datePublished\":\"2019-03-14T13:20:07+00:00\",\"breadcrumb\":{\"@id\":\"https:\\\/\\\/boeimige.ch\\\/?p=1101#breadcrumb\"},\"inLanguage\":\"de\",\"potentialAction\":[{\"@type\":\"ReadAction\",\"target\":[\"https:\\\/\\\/boeimige.ch\\\/?p=1101\"]}]},{\"@type\":\"ImageObject\",\"inLanguage\":\"de\",\"@id\":\"https:\\\/\\\/boeimige.ch\\\/?p=1101#primaryimage\",\"url\":\"https:\\\/\\\/boeimigenaturprojektedotch.files.wordpress.com\\\/2017\\\/02\\\/waldpost_titel_neu.png\",\"contentUrl\":\"https:\\\/\\\/boeimigenaturprojektedotch.files.wordpress.com\\\/2017\\\/02\\\/waldpost_titel_neu.png\"},{\"@type\":\"BreadcrumbList\",\"@id\":\"https:\\\/\\\/boeimige.ch\\\/?p=1101#breadcrumb\",\"itemListElement\":[{\"@type\":\"ListItem\",\"position\":1,\"name\":\"Start\",\"item\":\"https:\\\/\\\/boeimige.ch\\\/\"},{\"@type\":\"ListItem\",\"position\":2,\"name\":\"Waldpost 2 | 2018\\\/19\"}]},{\"@type\":\"WebSite\",\"@id\":\"https:\\\/\\\/boeimige.ch\\\/#website\",\"url\":\"https:\\\/\\\/boeimige.ch\\\/\",\"name\":\"B\u00f6imige Naturprojekte\",\"description\":\"Waldspielgruppe und Walderlebnisse in Worb\",\"publisher\":{\"@id\":\"https:\\\/\\\/boeimige.ch\\\/#organization\"},\"potentialAction\":[{\"@type\":\"SearchAction\",\"target\":{\"@type\":\"EntryPoint\",\"urlTemplate\":\"https:\\\/\\\/boeimige.ch\\\/?s={search_term_string}\"},\"query-input\":{\"@type\":\"PropertyValueSpecification\",\"valueRequired\":true,\"valueName\":\"search_term_string\"}}],\"inLanguage\":\"de\"},{\"@type\":\"Organization\",\"@id\":\"https:\\\/\\\/boeimige.ch\\\/#organization\",\"name\":\"B\u00f6imige Naturprojekte\",\"url\":\"https:\\\/\\\/boeimige.ch\\\/\",\"logo\":{\"@type\":\"ImageObject\",\"inLanguage\":\"de\",\"@id\":\"https:\\\/\\\/boeimige.ch\\\/#\\\/schema\\\/logo\\\/image\\\/\",\"url\":\"https:\\\/\\\/boeimige.ch\\\/wp-content\\\/uploads\\\/2026\\\/08\\\/Logo-neu_farbig-scaled.png\",\"contentUrl\":\"https:\\\/\\\/boeimige.ch\\\/wp-content\\\/uploads\\\/2026\\\/08\\\/Logo-neu_farbig-scaled.png\",\"width\":2318,\"height\":2560,\"caption\":\"B\u00f6imige Naturprojekte\"},\"image\":{\"@id\":\"https:\\\/\\\/boeimige.ch\\\/#\\\/schema\\\/logo\\\/image\\\/\"},\"sameAs\":[\"https:\\\/\\\/www.facebook.com\\\/Eggwald3076\",\"https:\\\/\\\/www.instagram.com\\\/boeimige_waldspielgruppe?igsh=N2M2Ymt2bGVrYTEx&utm_source=qr\"]},{\"@type\":\"Person\",\"@id\":\"https:\\\/\\\/boeimige.ch\\\/#\\\/schema\\\/person\\\/9228b199a4bf1a502c3b3e0e368604f8\",\"name\":\"admin\",\"image\":{\"@type\":\"ImageObject\",\"inLanguage\":\"de\",\"@id\":\"https:\\\/\\\/secure.gravatar.com\\\/avatar\\\/b476a0bf638c3f6b12f015e2f56efbe5b26c86811ca104ed3790d31ece5b0833?s=96&d=mm&r=g\",\"url\":\"https:\\\/\\\/secure.gravatar.com\\\/avatar\\\/b476a0bf638c3f6b12f015e2f56efbe5b26c86811ca104ed3790d31ece5b0833?s=96&d=mm&r=g\",\"contentUrl\":\"https:\\\/\\\/secure.gravatar.com\\\/avatar\\\/b476a0bf638c3f6b12f015e2f56efbe5b26c86811ca104ed3790d31ece5b0833?s=96&d=mm&r=g\",\"caption\":\"admin\"},\"url\":\"https:\\\/\\\/boeimige.ch\\\/?author=1\"}]}<\/script>\n<!-- \/ Yoast SEO plugin. -->","yoast_head_json":{"title":"Waldpost 2 | 2018\/19 - B\u00f6imige Naturprojekte","robots":{"index":"index","follow":"follow","max-snippet":"max-snippet:-1","max-image-preview":"max-image-preview:large","max-video-preview":"max-video-preview:-1"},"canonical":"https:\/\/boeimige.ch\/?p=1101","og_locale":"de_DE","og_type":"article","og_title":"Waldpost 2 | 2018\/19 - B\u00f6imige Naturprojekte","og_description":"R\u00fcckblick aus den Waldgruppen Waldspielgruppe In Metalltellern haben wir Wasser und Bl\u00e4tter gemischt, eine Schnur reingelegt und das Ganze auf das Dach des Holzunterstandes gestellt. Ob der Eiskobold bis zum n\u00e4chsten Spielgruppentag wohl kommen wird und unsere Suppe in Eis &hellip; Weiterlesen &rarr;","og_url":"https:\/\/boeimige.ch\/?p=1101","og_site_name":"B\u00f6imige Naturprojekte","article_publisher":"https:\/\/www.facebook.com\/Eggwald3076","article_published_time":"2019-03-14T13:20:07+00:00","og_image":[{"width":740,"height":120,"url":"https:\/\/boeimige.ch\/wp-content\/uploads\/2017\/02\/waldpost_titel_neu.png","type":"image\/png"}],"author":"admin","twitter_card":"summary_large_image","twitter_misc":{"Verfasst von":"admin","Gesch\u00e4tzte Lesezeit":"3\u00a0Minuten"},"schema":{"@context":"https:\/\/schema.org","@graph":[{"@type":"Article","@id":"https:\/\/boeimige.ch\/?p=1101#article","isPartOf":{"@id":"https:\/\/boeimige.ch\/?p=1101"},"author":{"name":"admin","@id":"https:\/\/boeimige.ch\/#\/schema\/person\/9228b199a4bf1a502c3b3e0e368604f8"},"headline":"Waldpost 2 | 2018\/19","datePublished":"2019-03-14T13:20:07+00:00","mainEntityOfPage":{"@id":"https:\/\/boeimige.ch\/?p=1101"},"wordCount":665,"publisher":{"@id":"https:\/\/boeimige.ch\/#organization"},"image":{"@id":"https:\/\/boeimige.ch\/?p=1101#primaryimage"},"thumbnailUrl":"https:\/\/boeimigenaturprojektedotch.files.wordpress.com\/2017\/02\/waldpost_titel_neu.png","articleSection":["Waldpost"],"inLanguage":"de"},{"@type":"WebPage","@id":"https:\/\/boeimige.ch\/?p=1101","url":"https:\/\/boeimige.ch\/?p=1101","name":"Waldpost 2 | 2018\/19 - B\u00f6imige Naturprojekte","isPartOf":{"@id":"https:\/\/boeimige.ch\/#website"},"primaryImageOfPage":{"@id":"https:\/\/boeimige.ch\/?p=1101#primaryimage"},"image":{"@id":"https:\/\/boeimige.ch\/?p=1101#primaryimage"},"thumbnailUrl":"https:\/\/boeimigenaturprojektedotch.files.wordpress.com\/2017\/02\/waldpost_titel_neu.png","datePublished":"2019-03-14T13:20:07+00:00","breadcrumb":{"@id":"https:\/\/boeimige.ch\/?p=1101#breadcrumb"},"inLanguage":"de","potentialAction":[{"@type":"ReadAction","target":["https:\/\/boeimige.ch\/?p=1101"]}]},{"@type":"ImageObject","inLanguage":"de","@id":"https:\/\/boeimige.ch\/?p=1101#primaryimage","url":"https:\/\/boeimigenaturprojektedotch.files.wordpress.com\/2017\/02\/waldpost_titel_neu.png","contentUrl":"https:\/\/boeimigenaturprojektedotch.files.wordpress.com\/2017\/02\/waldpost_titel_neu.png"},{"@type":"BreadcrumbList","@id":"https:\/\/boeimige.ch\/?p=1101#breadcrumb","itemListElement":[{"@type":"ListItem","position":1,"name":"Start","item":"https:\/\/boeimige.ch\/"},{"@type":"ListItem","position":2,"name":"Waldpost 2 | 2018\/19"}]},{"@type":"WebSite","@id":"https:\/\/boeimige.ch\/#website","url":"https:\/\/boeimige.ch\/","name":"B\u00f6imige Naturprojekte","description":"Waldspielgruppe und Walderlebnisse in Worb","publisher":{"@id":"https:\/\/boeimige.ch\/#organization"},"potentialAction":[{"@type":"SearchAction","target":{"@type":"EntryPoint","urlTemplate":"https:\/\/boeimige.ch\/?s={search_term_string}"},"query-input":{"@type":"PropertyValueSpecification","valueRequired":true,"valueName":"search_term_string"}}],"inLanguage":"de"},{"@type":"Organization","@id":"https:\/\/boeimige.ch\/#organization","name":"B\u00f6imige Naturprojekte","url":"https:\/\/boeimige.ch\/","logo":{"@type":"ImageObject","inLanguage":"de","@id":"https:\/\/boeimige.ch\/#\/schema\/logo\/image\/","url":"https:\/\/boeimige.ch\/wp-content\/uploads\/2026\/08\/Logo-neu_farbig-scaled.png","contentUrl":"https:\/\/boeimige.ch\/wp-content\/uploads\/2026\/08\/Logo-neu_farbig-scaled.png","width":2318,"height":2560,"caption":"B\u00f6imige Naturprojekte"},"image":{"@id":"https:\/\/boeimige.ch\/#\/schema\/logo\/image\/"},"sameAs":["https:\/\/www.facebook.com\/Eggwald3076","https:\/\/www.instagram.com\/boeimige_waldspielgruppe?igsh=N2M2Ymt2bGVrYTEx&utm_source=qr"]},{"@type":"Person","@id":"https:\/\/boeimige.ch\/#\/schema\/person\/9228b199a4bf1a502c3b3e0e368604f8","name":"admin","image":{"@type":"ImageObject","inLanguage":"de","@id":"https:\/\/secure.gravatar.com\/avatar\/b476a0bf638c3f6b12f015e2f56efbe5b26c86811ca104ed3790d31ece5b0833?s=96&d=mm&r=g","url":"https:\/\/secure.gravatar.com\/avatar\/b476a0bf638c3f6b12f015e2f56efbe5b26c86811ca104ed3790d31ece5b0833?s=96&d=mm&r=g","contentUrl":"https:\/\/secure.gravatar.com\/avatar\/b476a0bf638c3f6b12f015e2f56efbe5b26c86811ca104ed3790d31ece5b0833?s=96&d=mm&r=g","caption":"admin"},"url":"https:\/\/boeimige.ch\/?author=1"}]}},"_links":{"self":[{"href":"https:\/\/boeimige.ch\/index.php?rest_route=\/wp\/v2\/posts\/1101","targetHints":{"allow":["GET"]}}],"collection":[{"href":"https:\/\/boeimige.ch\/index.php?rest_route=\/wp\/v2\/posts"}],"about":[{"href":"https:\/\/boeimige.ch\/index.php?rest_route=\/wp\/v2\/types\/post"}],"author":[{"embeddable":true,"href":"https:\/\/boeimige.ch\/index.php?rest_route=\/wp\/v2\/users\/1"}],"replies":[{"embeddable":true,"href":"https:\/\/boeimige.ch\/index.php?rest_route=%2Fwp%2Fv2%2Fcomments&post=1101"}],"version-history":[{"count":0,"href":"https:\/\/boeimige.ch\/index.php?rest_route=\/wp\/v2\/posts\/1101\/revisions"}],"wp:attachment":[{"href":"https:\/\/boeimige.ch\/index.php?rest_route=%2Fwp%2Fv2%2Fmedia&parent=1101"}],"wp:term":[{"taxonomy":"category","embeddable":true,"href":"https:\/\/boeimige.ch\/index.php?rest_route=%2Fwp%2Fv2%2Fcategories&post=1101"},{"taxonomy":"post_tag","embeddable":true,"href":"https:\/\/boeimige.ch\/index.php?rest_route=%2Fwp%2Fv2%2Ftags&post=1101"}],"curies":[{"name":"wp","href":"https:\/\/api.w.org\/{rel}","templated":true}]}}