{"id":1208,"date":"2019-11-20T20:04:29","date_gmt":"2019-11-20T19:04:29","guid":{"rendered":"http:\/\/boeimige.ch\/?p=1208"},"modified":"2019-11-20T20:04:29","modified_gmt":"2019-11-20T19:04:29","slug":"waldpost-1-2019-20","status":"publish","type":"post","link":"https:\/\/boeimige.ch\/?p=1208","title":{"rendered":"Waldpost 1 | 2019\/20"},"content":{"rendered":"<p><img loading=\"lazy\" decoding=\"async\" class=\"alignnone size-full wp-image-569\" src=\"https:\/\/boeimigenaturprojektedotch.files.wordpress.com\/2017\/02\/waldpost_titel_neu.png\" alt=\"waldpost_titel_neu\" width=\"740\" height=\"120\" srcset=\"https:\/\/boeimige.ch\/wp-content\/uploads\/2017\/02\/waldpost_titel_neu.png 740w, https:\/\/boeimige.ch\/wp-content\/uploads\/2017\/02\/waldpost_titel_neu-300x49.png 300w\" sizes=\"auto, (max-width: 740px) 100vw, 740px\" \/><\/p>\n<p class=\"western\"><b>R\u00fcckblick aus den Waldgruppen<\/b><\/p>\n<p class=\"western\"><i>Himug\u00fcegeli<br \/>\n<\/i>Schon drei Mal haben die neuen Eltern-Kind-Nachmittage stattgefunden. Das Angebot st\u00f6sst auf reges Interesse, es waren bis zu 11 Familien anwesend. Entsprechend lebendig und bunt waren die Nachmittage rund ums Waldsofa.<\/p>\n<p class=\"western\"><i>Waldspielgruppe<br \/>\n<\/i>Eines Morgens als wir in den Wald kamen, war etwas anders als gewohnt. Am Treffpunkt fehlte ein Baum, er war gef\u00e4llt worden. Und als wir uns auf den Weg zum Waldsofa machten, entdeckten wir pl\u00f6tzlich eine Schneise im Wald und auf der gegen\u00fcberliegenden Seite lagen St\u00fccke von einem riesigen Baumstamm, er war so dick, dass die Kinder kaum dr\u00fcberschauen konnten. Mit viel Geschick schafften es schlussendlich alle Kinder hinauf zu klettern und hatten eine Riesenfreude daran. Ob einfach als Kletterger\u00fcst oder Pferd oder T\u00f6ff, mit viel Fantasie wurde der Stamm ins Spiel integriert. Eine abenteuerliche Kletterpartie gab es anschliessend entlang der Schneise durch Ge\u00e4st und Brombeergestr\u00fcpp bis das Ziel auf dem Baumstrunk erreicht war.<\/p>\n\n\t\t<style>\n\t\t\t#gallery-1 {\n\t\t\t\tmargin: auto;\n\t\t\t}\n\t\t\t#gallery-1 .gallery-item {\n\t\t\t\tfloat: left;\n\t\t\t\tmargin-top: 10px;\n\t\t\t\ttext-align: center;\n\t\t\t\twidth: 50%;\n\t\t\t}\n\t\t\t#gallery-1 img {\n\t\t\t\tborder: 2px solid #cfcfcf;\n\t\t\t}\n\t\t\t#gallery-1 .gallery-caption {\n\t\t\t\tmargin-left: 0;\n\t\t\t}\n\t\t\t\/* see gallery_shortcode() in wp-includes\/media.php *\/\n\t\t<\/style>\n\t\t<div id='gallery-1' class='gallery galleryid-1208 gallery-columns-2 gallery-size-thumbnail'><dl class='gallery-item'>\n\t\t\t<dt class='gallery-icon portrait'>\n\t\t\t\t<img loading=\"lazy\" decoding=\"async\" width=\"150\" height=\"150\" src=\"https:\/\/boeimige.ch\/wp-content\/uploads\/2019\/11\/img_1010-150x150.jpg\" class=\"attachment-thumbnail size-thumbnail\" alt=\"\" \/>\n\t\t\t<\/dt><\/dl><dl class='gallery-item'>\n\t\t\t<dt class='gallery-icon portrait'>\n\t\t\t\t<img loading=\"lazy\" decoding=\"async\" width=\"150\" height=\"150\" src=\"https:\/\/boeimige.ch\/wp-content\/uploads\/2019\/11\/img_0512-150x150.jpg\" class=\"attachment-thumbnail size-thumbnail\" alt=\"\" \/>\n\t\t\t<\/dt><\/dl><br style=\"clear: both\" \/>\n\t\t<\/div>\n\n<p>Auf einem Spaziergang fanden wir viele lange, gebogene Rindenst\u00fccke. Sehr schnell kamen den Kindern Ideen, was man damit machen k\u00f6nnte: Bett, Schlitten, Wiege, Tunnel\u2026. Am Platz entstand dann unter anderem eine wunderbare M\u00e4rmelibahn.<\/p>\n<p class=\"western\"><i>F\u00fcchse<br \/>\n<\/i>Die F\u00fcchse trafen sich im Oktober zum ersten Mal in diesem Schuljahr. Auf einer Schnitzeljagd legte jeweils eine Gruppe nur mit Waldmaterial Pfeile und andere Kennzeichen, sodass die anderen sie in ihrem Versteck mitten im Wald finden sollten. Das war gar nicht so einfach! Als sich alle wiedergefunden hatten erkundeten wir noch den Dachsbau und fanden sogar echte Dachshaare! Ein eindeutiger Beweis, dass hier tats\u00e4chlich Dachse wohnen.<\/p>\n<p class=\"western\"><i>Ferienspass<br \/>\n<\/i><img loading=\"lazy\" decoding=\"async\" class=\"  wp-image-268 alignleft\" src=\"https:\/\/boeimigenaturprojektedotch.files.wordpress.com\/2016\/02\/09-09-14-017-e1574267170573.jpg\" alt=\"SONY DSC\" width=\"248\" height=\"285\" \/>Das Feuer stand am diesj\u00e4hrigen Herbstferienspass im Zentrum. Wir suchten leichtbrennbares Zundermaterial im Wald und versuchten anschliessend ohne Z\u00fcndh\u00f6lzer ein Feuer zu entfachen. Das Feuerbohren wurde ausprobiert und mit Magnesiumst\u00e4ben wurden eifrig Funken geschlagen. Aber der Zunder wollte und wollte die Funken nicht einfangen, obwohl die Kinder unerm\u00fcdlich weitermachten. Vermutlich war zu viel Feuchtigkeit in der Luft, so dass wir ein wenig nachhelfen mussten und das Feuer schlussendlich mit einem einzigen Z\u00fcndholz anz\u00fcndeten. Trotz allem war es ein grosser Spass und einige konnten dann sogar noch Kohlestifte herstellen.<\/p>\n<p><img loading=\"lazy\" decoding=\"async\" class=\"  wp-image-1194 alignright\" src=\"https:\/\/boeimigenaturprojektedotch.files.wordpress.com\/2019\/11\/img_0324-2.jpg\" alt=\"IMG_0324 (2)\" width=\"237\" height=\"257\" srcset=\"https:\/\/boeimige.ch\/wp-content\/uploads\/2019\/11\/img_0324-2.jpg 2199w, https:\/\/boeimige.ch\/wp-content\/uploads\/2019\/11\/img_0324-2-277x300.jpg 277w, https:\/\/boeimige.ch\/wp-content\/uploads\/2019\/11\/img_0324-2-944x1024.jpg 944w, https:\/\/boeimige.ch\/wp-content\/uploads\/2019\/11\/img_0324-2-768x833.jpg 768w, https:\/\/boeimige.ch\/wp-content\/uploads\/2019\/11\/img_0324-2-1416x1536.jpg 1416w, https:\/\/boeimige.ch\/wp-content\/uploads\/2019\/11\/img_0324-2-1888x2048.jpg 1888w, https:\/\/boeimige.ch\/wp-content\/uploads\/2019\/11\/img_0324-2-1568x1701.jpg 1568w\" sizes=\"auto, (max-width: 237px) 100vw, 237px\" \/><em>Waldsofa-Renovations-Nachmittag<\/em><br \/>\nDank der tatkr\u00e4ftigen Mithilfe von vielen Kindern und Erwachsenen brachten wir das Waldsofa ziemlich schnell wieder auf Vordermann. Die alten Holzrugel um die Feuerstelle waren schon recht morsch und es wuchsen viele Holzpilze daran. Die neuen Holzrugel, die uns Martin von der Wislenscheuer zur Verf\u00fcgung stellte, machen eindeutig eine gute Gattung. Danke vielmals!<\/p>\n<p><em>Generationenfest<br \/>\n<\/em>Etwas versteckt hinter dem Gumpizug der RBS, boten wir dieses Jahr eine Farbenwerkstatt an. Mit Bl\u00fcten, Beeren, Ziegelsteinen und Kohle haben die Kinder Farben hergestellt und fleissig damit gemalt.<\/p>\n\n\t\t<style>\n\t\t\t#gallery-2 {\n\t\t\t\tmargin: auto;\n\t\t\t}\n\t\t\t#gallery-2 .gallery-item {\n\t\t\t\tfloat: left;\n\t\t\t\tmargin-top: 10px;\n\t\t\t\ttext-align: center;\n\t\t\t\twidth: 33%;\n\t\t\t}\n\t\t\t#gallery-2 img {\n\t\t\t\tborder: 2px solid #cfcfcf;\n\t\t\t}\n\t\t\t#gallery-2 .gallery-caption {\n\t\t\t\tmargin-left: 0;\n\t\t\t}\n\t\t\t\/* see gallery_shortcode() in wp-includes\/media.php *\/\n\t\t<\/style>\n\t\t<div id='gallery-2' class='gallery galleryid-1208 gallery-columns-3 gallery-size-thumbnail'><dl class='gallery-item'>\n\t\t\t<dt class='gallery-icon landscape'>\n\t\t\t\t<img loading=\"lazy\" decoding=\"async\" width=\"150\" height=\"150\" src=\"https:\/\/boeimige.ch\/wp-content\/uploads\/2019\/09\/img_0413-150x150.jpg\" class=\"attachment-thumbnail size-thumbnail\" alt=\"\" \/>\n\t\t\t<\/dt><\/dl><dl class='gallery-item'>\n\t\t\t<dt class='gallery-icon landscape'>\n\t\t\t\t<img loading=\"lazy\" decoding=\"async\" width=\"150\" height=\"150\" src=\"https:\/\/boeimige.ch\/wp-content\/uploads\/2019\/09\/img_0410-150x150.jpg\" class=\"attachment-thumbnail size-thumbnail\" alt=\"\" \/>\n\t\t\t<\/dt><\/dl>\n\t\t\t<br style='clear: both' \/>\n\t\t<\/div>\n\n<p class=\"western\"><b>Ausblick<\/b><\/p>\n<p class=\"western\"><i>Himug\u00fcegeli<br \/>\n<\/i>Das n\u00e4chste Mal findet der Eltern-Kind-Nachmittag am 11.Dezember statt, dieses Mal werden Regula und Nora dabei sein. Da es um 17h schon langsam dunkel wird, basteln wir uns ein kleines Licht und geniessen das w\u00e4rmende Feuer.<\/p>\n<p>Die Daten f\u00fcr im kommenden Jahr: 5.2. \/ 4.3. \/ 8.4. \/ 6.5. \/ 3.6. \/1.7.\u00a0<a href=\"https:\/\/boeimige.ch\/angebot\/eltern-kindgruppe-himugueegeli\/\">Weitere Infos<\/a><\/p>\n<p><em><a name=\"_GoBack\"><\/a> Waldspielgruppe<\/em><br \/>\nMit einem kleinen Adventsritual werden wir in der Waldspielgruppe die Weihnachtszeit einl\u00e4uten. Je nach Wetter stehen aber vor allem Eis, Nebel, Schnee oder das Feuer im Zentrum unserer Waldtage. <img loading=\"lazy\" decoding=\"async\" class=\"  wp-image-1218 alignright\" src=\"https:\/\/boeimigenaturprojektedotch.files.wordpress.com\/2019\/11\/img_1018-e1574276289301.jpg\" alt=\"IMG_1018\" width=\"183\" height=\"137\" \/><\/p>\n<p class=\"western\"><i>Walderlebnisse F\u00fcchse<br \/>\n<\/i>Das Angebot der F\u00fcchse st\u00f6sst zurzeit leider nur auf wenig Interesse. Um herauszufinden woran dies liegt bzw. was f\u00fcr ein Angebot mehr Anklang finden w\u00fcrde, haben wir eine Umfrage lanciert. Wer den Fragebogen noch nicht erhalten hat und seine Meinung gerne einbringen m\u00f6chte, kann sich gerne an <a href=\"mailto:nora@boeimige.ch\">nora@boeimige.ch<\/a> wenden.<\/p>\n<p class=\"western\">Die n\u00e4chsten Walderlebnisse finden statt am: 14. Dezember 2019, 18. Januar, 14. M\u00e4rz und 9. Mai 2020. <a href=\"https:\/\/boeimige.ch\/angebot\/walderlebnisse\/\">Weitere Infos<\/a><\/p>\n<p><em>Familienanl\u00e4sse<br \/>\n<\/em>Die n\u00e4chsten Daten f\u00fcr unsere Vereinsanl\u00e4sse k\u00f6nnt ihr euch schon vormerken:<\/p>\n<p>Mi, 25. M\u00e4rz 2020: Fahnen- und Wimpelbasteln<br \/>\nFr\/Sa 12.\/13. Juni 2020: Wald\u00fcbernachtung<\/p>\n<p>&nbsp;<\/p>\n<p class=\"western\"><strong>Personelles<\/strong><\/p>\n<p class=\"western\"><i><\/i><i><\/i>Ruth wird leider die B\u00f6imigen Naturprojekte auf Ende Schuljahr verlassen. Wir bedauern ihren Entscheid sehr, bedanken uns aber herzlich f\u00fcr die wertvolle Zusammenarbeit und w\u00fcnschen ihr f\u00fcr die Zukunft alles Gute! Zum Gl\u00fcck aber ist das Schuljahr gerade noch nicht zu Ende und wir d\u00fcrfen sie noch eine Weile geniessen.<\/p>\n<p class=\"western\">\u201eLiebe F\u00fcchse, Liebe Kinder und Eltern,<br \/>\nda bei mir privat einige Ver\u00e4nderungen anstehen, beende ich meine Mitarbeit bei den &#8222;B\u00f6imigen&#8220; auf Ende Mai 2020.<br \/>\nIch danke euch allen f\u00fcr die sch\u00f6nen Begegnungen und die vielen Erlebnisse im Wald. Weil der Wald immer noch mein Lieblingsort ist, werden wir uns wahrscheinlich weiterhin begegnen.<br \/>\nLiebe Gr\u00fcsse, Ruth\u201c<\/p>\n<p class=\"western\"><i><span style=\"color:#99cc00;\"><strong>Vorstandsmitglied gesucht<\/strong><\/span><br \/>\n<\/i><span style=\"color:#000000;\">Aus diesem Grund sind wir auf der Suche nach Menschen, die sich bei den B\u00f6imigen engagieren m\u00f6chten.<\/span><\/p>\n<p>Wir w\u00fcnschen uns ein offenes, kommunikatives und kontaktfreudiges Vorstandsmitglied f\u00fcr:<\/p>\n<ul>\n<li>Mittragen der laufenden naturp\u00e4dagogischen Projekte der B\u00f6imigen, inkl. 4-5 Vorstandssitzungen pro Jahr.<\/li>\n<li>Mitarbeit bei Werbe- und Vereinsanl\u00e4ssen (2-3 pro Jahr) sowie beim Flyern und Plakatieren.<\/li>\n<li>Stellvertretung und ev. Begleitung f\u00fcr die Spielgruppe am Donnerstag.<\/li>\n<li>Initiierung und Durchf\u00fchrung von eigenen naturp\u00e4dagogischen Projekten in Worb<span style=\"font-family:Liberation Serif, serif;\"><span style=\"font-size:medium;\">.<\/span><\/span><\/li>\n<\/ul>\n<p>Idealerweise wohnst du in Worb und hast eine (natur)p\u00e4dagogische Ausbildung bzw. Lust, eine solche zu machen.<\/p>\n<p><a name=\"_GoBack3\"><\/a>W\u00e4re das etwas f\u00fcr dich? Oder kennst du jemanden, der\/die passen w\u00fcrde? Weitersagen ist erw\u00fcnscht! Weitere Infos gibt Regula unter 079 306 26 07 oder <a href=\"mailto:info@boeimige.ch\">info@boeimige.ch<\/a>.<\/p>\n<p>Wir freuen uns auf dein Motivationsschreiben und einen kurzen Lebenslauf per Mail bis Ende Dezember 2019.<\/p>\n","protected":false},"excerpt":{"rendered":"<p>R\u00fcckblick aus den Waldgruppen Himug\u00fcegeli Schon drei Mal haben die neuen Eltern-Kind-Nachmittage stattgefunden. Das Angebot st\u00f6sst auf reges Interesse, es waren bis zu 11 Familien anwesend. Entsprechend lebendig und bunt waren die Nachmittage rund ums Waldsofa. Waldspielgruppe Eines Morgens als &hellip; <a href=\"https:\/\/boeimige.ch\/?p=1208\">Weiterlesen <span class=\"meta-nav\">&rarr;<\/span><\/a><\/p>\n","protected":false},"author":1,"featured_media":0,"comment_status":"closed","ping_status":"closed","sticky":false,"template":"","format":"standard","meta":{"footnotes":""},"categories":[6],"tags":[],"class_list":["post-1208","post","type-post","status-publish","format-standard","hentry","category-waldpost"],"yoast_head":"<!-- This site is optimized with the Yoast SEO plugin v28.3 - https:\/\/yoast.com\/product\/yoast-seo-wordpress\/ -->\n<title>Waldpost 1 | 2019\/20 - B\u00f6imige Naturprojekte<\/title>\n<meta name=\"robots\" content=\"index, follow, max-snippet:-1, max-image-preview:large, max-video-preview:-1\" \/>\n<link rel=\"canonical\" href=\"https:\/\/boeimige.ch\/?p=1208\" \/>\n<meta property=\"og:locale\" content=\"de_DE\" \/>\n<meta property=\"og:type\" content=\"article\" \/>\n<meta property=\"og:title\" content=\"Waldpost 1 | 2019\/20 - B\u00f6imige Naturprojekte\" \/>\n<meta property=\"og:description\" content=\"R\u00fcckblick aus den Waldgruppen Himug\u00fcegeli Schon drei Mal haben die neuen Eltern-Kind-Nachmittage stattgefunden. Das Angebot st\u00f6sst auf reges Interesse, es waren bis zu 11 Familien anwesend. Entsprechend lebendig und bunt waren die Nachmittage rund ums Waldsofa. Waldspielgruppe Eines Morgens als &hellip; Weiterlesen &rarr;\" \/>\n<meta property=\"og:url\" content=\"https:\/\/boeimige.ch\/?p=1208\" \/>\n<meta property=\"og:site_name\" content=\"B\u00f6imige Naturprojekte\" \/>\n<meta property=\"article:publisher\" content=\"https:\/\/www.facebook.com\/Eggwald3076\" \/>\n<meta property=\"article:published_time\" content=\"2019-11-20T19:04:29+00:00\" \/>\n<meta property=\"og:image\" content=\"https:\/\/boeimige.ch\/wp-content\/uploads\/2019\/11\/img_1010-150x150.jpg\" \/>\n<meta name=\"author\" content=\"admin\" \/>\n<meta name=\"twitter:card\" content=\"summary_large_image\" \/>\n<meta name=\"twitter:label1\" content=\"Verfasst von\" \/>\n\t<meta name=\"twitter:data1\" content=\"admin\" \/>\n\t<meta name=\"twitter:label2\" content=\"Gesch\u00e4tzte Lesezeit\" \/>\n\t<meta name=\"twitter:data2\" content=\"5\u00a0Minuten\" \/>\n<script type=\"application\/ld+json\" class=\"yoast-schema-graph\">{\"@context\":\"https:\\\/\\\/schema.org\",\"@graph\":[{\"@type\":\"Article\",\"@id\":\"https:\\\/\\\/boeimige.ch\\\/?p=1208#article\",\"isPartOf\":{\"@id\":\"https:\\\/\\\/boeimige.ch\\\/?p=1208\"},\"author\":{\"name\":\"admin\",\"@id\":\"https:\\\/\\\/boeimige.ch\\\/#\\\/schema\\\/person\\\/9228b199a4bf1a502c3b3e0e368604f8\"},\"headline\":\"Waldpost 1 | 2019\\\/20\",\"datePublished\":\"2019-11-20T19:04:29+00:00\",\"mainEntityOfPage\":{\"@id\":\"https:\\\/\\\/boeimige.ch\\\/?p=1208\"},\"wordCount\":911,\"publisher\":{\"@id\":\"https:\\\/\\\/boeimige.ch\\\/#organization\"},\"image\":{\"@id\":\"https:\\\/\\\/boeimige.ch\\\/?p=1208#primaryimage\"},\"thumbnailUrl\":\"https:\\\/\\\/boeimigenaturprojektedotch.files.wordpress.com\\\/2017\\\/02\\\/waldpost_titel_neu.png\",\"articleSection\":[\"Waldpost\"],\"inLanguage\":\"de\"},{\"@type\":\"WebPage\",\"@id\":\"https:\\\/\\\/boeimige.ch\\\/?p=1208\",\"url\":\"https:\\\/\\\/boeimige.ch\\\/?p=1208\",\"name\":\"Waldpost 1 | 2019\\\/20 - B\u00f6imige Naturprojekte\",\"isPartOf\":{\"@id\":\"https:\\\/\\\/boeimige.ch\\\/#website\"},\"primaryImageOfPage\":{\"@id\":\"https:\\\/\\\/boeimige.ch\\\/?p=1208#primaryimage\"},\"image\":{\"@id\":\"https:\\\/\\\/boeimige.ch\\\/?p=1208#primaryimage\"},\"thumbnailUrl\":\"https:\\\/\\\/boeimigenaturprojektedotch.files.wordpress.com\\\/2017\\\/02\\\/waldpost_titel_neu.png\",\"datePublished\":\"2019-11-20T19:04:29+00:00\",\"breadcrumb\":{\"@id\":\"https:\\\/\\\/boeimige.ch\\\/?p=1208#breadcrumb\"},\"inLanguage\":\"de\",\"potentialAction\":[{\"@type\":\"ReadAction\",\"target\":[\"https:\\\/\\\/boeimige.ch\\\/?p=1208\"]}]},{\"@type\":\"ImageObject\",\"inLanguage\":\"de\",\"@id\":\"https:\\\/\\\/boeimige.ch\\\/?p=1208#primaryimage\",\"url\":\"https:\\\/\\\/boeimigenaturprojektedotch.files.wordpress.com\\\/2017\\\/02\\\/waldpost_titel_neu.png\",\"contentUrl\":\"https:\\\/\\\/boeimigenaturprojektedotch.files.wordpress.com\\\/2017\\\/02\\\/waldpost_titel_neu.png\"},{\"@type\":\"BreadcrumbList\",\"@id\":\"https:\\\/\\\/boeimige.ch\\\/?p=1208#breadcrumb\",\"itemListElement\":[{\"@type\":\"ListItem\",\"position\":1,\"name\":\"Start\",\"item\":\"https:\\\/\\\/boeimige.ch\\\/\"},{\"@type\":\"ListItem\",\"position\":2,\"name\":\"Waldpost 1 | 2019\\\/20\"}]},{\"@type\":\"WebSite\",\"@id\":\"https:\\\/\\\/boeimige.ch\\\/#website\",\"url\":\"https:\\\/\\\/boeimige.ch\\\/\",\"name\":\"B\u00f6imige Naturprojekte\",\"description\":\"Waldspielgruppe und Walderlebnisse in Worb\",\"publisher\":{\"@id\":\"https:\\\/\\\/boeimige.ch\\\/#organization\"},\"potentialAction\":[{\"@type\":\"SearchAction\",\"target\":{\"@type\":\"EntryPoint\",\"urlTemplate\":\"https:\\\/\\\/boeimige.ch\\\/?s={search_term_string}\"},\"query-input\":{\"@type\":\"PropertyValueSpecification\",\"valueRequired\":true,\"valueName\":\"search_term_string\"}}],\"inLanguage\":\"de\"},{\"@type\":\"Organization\",\"@id\":\"https:\\\/\\\/boeimige.ch\\\/#organization\",\"name\":\"B\u00f6imige Naturprojekte\",\"url\":\"https:\\\/\\\/boeimige.ch\\\/\",\"logo\":{\"@type\":\"ImageObject\",\"inLanguage\":\"de\",\"@id\":\"https:\\\/\\\/boeimige.ch\\\/#\\\/schema\\\/logo\\\/image\\\/\",\"url\":\"https:\\\/\\\/boeimige.ch\\\/wp-content\\\/uploads\\\/2026\\\/08\\\/Logo-neu_farbig-scaled.png\",\"contentUrl\":\"https:\\\/\\\/boeimige.ch\\\/wp-content\\\/uploads\\\/2026\\\/08\\\/Logo-neu_farbig-scaled.png\",\"width\":2318,\"height\":2560,\"caption\":\"B\u00f6imige Naturprojekte\"},\"image\":{\"@id\":\"https:\\\/\\\/boeimige.ch\\\/#\\\/schema\\\/logo\\\/image\\\/\"},\"sameAs\":[\"https:\\\/\\\/www.facebook.com\\\/Eggwald3076\",\"https:\\\/\\\/www.instagram.com\\\/boeimige_waldspielgruppe?igsh=N2M2Ymt2bGVrYTEx&utm_source=qr\"]},{\"@type\":\"Person\",\"@id\":\"https:\\\/\\\/boeimige.ch\\\/#\\\/schema\\\/person\\\/9228b199a4bf1a502c3b3e0e368604f8\",\"name\":\"admin\",\"image\":{\"@type\":\"ImageObject\",\"inLanguage\":\"de\",\"@id\":\"https:\\\/\\\/secure.gravatar.com\\\/avatar\\\/b476a0bf638c3f6b12f015e2f56efbe5b26c86811ca104ed3790d31ece5b0833?s=96&d=mm&r=g\",\"url\":\"https:\\\/\\\/secure.gravatar.com\\\/avatar\\\/b476a0bf638c3f6b12f015e2f56efbe5b26c86811ca104ed3790d31ece5b0833?s=96&d=mm&r=g\",\"contentUrl\":\"https:\\\/\\\/secure.gravatar.com\\\/avatar\\\/b476a0bf638c3f6b12f015e2f56efbe5b26c86811ca104ed3790d31ece5b0833?s=96&d=mm&r=g\",\"caption\":\"admin\"},\"url\":\"https:\\\/\\\/boeimige.ch\\\/?author=1\"}]}<\/script>\n<!-- \/ Yoast SEO plugin. -->","yoast_head_json":{"title":"Waldpost 1 | 2019\/20 - B\u00f6imige Naturprojekte","robots":{"index":"index","follow":"follow","max-snippet":"max-snippet:-1","max-image-preview":"max-image-preview:large","max-video-preview":"max-video-preview:-1"},"canonical":"https:\/\/boeimige.ch\/?p=1208","og_locale":"de_DE","og_type":"article","og_title":"Waldpost 1 | 2019\/20 - B\u00f6imige Naturprojekte","og_description":"R\u00fcckblick aus den Waldgruppen Himug\u00fcegeli Schon drei Mal haben die neuen Eltern-Kind-Nachmittage stattgefunden. Das Angebot st\u00f6sst auf reges Interesse, es waren bis zu 11 Familien anwesend. Entsprechend lebendig und bunt waren die Nachmittage rund ums Waldsofa. Waldspielgruppe Eines Morgens als &hellip; Weiterlesen &rarr;","og_url":"https:\/\/boeimige.ch\/?p=1208","og_site_name":"B\u00f6imige Naturprojekte","article_publisher":"https:\/\/www.facebook.com\/Eggwald3076","article_published_time":"2019-11-20T19:04:29+00:00","og_image":[{"url":"https:\/\/boeimige.ch\/wp-content\/uploads\/2019\/11\/img_1010-150x150.jpg","type":"","width":"","height":""}],"author":"admin","twitter_card":"summary_large_image","twitter_misc":{"Verfasst von":"admin","Gesch\u00e4tzte Lesezeit":"5\u00a0Minuten"},"schema":{"@context":"https:\/\/schema.org","@graph":[{"@type":"Article","@id":"https:\/\/boeimige.ch\/?p=1208#article","isPartOf":{"@id":"https:\/\/boeimige.ch\/?p=1208"},"author":{"name":"admin","@id":"https:\/\/boeimige.ch\/#\/schema\/person\/9228b199a4bf1a502c3b3e0e368604f8"},"headline":"Waldpost 1 | 2019\/20","datePublished":"2019-11-20T19:04:29+00:00","mainEntityOfPage":{"@id":"https:\/\/boeimige.ch\/?p=1208"},"wordCount":911,"publisher":{"@id":"https:\/\/boeimige.ch\/#organization"},"image":{"@id":"https:\/\/boeimige.ch\/?p=1208#primaryimage"},"thumbnailUrl":"https:\/\/boeimigenaturprojektedotch.files.wordpress.com\/2017\/02\/waldpost_titel_neu.png","articleSection":["Waldpost"],"inLanguage":"de"},{"@type":"WebPage","@id":"https:\/\/boeimige.ch\/?p=1208","url":"https:\/\/boeimige.ch\/?p=1208","name":"Waldpost 1 | 2019\/20 - B\u00f6imige Naturprojekte","isPartOf":{"@id":"https:\/\/boeimige.ch\/#website"},"primaryImageOfPage":{"@id":"https:\/\/boeimige.ch\/?p=1208#primaryimage"},"image":{"@id":"https:\/\/boeimige.ch\/?p=1208#primaryimage"},"thumbnailUrl":"https:\/\/boeimigenaturprojektedotch.files.wordpress.com\/2017\/02\/waldpost_titel_neu.png","datePublished":"2019-11-20T19:04:29+00:00","breadcrumb":{"@id":"https:\/\/boeimige.ch\/?p=1208#breadcrumb"},"inLanguage":"de","potentialAction":[{"@type":"ReadAction","target":["https:\/\/boeimige.ch\/?p=1208"]}]},{"@type":"ImageObject","inLanguage":"de","@id":"https:\/\/boeimige.ch\/?p=1208#primaryimage","url":"https:\/\/boeimigenaturprojektedotch.files.wordpress.com\/2017\/02\/waldpost_titel_neu.png","contentUrl":"https:\/\/boeimigenaturprojektedotch.files.wordpress.com\/2017\/02\/waldpost_titel_neu.png"},{"@type":"BreadcrumbList","@id":"https:\/\/boeimige.ch\/?p=1208#breadcrumb","itemListElement":[{"@type":"ListItem","position":1,"name":"Start","item":"https:\/\/boeimige.ch\/"},{"@type":"ListItem","position":2,"name":"Waldpost 1 | 2019\/20"}]},{"@type":"WebSite","@id":"https:\/\/boeimige.ch\/#website","url":"https:\/\/boeimige.ch\/","name":"B\u00f6imige Naturprojekte","description":"Waldspielgruppe und Walderlebnisse in Worb","publisher":{"@id":"https:\/\/boeimige.ch\/#organization"},"potentialAction":[{"@type":"SearchAction","target":{"@type":"EntryPoint","urlTemplate":"https:\/\/boeimige.ch\/?s={search_term_string}"},"query-input":{"@type":"PropertyValueSpecification","valueRequired":true,"valueName":"search_term_string"}}],"inLanguage":"de"},{"@type":"Organization","@id":"https:\/\/boeimige.ch\/#organization","name":"B\u00f6imige Naturprojekte","url":"https:\/\/boeimige.ch\/","logo":{"@type":"ImageObject","inLanguage":"de","@id":"https:\/\/boeimige.ch\/#\/schema\/logo\/image\/","url":"https:\/\/boeimige.ch\/wp-content\/uploads\/2026\/08\/Logo-neu_farbig-scaled.png","contentUrl":"https:\/\/boeimige.ch\/wp-content\/uploads\/2026\/08\/Logo-neu_farbig-scaled.png","width":2318,"height":2560,"caption":"B\u00f6imige Naturprojekte"},"image":{"@id":"https:\/\/boeimige.ch\/#\/schema\/logo\/image\/"},"sameAs":["https:\/\/www.facebook.com\/Eggwald3076","https:\/\/www.instagram.com\/boeimige_waldspielgruppe?igsh=N2M2Ymt2bGVrYTEx&utm_source=qr"]},{"@type":"Person","@id":"https:\/\/boeimige.ch\/#\/schema\/person\/9228b199a4bf1a502c3b3e0e368604f8","name":"admin","image":{"@type":"ImageObject","inLanguage":"de","@id":"https:\/\/secure.gravatar.com\/avatar\/b476a0bf638c3f6b12f015e2f56efbe5b26c86811ca104ed3790d31ece5b0833?s=96&d=mm&r=g","url":"https:\/\/secure.gravatar.com\/avatar\/b476a0bf638c3f6b12f015e2f56efbe5b26c86811ca104ed3790d31ece5b0833?s=96&d=mm&r=g","contentUrl":"https:\/\/secure.gravatar.com\/avatar\/b476a0bf638c3f6b12f015e2f56efbe5b26c86811ca104ed3790d31ece5b0833?s=96&d=mm&r=g","caption":"admin"},"url":"https:\/\/boeimige.ch\/?author=1"}]}},"_links":{"self":[{"href":"https:\/\/boeimige.ch\/index.php?rest_route=\/wp\/v2\/posts\/1208","targetHints":{"allow":["GET"]}}],"collection":[{"href":"https:\/\/boeimige.ch\/index.php?rest_route=\/wp\/v2\/posts"}],"about":[{"href":"https:\/\/boeimige.ch\/index.php?rest_route=\/wp\/v2\/types\/post"}],"author":[{"embeddable":true,"href":"https:\/\/boeimige.ch\/index.php?rest_route=\/wp\/v2\/users\/1"}],"replies":[{"embeddable":true,"href":"https:\/\/boeimige.ch\/index.php?rest_route=%2Fwp%2Fv2%2Fcomments&post=1208"}],"version-history":[{"count":0,"href":"https:\/\/boeimige.ch\/index.php?rest_route=\/wp\/v2\/posts\/1208\/revisions"}],"wp:attachment":[{"href":"https:\/\/boeimige.ch\/index.php?rest_route=%2Fwp%2Fv2%2Fmedia&parent=1208"}],"wp:term":[{"taxonomy":"category","embeddable":true,"href":"https:\/\/boeimige.ch\/index.php?rest_route=%2Fwp%2Fv2%2Fcategories&post=1208"},{"taxonomy":"post_tag","embeddable":true,"href":"https:\/\/boeimige.ch\/index.php?rest_route=%2Fwp%2Fv2%2Ftags&post=1208"}],"curies":[{"name":"wp","href":"https:\/\/api.w.org\/{rel}","templated":true}]}}