{"id":1244,"date":"2020-01-27T19:19:30","date_gmt":"2020-01-27T18:19:30","guid":{"rendered":"http:\/\/boeimige.ch\/?p=1244"},"modified":"2020-01-27T19:19:30","modified_gmt":"2020-01-27T18:19:30","slug":"waldpost-2-2019-20","status":"publish","type":"post","link":"https:\/\/boeimige.ch\/?p=1244","title":{"rendered":"Waldpost 2 | 2019\/20"},"content":{"rendered":"<p><img loading=\"lazy\" decoding=\"async\" class=\"alignnone size-full wp-image-569\" src=\"https:\/\/boeimigenaturprojektedotch.files.wordpress.com\/2017\/02\/waldpost_titel_neu.png\" alt=\"waldpost_titel_neu\" width=\"740\" height=\"120\" srcset=\"https:\/\/boeimige.ch\/wp-content\/uploads\/2017\/02\/waldpost_titel_neu.png 740w, https:\/\/boeimige.ch\/wp-content\/uploads\/2017\/02\/waldpost_titel_neu-300x49.png 300w\" sizes=\"auto, (max-width: 740px) 100vw, 740px\" \/><\/p>\n<p class=\"western\"><strong><span style=\"text-decoration:underline;\">R\u00fcckblick aus den Waldgruppe<img loading=\"lazy\" decoding=\"async\" class=\"alignright size-full wp-image-1250\" src=\"https:\/\/boeimigenaturprojektedotch.files.wordpress.com\/2020\/01\/img_11741-e1580143764835.jpg?w=146\" alt=\"IMG_1174[1]\" width=\"146\" height=\"179\" \/>n<\/span><\/strong><\/p>\n<p class=\"western\"><i>Waldspielgruppe<\/i><br \/>\nNat\u00fcrlich gab es auch im Wald einen Weihnachtsbaum &#8211; f\u00fcr die Waldtiere und den Eiskobold. Die mit Blattformen bedruckten Stoffs\u00e4ckli nahmen die Kinder als Geschenke nach Hause.<\/p>\n<p><img loading=\"lazy\" decoding=\"async\" class=\"  wp-image-1243 alignleft\" src=\"https:\/\/boeimigenaturprojektedotch.files.wordpress.com\/2020\/01\/boeimige200116-2.jpg\" alt=\"Boeimige200116-2\" width=\"245\" height=\"172\" \/><\/p>\n<p>Auch wenn die sch\u00f6ne Bl\u00e4tterpracht vom Herbst schon lange vorbei ist, ist das Spiel mit den raschelnden Bl\u00e4ttern noch hoch im Kurs. Schon mal ein \u201eBl\u00e4tter-\u00c4ngeli\u201c gemacht? Das funktioniert wunderbar!<\/p>\n<p><i>Walderlebnisse F\u00fcchse <\/i><br \/>\nIm Januar wurde bei den F\u00fcchsen fleissig ges\u00e4gt und geschnitzt. Die einen wollten aus einem etwa 10cm dicken Baumstamm einen lebendgrossen Fuchs bauen. Das brauchte sehr viel Geduld und Durchhaltewillen, um diesen zu zers\u00e4gen. Nach einer halben Ewigkeit war es aber geschafft und der Stamm konnte mit anderen Werkzeugen weiterbearbeitet werden. Andere widmeten sich dem Schnitzen und bearbeiteten Stecken bis der perfekte Br\u00e4tlistecken entstand, mit dem anschliessend ein feiner Cervelat gebr\u00e4telt werden konnte.<\/p>\n<p><span style=\"text-decoration:underline;\"><strong>Ausblick<\/strong><\/span><\/p>\n<p><i>Himug\u00fcegeli<\/i><br \/>\nAm Mittwoch, 5. Februar treffen wir uns wieder ab 14.30h f\u00fcr die Himug\u00fcegeli. Wir freuen uns \u00fcber bekannte wie auch \u00fcber neue Familien. Anmeldungen sind wie gewohnt bis am Vorabend per SMS m\u00f6glich. Nachher geht es an folgenden Daten weiter: 4.3. \/ 8.4. \/ 6.5. \/ 3.6. \/1.7. <a href=\"https:\/\/boeimige.ch\/angebot\/eltern-kindgruppe-himugueegeli\/\">Weitere Infos<\/a><\/p>\n<p><em><a name=\"_GoBack\"><\/a> <\/em><img loading=\"lazy\" decoding=\"async\" class=\"  wp-image-1141 alignright\" src=\"https:\/\/boeimigenaturprojektedotch.files.wordpress.com\/2019\/05\/dsc_2441.jpg\" alt=\"DSC_2441\" width=\"237\" height=\"159\" \/><em>Waldspielgruppe<\/em><br \/>\nNach den Sportferien Anfang M\u00e4rz starten neue Kinder in die Waldspielgruppe. Ein paar wenige Pl\u00e4tze sind noch frei, wer sich noch anmelden m\u00f6chte, findet hier das <a title=\"Anmeldung_Waldspielgruppe 1119\" href=\"https:\/\/boeimigenaturprojektedotch.files.wordpress.com\/2020\/01\/anmeldung_waldspielgruppe-1119.pdf\">Anmeldeformular<\/a>. Dr Schn\u00e4ller isch dr Gschwinder!<br \/>\nAuch bereits anmelden k\u00f6nnt ihr eure Kinder f\u00fcr den Start nach den Sommerferien Mitte August mit dem gleichen <a title=\"Anmeldung_Waldspielgruppe 1119\" href=\"https:\/\/boeimigenaturprojektedotch.files.wordpress.com\/2020\/01\/anmeldung_waldspielgruppe-1119.pdf\">Anmeldeformular<\/a>. Auch hier vergeben wir die Pl\u00e4tze nach Posteingang.<\/p>\n<p>Am Do, 5. M\u00e4rz sowie am Do, 23. April bieten wir unverbindliche und kostenlose Schnuppertage an. Interessierte Familien sind\u00a0 herzlich willkommen, die B\u00f6imige Waldspielgruppe kennen zu lernen. Eine kurze Anmeldung per Mail, SMS oder Telefon reicht aus. Wir freuen uns auf viele neue Gesichter!<\/p>\n<p><em>Walderlebnisse F\u00fcchse<\/em><br \/>\nF\u00fcr die Walderlebnisse am Samstag gibt es noch drei Mal die Gelegenheit teilzunehmen, auch Besuche von einzelnen Malen sind nach wie vor erw\u00fcnscht! Die Daten: 14. M\u00e4rz, 25. April und 9. Mai 2020<\/p>\n<p><em>Ferienspass<\/em><br \/>\nEin spannender Ferienspasstag am Mi, 15. April f\u00fchrt uns ins Reich der kleinen Krabbeltiere des Waldes. Wir entdecken Spinnen, K\u00e4fer und anderes Getier, wir forschen mit Lupen und erleben wie es sich anf\u00fchlt als Spinne in einem Netz zu h\u00e4ngen.<br \/>\nAm Do, 16. April findet nachmittags eine unkomplizierte Waldzeit statt. Ideal f\u00fcr Kinder, die einfach mal wieder ohne viel Programm im Wald sein und spielen wollen.<br \/>\nMehr Infos zu beiden Veranstaltungen findest du <a href=\"https:\/\/boeimige.ch\/angebot\/ferienspasstage\/\">hier<\/a>.<\/p>\n<p><em>Anl\u00e4sse<\/em><br \/>\nDer n\u00e4chste Familienanalss findet am Mi, 25. M\u00e4rz statt.\u00a0 An diesem Nachmittag wollen wir unserer Kreativit\u00e4t freien Lauf lassen und Fahnen und Wimpel farbig bemalen. Ziel ist es, ein Aush\u00e4ngeschild zu gestalten, mit dem wir unseren Verein farbiger pr\u00e4sentieren k\u00f6nnen. Hilf mit und hinterlass deine Spuren bei den B\u00f6imigen Naturprojekten!<\/p>\n<p>Vom Fr, 12. auf den Sa, 13. Juni \u00fcbernachten wir im Wald! Wir freuen uns, wenn sich dieses Jahr die eine oder andere Familie mehr zum Team dazu gesellt \ud83d\ude42<\/p>\n<p>In Zusammenarbeit mit dem <a href=\"http:\/\/www.worbinterkulturell.ch\/\">interkulturellen Frauentreff Worb<\/a> bieten wir zwei Veranstaltungen an. Wir freuen uns, wenn auch Waldfamilien mit dabei sind.<br \/>\nMo, 23. M\u00e4rz:\u00a0\u00a0\u00a0\u00a0 Treff zum Thema &#8222;Naturerleben im Dorf&#8220;<br \/>\nSo, 26. April:\u00a0\u00a0\u00a0\u00a0\u00a0 Ausflug in den Wald<\/p>\n<p>&nbsp;<\/p>\n<p class=\"western\"><span style=\"text-decoration:underline;\"><strong>Weiteres<\/strong><\/span><\/p>\n<p><em>Vorstandsmitglied gesucht<\/em><br \/>\nDie Suche nach einem Vorstandsmitglied ist noch nicht abgeschlossen, interessierte Personen k\u00f6nnen sich nach wie vor gerne melden! <a href=\"https:\/\/boeimige.ch\/2019\/11\/19\/vorstands-und-teammitglied-gesucht\/\">Mehr Infos<\/a><\/p>\n","protected":false},"excerpt":{"rendered":"<p>R\u00fcckblick aus den Waldgruppen Waldspielgruppe Nat\u00fcrlich gab es auch im Wald einen Weihnachtsbaum &#8211; f\u00fcr die Waldtiere und den Eiskobold. Die mit Blattformen bedruckten Stoffs\u00e4ckli nahmen die Kinder als Geschenke nach Hause. Auch wenn die sch\u00f6ne Bl\u00e4tterpracht vom Herbst schon &hellip; <a href=\"https:\/\/boeimige.ch\/?p=1244\">Weiterlesen <span class=\"meta-nav\">&rarr;<\/span><\/a><\/p>\n","protected":false},"author":1,"featured_media":0,"comment_status":"closed","ping_status":"closed","sticky":false,"template":"","format":"standard","meta":{"footnotes":""},"categories":[6],"tags":[],"class_list":["post-1244","post","type-post","status-publish","format-standard","hentry","category-waldpost"],"yoast_head":"<!-- This site is optimized with the Yoast SEO plugin v28.3 - https:\/\/yoast.com\/product\/yoast-seo-wordpress\/ -->\n<title>Waldpost 2 | 2019\/20 - B\u00f6imige Naturprojekte<\/title>\n<meta name=\"robots\" content=\"index, follow, max-snippet:-1, max-image-preview:large, max-video-preview:-1\" \/>\n<link rel=\"canonical\" href=\"https:\/\/boeimige.ch\/?p=1244\" \/>\n<meta property=\"og:locale\" content=\"de_DE\" \/>\n<meta property=\"og:type\" content=\"article\" \/>\n<meta property=\"og:title\" content=\"Waldpost 2 | 2019\/20 - B\u00f6imige Naturprojekte\" \/>\n<meta property=\"og:description\" content=\"R\u00fcckblick aus den Waldgruppen Waldspielgruppe Nat\u00fcrlich gab es auch im Wald einen Weihnachtsbaum &#8211; f\u00fcr die Waldtiere und den Eiskobold. Die mit Blattformen bedruckten Stoffs\u00e4ckli nahmen die Kinder als Geschenke nach Hause. Auch wenn die sch\u00f6ne Bl\u00e4tterpracht vom Herbst schon &hellip; Weiterlesen &rarr;\" \/>\n<meta property=\"og:url\" content=\"https:\/\/boeimige.ch\/?p=1244\" \/>\n<meta property=\"og:site_name\" content=\"B\u00f6imige Naturprojekte\" \/>\n<meta property=\"article:publisher\" content=\"https:\/\/www.facebook.com\/Eggwald3076\" \/>\n<meta property=\"article:published_time\" content=\"2020-01-27T18:19:30+00:00\" \/>\n<meta property=\"og:image\" content=\"https:\/\/boeimige.ch\/wp-content\/uploads\/2017\/02\/waldpost_titel_neu.png\" \/>\n\t<meta property=\"og:image:width\" content=\"740\" \/>\n\t<meta property=\"og:image:height\" content=\"120\" \/>\n\t<meta property=\"og:image:type\" content=\"image\/png\" \/>\n<meta name=\"author\" content=\"admin\" \/>\n<meta name=\"twitter:card\" content=\"summary_large_image\" \/>\n<meta name=\"twitter:label1\" content=\"Verfasst von\" \/>\n\t<meta name=\"twitter:data1\" content=\"admin\" \/>\n\t<meta name=\"twitter:label2\" content=\"Gesch\u00e4tzte Lesezeit\" \/>\n\t<meta name=\"twitter:data2\" content=\"3\u00a0Minuten\" \/>\n<script type=\"application\/ld+json\" class=\"yoast-schema-graph\">{\"@context\":\"https:\\\/\\\/schema.org\",\"@graph\":[{\"@type\":\"Article\",\"@id\":\"https:\\\/\\\/boeimige.ch\\\/?p=1244#article\",\"isPartOf\":{\"@id\":\"https:\\\/\\\/boeimige.ch\\\/?p=1244\"},\"author\":{\"name\":\"admin\",\"@id\":\"https:\\\/\\\/boeimige.ch\\\/#\\\/schema\\\/person\\\/9228b199a4bf1a502c3b3e0e368604f8\"},\"headline\":\"Waldpost 2 | 2019\\\/20\",\"datePublished\":\"2020-01-27T18:19:30+00:00\",\"mainEntityOfPage\":{\"@id\":\"https:\\\/\\\/boeimige.ch\\\/?p=1244\"},\"wordCount\":570,\"publisher\":{\"@id\":\"https:\\\/\\\/boeimige.ch\\\/#organization\"},\"image\":{\"@id\":\"https:\\\/\\\/boeimige.ch\\\/?p=1244#primaryimage\"},\"thumbnailUrl\":\"https:\\\/\\\/boeimigenaturprojektedotch.files.wordpress.com\\\/2017\\\/02\\\/waldpost_titel_neu.png\",\"articleSection\":[\"Waldpost\"],\"inLanguage\":\"de\"},{\"@type\":\"WebPage\",\"@id\":\"https:\\\/\\\/boeimige.ch\\\/?p=1244\",\"url\":\"https:\\\/\\\/boeimige.ch\\\/?p=1244\",\"name\":\"Waldpost 2 | 2019\\\/20 - B\u00f6imige Naturprojekte\",\"isPartOf\":{\"@id\":\"https:\\\/\\\/boeimige.ch\\\/#website\"},\"primaryImageOfPage\":{\"@id\":\"https:\\\/\\\/boeimige.ch\\\/?p=1244#primaryimage\"},\"image\":{\"@id\":\"https:\\\/\\\/boeimige.ch\\\/?p=1244#primaryimage\"},\"thumbnailUrl\":\"https:\\\/\\\/boeimigenaturprojektedotch.files.wordpress.com\\\/2017\\\/02\\\/waldpost_titel_neu.png\",\"datePublished\":\"2020-01-27T18:19:30+00:00\",\"breadcrumb\":{\"@id\":\"https:\\\/\\\/boeimige.ch\\\/?p=1244#breadcrumb\"},\"inLanguage\":\"de\",\"potentialAction\":[{\"@type\":\"ReadAction\",\"target\":[\"https:\\\/\\\/boeimige.ch\\\/?p=1244\"]}]},{\"@type\":\"ImageObject\",\"inLanguage\":\"de\",\"@id\":\"https:\\\/\\\/boeimige.ch\\\/?p=1244#primaryimage\",\"url\":\"https:\\\/\\\/boeimigenaturprojektedotch.files.wordpress.com\\\/2017\\\/02\\\/waldpost_titel_neu.png\",\"contentUrl\":\"https:\\\/\\\/boeimigenaturprojektedotch.files.wordpress.com\\\/2017\\\/02\\\/waldpost_titel_neu.png\"},{\"@type\":\"BreadcrumbList\",\"@id\":\"https:\\\/\\\/boeimige.ch\\\/?p=1244#breadcrumb\",\"itemListElement\":[{\"@type\":\"ListItem\",\"position\":1,\"name\":\"Start\",\"item\":\"https:\\\/\\\/boeimige.ch\\\/\"},{\"@type\":\"ListItem\",\"position\":2,\"name\":\"Waldpost 2 | 2019\\\/20\"}]},{\"@type\":\"WebSite\",\"@id\":\"https:\\\/\\\/boeimige.ch\\\/#website\",\"url\":\"https:\\\/\\\/boeimige.ch\\\/\",\"name\":\"B\u00f6imige Naturprojekte\",\"description\":\"Waldspielgruppe und Walderlebnisse in Worb\",\"publisher\":{\"@id\":\"https:\\\/\\\/boeimige.ch\\\/#organization\"},\"potentialAction\":[{\"@type\":\"SearchAction\",\"target\":{\"@type\":\"EntryPoint\",\"urlTemplate\":\"https:\\\/\\\/boeimige.ch\\\/?s={search_term_string}\"},\"query-input\":{\"@type\":\"PropertyValueSpecification\",\"valueRequired\":true,\"valueName\":\"search_term_string\"}}],\"inLanguage\":\"de\"},{\"@type\":\"Organization\",\"@id\":\"https:\\\/\\\/boeimige.ch\\\/#organization\",\"name\":\"B\u00f6imige Naturprojekte\",\"url\":\"https:\\\/\\\/boeimige.ch\\\/\",\"logo\":{\"@type\":\"ImageObject\",\"inLanguage\":\"de\",\"@id\":\"https:\\\/\\\/boeimige.ch\\\/#\\\/schema\\\/logo\\\/image\\\/\",\"url\":\"https:\\\/\\\/boeimige.ch\\\/wp-content\\\/uploads\\\/2026\\\/08\\\/Logo-neu_farbig-scaled.png\",\"contentUrl\":\"https:\\\/\\\/boeimige.ch\\\/wp-content\\\/uploads\\\/2026\\\/08\\\/Logo-neu_farbig-scaled.png\",\"width\":2318,\"height\":2560,\"caption\":\"B\u00f6imige Naturprojekte\"},\"image\":{\"@id\":\"https:\\\/\\\/boeimige.ch\\\/#\\\/schema\\\/logo\\\/image\\\/\"},\"sameAs\":[\"https:\\\/\\\/www.facebook.com\\\/Eggwald3076\",\"https:\\\/\\\/www.instagram.com\\\/boeimige_waldspielgruppe?igsh=N2M2Ymt2bGVrYTEx&utm_source=qr\"]},{\"@type\":\"Person\",\"@id\":\"https:\\\/\\\/boeimige.ch\\\/#\\\/schema\\\/person\\\/9228b199a4bf1a502c3b3e0e368604f8\",\"name\":\"admin\",\"image\":{\"@type\":\"ImageObject\",\"inLanguage\":\"de\",\"@id\":\"https:\\\/\\\/secure.gravatar.com\\\/avatar\\\/b476a0bf638c3f6b12f015e2f56efbe5b26c86811ca104ed3790d31ece5b0833?s=96&d=mm&r=g\",\"url\":\"https:\\\/\\\/secure.gravatar.com\\\/avatar\\\/b476a0bf638c3f6b12f015e2f56efbe5b26c86811ca104ed3790d31ece5b0833?s=96&d=mm&r=g\",\"contentUrl\":\"https:\\\/\\\/secure.gravatar.com\\\/avatar\\\/b476a0bf638c3f6b12f015e2f56efbe5b26c86811ca104ed3790d31ece5b0833?s=96&d=mm&r=g\",\"caption\":\"admin\"},\"url\":\"https:\\\/\\\/boeimige.ch\\\/?author=1\"}]}<\/script>\n<!-- \/ Yoast SEO plugin. -->","yoast_head_json":{"title":"Waldpost 2 | 2019\/20 - B\u00f6imige Naturprojekte","robots":{"index":"index","follow":"follow","max-snippet":"max-snippet:-1","max-image-preview":"max-image-preview:large","max-video-preview":"max-video-preview:-1"},"canonical":"https:\/\/boeimige.ch\/?p=1244","og_locale":"de_DE","og_type":"article","og_title":"Waldpost 2 | 2019\/20 - B\u00f6imige Naturprojekte","og_description":"R\u00fcckblick aus den Waldgruppen Waldspielgruppe Nat\u00fcrlich gab es auch im Wald einen Weihnachtsbaum &#8211; f\u00fcr die Waldtiere und den Eiskobold. Die mit Blattformen bedruckten Stoffs\u00e4ckli nahmen die Kinder als Geschenke nach Hause. Auch wenn die sch\u00f6ne Bl\u00e4tterpracht vom Herbst schon &hellip; Weiterlesen &rarr;","og_url":"https:\/\/boeimige.ch\/?p=1244","og_site_name":"B\u00f6imige Naturprojekte","article_publisher":"https:\/\/www.facebook.com\/Eggwald3076","article_published_time":"2020-01-27T18:19:30+00:00","og_image":[{"width":740,"height":120,"url":"https:\/\/boeimige.ch\/wp-content\/uploads\/2017\/02\/waldpost_titel_neu.png","type":"image\/png"}],"author":"admin","twitter_card":"summary_large_image","twitter_misc":{"Verfasst von":"admin","Gesch\u00e4tzte Lesezeit":"3\u00a0Minuten"},"schema":{"@context":"https:\/\/schema.org","@graph":[{"@type":"Article","@id":"https:\/\/boeimige.ch\/?p=1244#article","isPartOf":{"@id":"https:\/\/boeimige.ch\/?p=1244"},"author":{"name":"admin","@id":"https:\/\/boeimige.ch\/#\/schema\/person\/9228b199a4bf1a502c3b3e0e368604f8"},"headline":"Waldpost 2 | 2019\/20","datePublished":"2020-01-27T18:19:30+00:00","mainEntityOfPage":{"@id":"https:\/\/boeimige.ch\/?p=1244"},"wordCount":570,"publisher":{"@id":"https:\/\/boeimige.ch\/#organization"},"image":{"@id":"https:\/\/boeimige.ch\/?p=1244#primaryimage"},"thumbnailUrl":"https:\/\/boeimigenaturprojektedotch.files.wordpress.com\/2017\/02\/waldpost_titel_neu.png","articleSection":["Waldpost"],"inLanguage":"de"},{"@type":"WebPage","@id":"https:\/\/boeimige.ch\/?p=1244","url":"https:\/\/boeimige.ch\/?p=1244","name":"Waldpost 2 | 2019\/20 - B\u00f6imige Naturprojekte","isPartOf":{"@id":"https:\/\/boeimige.ch\/#website"},"primaryImageOfPage":{"@id":"https:\/\/boeimige.ch\/?p=1244#primaryimage"},"image":{"@id":"https:\/\/boeimige.ch\/?p=1244#primaryimage"},"thumbnailUrl":"https:\/\/boeimigenaturprojektedotch.files.wordpress.com\/2017\/02\/waldpost_titel_neu.png","datePublished":"2020-01-27T18:19:30+00:00","breadcrumb":{"@id":"https:\/\/boeimige.ch\/?p=1244#breadcrumb"},"inLanguage":"de","potentialAction":[{"@type":"ReadAction","target":["https:\/\/boeimige.ch\/?p=1244"]}]},{"@type":"ImageObject","inLanguage":"de","@id":"https:\/\/boeimige.ch\/?p=1244#primaryimage","url":"https:\/\/boeimigenaturprojektedotch.files.wordpress.com\/2017\/02\/waldpost_titel_neu.png","contentUrl":"https:\/\/boeimigenaturprojektedotch.files.wordpress.com\/2017\/02\/waldpost_titel_neu.png"},{"@type":"BreadcrumbList","@id":"https:\/\/boeimige.ch\/?p=1244#breadcrumb","itemListElement":[{"@type":"ListItem","position":1,"name":"Start","item":"https:\/\/boeimige.ch\/"},{"@type":"ListItem","position":2,"name":"Waldpost 2 | 2019\/20"}]},{"@type":"WebSite","@id":"https:\/\/boeimige.ch\/#website","url":"https:\/\/boeimige.ch\/","name":"B\u00f6imige Naturprojekte","description":"Waldspielgruppe und Walderlebnisse in Worb","publisher":{"@id":"https:\/\/boeimige.ch\/#organization"},"potentialAction":[{"@type":"SearchAction","target":{"@type":"EntryPoint","urlTemplate":"https:\/\/boeimige.ch\/?s={search_term_string}"},"query-input":{"@type":"PropertyValueSpecification","valueRequired":true,"valueName":"search_term_string"}}],"inLanguage":"de"},{"@type":"Organization","@id":"https:\/\/boeimige.ch\/#organization","name":"B\u00f6imige Naturprojekte","url":"https:\/\/boeimige.ch\/","logo":{"@type":"ImageObject","inLanguage":"de","@id":"https:\/\/boeimige.ch\/#\/schema\/logo\/image\/","url":"https:\/\/boeimige.ch\/wp-content\/uploads\/2026\/08\/Logo-neu_farbig-scaled.png","contentUrl":"https:\/\/boeimige.ch\/wp-content\/uploads\/2026\/08\/Logo-neu_farbig-scaled.png","width":2318,"height":2560,"caption":"B\u00f6imige Naturprojekte"},"image":{"@id":"https:\/\/boeimige.ch\/#\/schema\/logo\/image\/"},"sameAs":["https:\/\/www.facebook.com\/Eggwald3076","https:\/\/www.instagram.com\/boeimige_waldspielgruppe?igsh=N2M2Ymt2bGVrYTEx&utm_source=qr"]},{"@type":"Person","@id":"https:\/\/boeimige.ch\/#\/schema\/person\/9228b199a4bf1a502c3b3e0e368604f8","name":"admin","image":{"@type":"ImageObject","inLanguage":"de","@id":"https:\/\/secure.gravatar.com\/avatar\/b476a0bf638c3f6b12f015e2f56efbe5b26c86811ca104ed3790d31ece5b0833?s=96&d=mm&r=g","url":"https:\/\/secure.gravatar.com\/avatar\/b476a0bf638c3f6b12f015e2f56efbe5b26c86811ca104ed3790d31ece5b0833?s=96&d=mm&r=g","contentUrl":"https:\/\/secure.gravatar.com\/avatar\/b476a0bf638c3f6b12f015e2f56efbe5b26c86811ca104ed3790d31ece5b0833?s=96&d=mm&r=g","caption":"admin"},"url":"https:\/\/boeimige.ch\/?author=1"}]}},"_links":{"self":[{"href":"https:\/\/boeimige.ch\/index.php?rest_route=\/wp\/v2\/posts\/1244","targetHints":{"allow":["GET"]}}],"collection":[{"href":"https:\/\/boeimige.ch\/index.php?rest_route=\/wp\/v2\/posts"}],"about":[{"href":"https:\/\/boeimige.ch\/index.php?rest_route=\/wp\/v2\/types\/post"}],"author":[{"embeddable":true,"href":"https:\/\/boeimige.ch\/index.php?rest_route=\/wp\/v2\/users\/1"}],"replies":[{"embeddable":true,"href":"https:\/\/boeimige.ch\/index.php?rest_route=%2Fwp%2Fv2%2Fcomments&post=1244"}],"version-history":[{"count":0,"href":"https:\/\/boeimige.ch\/index.php?rest_route=\/wp\/v2\/posts\/1244\/revisions"}],"wp:attachment":[{"href":"https:\/\/boeimige.ch\/index.php?rest_route=%2Fwp%2Fv2%2Fmedia&parent=1244"}],"wp:term":[{"taxonomy":"category","embeddable":true,"href":"https:\/\/boeimige.ch\/index.php?rest_route=%2Fwp%2Fv2%2Fcategories&post=1244"},{"taxonomy":"post_tag","embeddable":true,"href":"https:\/\/boeimige.ch\/index.php?rest_route=%2Fwp%2Fv2%2Ftags&post=1244"}],"curies":[{"name":"wp","href":"https:\/\/api.w.org\/{rel}","templated":true}]}}