{"id":1380,"date":"2020-08-26T15:24:36","date_gmt":"2020-08-26T14:24:36","guid":{"rendered":"http:\/\/boeimige.ch\/?p=1380"},"modified":"2020-08-26T15:24:36","modified_gmt":"2020-08-26T14:24:36","slug":"umgang-mit-corona","status":"publish","type":"post","link":"https:\/\/boeimige.ch\/?p=1380","title":{"rendered":"Umgang mit Corona"},"content":{"rendered":"<p>Nat\u00fcrlich hat sich auch bei unseren Angeboten mit dem Auftauchen des Corona-Virus einiges ver\u00e4ndert. Wir halten uns an die offiziellen Vorgaben.<\/p>\n<p><strong><u>Besuch der Waldangebote<\/u><\/strong><\/p>\n<ul>\n<li>Bei folgenden Symptomen darf ein Kind \/ ein Erwachsener die Waldangebote <strong>nicht<\/strong> besuchen: Husten, Kurzatmigkeit, Halsschmerzen, Geschmacksst\u00f6rungen, Fieber, Fiebergef\u00fchl oder Muskelschmerzen<\/li>\n<li>Ebenso der Angebote fernbleiben m\u00fcssen Kinder, welche in engem famili\u00e4rem Kontakt mit einer Person waren, die an COVID-19 erkrankt ist.<\/li>\n<li>Kinder, die w\u00e4hrend der Angebote Krankheitssymptomen zeigen, m\u00fcssen abgeholt werden.<\/li>\n<li>Wir f\u00fchren Pr\u00e4senzlisten und haben die Kontaktangaben von allen Beteiligten.<\/li>\n<li>Eltern sind angehalten uns zu melden, wenn ihr Kind einer Risikogruppe angeh\u00f6rt oder mit Personen zusammenwohnt, die zur Risikogruppe geh\u00f6ren.<\/li>\n<\/ul>\n<p>&nbsp;<\/p>\n<p><strong><u>Bringen\/Holen und Abst\u00e4nde<\/u><\/strong><\/p>\n<ul>\n<li>Alle werden aufgefordert, den Abstand von 1.5m zwischen Erwachsenen einzuhalten.<\/li>\n<li>Eltern werden angehalten, auf den Abstand zwischen Erwachsenen und \u00abfremden\u00bb Kindern zu achten.<\/li>\n<li>Kinder untereinander m\u00fcssen sich nicht an Abstandsregeln halten und sollen sich m\u00f6glichst normal in der Gruppe bewegen.<\/li>\n<\/ul>\n<p>&nbsp;<\/p>\n<p><strong><u>Weiteres<\/u><\/strong><\/p>\n<ul>\n<li>Wir sind so eingerichtet, dass alle regelm\u00e4ssig die H\u00e4nde mit Wasser und Seife waschen k\u00f6nnen. Jedes Person w\u00e4scht die H\u00e4nde bei Ankunft, vor dem Essen sowie nach dem Toilettengang.<\/li>\n<li>Die Kinder d\u00fcrfen den Zn\u00fcni nicht untereinander teilen.<\/li>\n<li>Alle Personen bringen eigenes Getr\u00e4nk, Teller und Besteck mit.<\/li>\n<li>Es gibt keine Selbstbedienbuffets, alle Lebensmittel werden mit Besteck gesch\u00f6pft.<\/li>\n<\/ul>\n<p>&nbsp;<\/p>\n","protected":false},"excerpt":{"rendered":"<p>Nat\u00fcrlich hat sich auch bei unseren Angeboten mit dem Auftauchen des Corona-Virus einiges ver\u00e4ndert. Wir halten uns an die offiziellen Vorgaben. Besuch der Waldangebote Bei folgenden Symptomen darf ein Kind \/ ein Erwachsener die Waldangebote nicht besuchen: Husten, Kurzatmigkeit, Halsschmerzen, &hellip; <a href=\"https:\/\/boeimige.ch\/?p=1380\">Weiterlesen <span class=\"meta-nav\">&rarr;<\/span><\/a><\/p>\n","protected":false},"author":1,"featured_media":0,"comment_status":"closed","ping_status":"closed","sticky":false,"template":"","format":"standard","meta":{"footnotes":""},"categories":[5],"tags":[],"class_list":["post-1380","post","type-post","status-publish","format-standard","hentry","category-allgemein"],"yoast_head":"<!-- This site is optimized with the Yoast SEO plugin v28.3 - https:\/\/yoast.com\/product\/yoast-seo-wordpress\/ -->\n<title>Umgang mit Corona - B\u00f6imige Naturprojekte<\/title>\n<meta name=\"robots\" content=\"index, follow, max-snippet:-1, max-image-preview:large, max-video-preview:-1\" \/>\n<link rel=\"canonical\" href=\"https:\/\/boeimige.ch\/?p=1380\" \/>\n<meta property=\"og:locale\" content=\"de_DE\" \/>\n<meta property=\"og:type\" content=\"article\" \/>\n<meta property=\"og:title\" content=\"Umgang mit Corona - B\u00f6imige Naturprojekte\" \/>\n<meta property=\"og:description\" content=\"Nat\u00fcrlich hat sich auch bei unseren Angeboten mit dem Auftauchen des Corona-Virus einiges ver\u00e4ndert. Wir halten uns an die offiziellen Vorgaben. Besuch der Waldangebote Bei folgenden Symptomen darf ein Kind \/ ein Erwachsener die Waldangebote nicht besuchen: Husten, Kurzatmigkeit, Halsschmerzen, &hellip; Weiterlesen &rarr;\" \/>\n<meta property=\"og:url\" content=\"https:\/\/boeimige.ch\/?p=1380\" \/>\n<meta property=\"og:site_name\" content=\"B\u00f6imige Naturprojekte\" \/>\n<meta property=\"article:publisher\" content=\"https:\/\/www.facebook.com\/Eggwald3076\" \/>\n<meta property=\"article:published_time\" content=\"2020-08-26T14:24:36+00:00\" \/>\n<meta name=\"author\" content=\"admin\" \/>\n<meta name=\"twitter:card\" content=\"summary_large_image\" \/>\n<meta name=\"twitter:label1\" content=\"Verfasst von\" \/>\n\t<meta name=\"twitter:data1\" content=\"admin\" \/>\n\t<meta name=\"twitter:label2\" content=\"Gesch\u00e4tzte Lesezeit\" \/>\n\t<meta name=\"twitter:data2\" content=\"1\u00a0Minute\" \/>\n<script type=\"application\/ld+json\" class=\"yoast-schema-graph\">{\"@context\":\"https:\\\/\\\/schema.org\",\"@graph\":[{\"@type\":\"Article\",\"@id\":\"https:\\\/\\\/boeimige.ch\\\/?p=1380#article\",\"isPartOf\":{\"@id\":\"https:\\\/\\\/boeimige.ch\\\/?p=1380\"},\"author\":{\"name\":\"admin\",\"@id\":\"https:\\\/\\\/boeimige.ch\\\/#\\\/schema\\\/person\\\/9228b199a4bf1a502c3b3e0e368604f8\"},\"headline\":\"Umgang mit Corona\",\"datePublished\":\"2020-08-26T14:24:36+00:00\",\"mainEntityOfPage\":{\"@id\":\"https:\\\/\\\/boeimige.ch\\\/?p=1380\"},\"wordCount\":235,\"publisher\":{\"@id\":\"https:\\\/\\\/boeimige.ch\\\/#organization\"},\"inLanguage\":\"de\"},{\"@type\":\"WebPage\",\"@id\":\"https:\\\/\\\/boeimige.ch\\\/?p=1380\",\"url\":\"https:\\\/\\\/boeimige.ch\\\/?p=1380\",\"name\":\"Umgang mit Corona - B\u00f6imige Naturprojekte\",\"isPartOf\":{\"@id\":\"https:\\\/\\\/boeimige.ch\\\/#website\"},\"datePublished\":\"2020-08-26T14:24:36+00:00\",\"breadcrumb\":{\"@id\":\"https:\\\/\\\/boeimige.ch\\\/?p=1380#breadcrumb\"},\"inLanguage\":\"de\",\"potentialAction\":[{\"@type\":\"ReadAction\",\"target\":[\"https:\\\/\\\/boeimige.ch\\\/?p=1380\"]}]},{\"@type\":\"BreadcrumbList\",\"@id\":\"https:\\\/\\\/boeimige.ch\\\/?p=1380#breadcrumb\",\"itemListElement\":[{\"@type\":\"ListItem\",\"position\":1,\"name\":\"Start\",\"item\":\"https:\\\/\\\/boeimige.ch\\\/\"},{\"@type\":\"ListItem\",\"position\":2,\"name\":\"Umgang mit Corona\"}]},{\"@type\":\"WebSite\",\"@id\":\"https:\\\/\\\/boeimige.ch\\\/#website\",\"url\":\"https:\\\/\\\/boeimige.ch\\\/\",\"name\":\"B\u00f6imige Naturprojekte\",\"description\":\"Waldspielgruppe und Walderlebnisse in Worb\",\"publisher\":{\"@id\":\"https:\\\/\\\/boeimige.ch\\\/#organization\"},\"potentialAction\":[{\"@type\":\"SearchAction\",\"target\":{\"@type\":\"EntryPoint\",\"urlTemplate\":\"https:\\\/\\\/boeimige.ch\\\/?s={search_term_string}\"},\"query-input\":{\"@type\":\"PropertyValueSpecification\",\"valueRequired\":true,\"valueName\":\"search_term_string\"}}],\"inLanguage\":\"de\"},{\"@type\":\"Organization\",\"@id\":\"https:\\\/\\\/boeimige.ch\\\/#organization\",\"name\":\"B\u00f6imige Naturprojekte\",\"url\":\"https:\\\/\\\/boeimige.ch\\\/\",\"logo\":{\"@type\":\"ImageObject\",\"inLanguage\":\"de\",\"@id\":\"https:\\\/\\\/boeimige.ch\\\/#\\\/schema\\\/logo\\\/image\\\/\",\"url\":\"https:\\\/\\\/boeimige.ch\\\/wp-content\\\/uploads\\\/2026\\\/08\\\/Logo-neu_farbig-scaled.png\",\"contentUrl\":\"https:\\\/\\\/boeimige.ch\\\/wp-content\\\/uploads\\\/2026\\\/08\\\/Logo-neu_farbig-scaled.png\",\"width\":2318,\"height\":2560,\"caption\":\"B\u00f6imige Naturprojekte\"},\"image\":{\"@id\":\"https:\\\/\\\/boeimige.ch\\\/#\\\/schema\\\/logo\\\/image\\\/\"},\"sameAs\":[\"https:\\\/\\\/www.facebook.com\\\/Eggwald3076\",\"https:\\\/\\\/www.instagram.com\\\/boeimige_waldspielgruppe?igsh=N2M2Ymt2bGVrYTEx&utm_source=qr\"]},{\"@type\":\"Person\",\"@id\":\"https:\\\/\\\/boeimige.ch\\\/#\\\/schema\\\/person\\\/9228b199a4bf1a502c3b3e0e368604f8\",\"name\":\"admin\",\"image\":{\"@type\":\"ImageObject\",\"inLanguage\":\"de\",\"@id\":\"https:\\\/\\\/secure.gravatar.com\\\/avatar\\\/b476a0bf638c3f6b12f015e2f56efbe5b26c86811ca104ed3790d31ece5b0833?s=96&d=mm&r=g\",\"url\":\"https:\\\/\\\/secure.gravatar.com\\\/avatar\\\/b476a0bf638c3f6b12f015e2f56efbe5b26c86811ca104ed3790d31ece5b0833?s=96&d=mm&r=g\",\"contentUrl\":\"https:\\\/\\\/secure.gravatar.com\\\/avatar\\\/b476a0bf638c3f6b12f015e2f56efbe5b26c86811ca104ed3790d31ece5b0833?s=96&d=mm&r=g\",\"caption\":\"admin\"},\"url\":\"https:\\\/\\\/boeimige.ch\\\/?author=1\"}]}<\/script>\n<!-- \/ Yoast SEO plugin. -->","yoast_head_json":{"title":"Umgang mit Corona - B\u00f6imige Naturprojekte","robots":{"index":"index","follow":"follow","max-snippet":"max-snippet:-1","max-image-preview":"max-image-preview:large","max-video-preview":"max-video-preview:-1"},"canonical":"https:\/\/boeimige.ch\/?p=1380","og_locale":"de_DE","og_type":"article","og_title":"Umgang mit Corona - B\u00f6imige Naturprojekte","og_description":"Nat\u00fcrlich hat sich auch bei unseren Angeboten mit dem Auftauchen des Corona-Virus einiges ver\u00e4ndert. Wir halten uns an die offiziellen Vorgaben. Besuch der Waldangebote Bei folgenden Symptomen darf ein Kind \/ ein Erwachsener die Waldangebote nicht besuchen: Husten, Kurzatmigkeit, Halsschmerzen, &hellip; Weiterlesen &rarr;","og_url":"https:\/\/boeimige.ch\/?p=1380","og_site_name":"B\u00f6imige Naturprojekte","article_publisher":"https:\/\/www.facebook.com\/Eggwald3076","article_published_time":"2020-08-26T14:24:36+00:00","author":"admin","twitter_card":"summary_large_image","twitter_misc":{"Verfasst von":"admin","Gesch\u00e4tzte Lesezeit":"1\u00a0Minute"},"schema":{"@context":"https:\/\/schema.org","@graph":[{"@type":"Article","@id":"https:\/\/boeimige.ch\/?p=1380#article","isPartOf":{"@id":"https:\/\/boeimige.ch\/?p=1380"},"author":{"name":"admin","@id":"https:\/\/boeimige.ch\/#\/schema\/person\/9228b199a4bf1a502c3b3e0e368604f8"},"headline":"Umgang mit Corona","datePublished":"2020-08-26T14:24:36+00:00","mainEntityOfPage":{"@id":"https:\/\/boeimige.ch\/?p=1380"},"wordCount":235,"publisher":{"@id":"https:\/\/boeimige.ch\/#organization"},"inLanguage":"de"},{"@type":"WebPage","@id":"https:\/\/boeimige.ch\/?p=1380","url":"https:\/\/boeimige.ch\/?p=1380","name":"Umgang mit Corona - B\u00f6imige Naturprojekte","isPartOf":{"@id":"https:\/\/boeimige.ch\/#website"},"datePublished":"2020-08-26T14:24:36+00:00","breadcrumb":{"@id":"https:\/\/boeimige.ch\/?p=1380#breadcrumb"},"inLanguage":"de","potentialAction":[{"@type":"ReadAction","target":["https:\/\/boeimige.ch\/?p=1380"]}]},{"@type":"BreadcrumbList","@id":"https:\/\/boeimige.ch\/?p=1380#breadcrumb","itemListElement":[{"@type":"ListItem","position":1,"name":"Start","item":"https:\/\/boeimige.ch\/"},{"@type":"ListItem","position":2,"name":"Umgang mit Corona"}]},{"@type":"WebSite","@id":"https:\/\/boeimige.ch\/#website","url":"https:\/\/boeimige.ch\/","name":"B\u00f6imige Naturprojekte","description":"Waldspielgruppe und Walderlebnisse in Worb","publisher":{"@id":"https:\/\/boeimige.ch\/#organization"},"potentialAction":[{"@type":"SearchAction","target":{"@type":"EntryPoint","urlTemplate":"https:\/\/boeimige.ch\/?s={search_term_string}"},"query-input":{"@type":"PropertyValueSpecification","valueRequired":true,"valueName":"search_term_string"}}],"inLanguage":"de"},{"@type":"Organization","@id":"https:\/\/boeimige.ch\/#organization","name":"B\u00f6imige Naturprojekte","url":"https:\/\/boeimige.ch\/","logo":{"@type":"ImageObject","inLanguage":"de","@id":"https:\/\/boeimige.ch\/#\/schema\/logo\/image\/","url":"https:\/\/boeimige.ch\/wp-content\/uploads\/2026\/08\/Logo-neu_farbig-scaled.png","contentUrl":"https:\/\/boeimige.ch\/wp-content\/uploads\/2026\/08\/Logo-neu_farbig-scaled.png","width":2318,"height":2560,"caption":"B\u00f6imige Naturprojekte"},"image":{"@id":"https:\/\/boeimige.ch\/#\/schema\/logo\/image\/"},"sameAs":["https:\/\/www.facebook.com\/Eggwald3076","https:\/\/www.instagram.com\/boeimige_waldspielgruppe?igsh=N2M2Ymt2bGVrYTEx&utm_source=qr"]},{"@type":"Person","@id":"https:\/\/boeimige.ch\/#\/schema\/person\/9228b199a4bf1a502c3b3e0e368604f8","name":"admin","image":{"@type":"ImageObject","inLanguage":"de","@id":"https:\/\/secure.gravatar.com\/avatar\/b476a0bf638c3f6b12f015e2f56efbe5b26c86811ca104ed3790d31ece5b0833?s=96&d=mm&r=g","url":"https:\/\/secure.gravatar.com\/avatar\/b476a0bf638c3f6b12f015e2f56efbe5b26c86811ca104ed3790d31ece5b0833?s=96&d=mm&r=g","contentUrl":"https:\/\/secure.gravatar.com\/avatar\/b476a0bf638c3f6b12f015e2f56efbe5b26c86811ca104ed3790d31ece5b0833?s=96&d=mm&r=g","caption":"admin"},"url":"https:\/\/boeimige.ch\/?author=1"}]}},"_links":{"self":[{"href":"https:\/\/boeimige.ch\/index.php?rest_route=\/wp\/v2\/posts\/1380","targetHints":{"allow":["GET"]}}],"collection":[{"href":"https:\/\/boeimige.ch\/index.php?rest_route=\/wp\/v2\/posts"}],"about":[{"href":"https:\/\/boeimige.ch\/index.php?rest_route=\/wp\/v2\/types\/post"}],"author":[{"embeddable":true,"href":"https:\/\/boeimige.ch\/index.php?rest_route=\/wp\/v2\/users\/1"}],"replies":[{"embeddable":true,"href":"https:\/\/boeimige.ch\/index.php?rest_route=%2Fwp%2Fv2%2Fcomments&post=1380"}],"version-history":[{"count":0,"href":"https:\/\/boeimige.ch\/index.php?rest_route=\/wp\/v2\/posts\/1380\/revisions"}],"wp:attachment":[{"href":"https:\/\/boeimige.ch\/index.php?rest_route=%2Fwp%2Fv2%2Fmedia&parent=1380"}],"wp:term":[{"taxonomy":"category","embeddable":true,"href":"https:\/\/boeimige.ch\/index.php?rest_route=%2Fwp%2Fv2%2Fcategories&post=1380"},{"taxonomy":"post_tag","embeddable":true,"href":"https:\/\/boeimige.ch\/index.php?rest_route=%2Fwp%2Fv2%2Ftags&post=1380"}],"curies":[{"name":"wp","href":"https:\/\/api.w.org\/{rel}","templated":true}]}}