{"id":1387,"date":"2020-08-26T16:10:13","date_gmt":"2020-08-26T15:10:13","guid":{"rendered":"http:\/\/boeimige.ch\/?p=1387"},"modified":"2020-08-26T16:10:13","modified_gmt":"2020-08-26T15:10:13","slug":"waldpost-1-2020-21","status":"publish","type":"post","link":"https:\/\/boeimige.ch\/?p=1387","title":{"rendered":"Waldpost 1 | 2020\/21"},"content":{"rendered":"<p><img loading=\"lazy\" decoding=\"async\" class=\"alignnone size-full wp-image-569\" src=\"https:\/\/boeimigenaturprojektedotch.files.wordpress.com\/2017\/02\/waldpost_titel_neu.png\" alt=\"waldpost_titel_neu\" width=\"740\" height=\"120\" srcset=\"https:\/\/boeimige.ch\/wp-content\/uploads\/2017\/02\/waldpost_titel_neu.png 740w, https:\/\/boeimige.ch\/wp-content\/uploads\/2017\/02\/waldpost_titel_neu-300x49.png 300w\" sizes=\"auto, (max-width: 740px) 100vw, 740px\" \/><i><\/i><\/p>\n<p><em><strong><span style=\"text-decoration:underline;\">Verst\u00e4rkung<\/span><\/strong><\/em><br \/>\nWir freuen uns sehr, dass unser Team und der Vorstand durch zwei b\u00f6imige Frauen gest\u00e4rkt wird: Sarah und Marianne.<\/p>\n<h5><img loading=\"lazy\" decoding=\"async\" class=\"  wp-image-1396 alignright\" src=\"https:\/\/boeimigenaturprojektedotch.files.wordpress.com\/2020\/08\/sarah-e1598453519717.jpg\" alt=\"sarah\" width=\"88\" height=\"87\" srcset=\"https:\/\/boeimige.ch\/wp-content\/uploads\/2020\/08\/sarah-e1598453519717.jpg 1363w, https:\/\/boeimige.ch\/wp-content\/uploads\/2020\/08\/sarah-e1598453519717-300x295.jpg 300w, https:\/\/boeimige.ch\/wp-content\/uploads\/2020\/08\/sarah-e1598453519717-1024x1007.jpg 1024w, https:\/\/boeimige.ch\/wp-content\/uploads\/2020\/08\/sarah-e1598453519717-150x150.jpg 150w, https:\/\/boeimige.ch\/wp-content\/uploads\/2020\/08\/sarah-e1598453519717-768x755.jpg 768w\" sizes=\"auto, (max-width: 88px) 100vw, 88px\" \/><\/h5>\n<p>Sarah Schwabe stellt sich zur Wahl in den Vorstand und leitet zusammen mit Nora die Walddetektive:<\/p>\n<h5><em>\u00abSchon als Kind liebte ich es, den Wald zu erforschen, mal wie ein Fuchs auf leisen Sohlen durchs Unterholz zu schleichen, mal wie ein Eichh\u00f6rnchen hoch in die B\u00e4ume zu klettern&#8230; <\/em><em>Auch heute noch, als Erwachsene, fasziniert mich der Wald stets aufs Neue und ich geniesse es immer wieder, an einem ruhigen Pl\u00e4tzli oder an einem sch\u00f6nen Lagerfeuer den Wald-Kl\u00e4ngen zu lauschen, die reiche Pflanzen- und Tierwelt mit allen Sinnen wahrzunehmen&#8230;\u00a0<\/em><br \/>\n<em>Immer wieder habe ich erlebt, welche positive Wirkung der Wald auf uns Menschen als einzelne und als Gruppe haben kann \u2013 es ist mir ein grosses Anliegen, in meinem (Berufs-)Alltag diese Begeisterung f\u00fcr den Lebensraum Wald an viele Kinder weiterzugeben und ihnen immer wieder die Gelegenheit zu bieten, unter den B\u00e4umen spielerisch die facettenreiche Natur entdecken zu d\u00fcrfen!\u00bb<\/em><\/h5>\n<h5><img loading=\"lazy\" decoding=\"async\" class=\"  wp-image-1282 alignright\" src=\"https:\/\/boeimigenaturprojektedotch.files.wordpress.com\/2020\/02\/20160608_152337259-e1581957436302.jpg\" alt=\"20160608_152337[259]\" width=\"65\" height=\"94\" srcset=\"https:\/\/boeimige.ch\/wp-content\/uploads\/2020\/02\/20160608_152337259-e1581957436302.jpg 691w, https:\/\/boeimige.ch\/wp-content\/uploads\/2020\/02\/20160608_152337259-e1581957436302-207x300.jpg 207w\" sizes=\"auto, (max-width: 65px) 100vw, 65px\" \/><\/h5>\n<p>Ebenfalls zur Wahl in den Vorstand stellt sich Marianne Grimm. Sie hat die Spielgruppe im letzten Halbjahr begleitet, springt spontan ein, zaubert Waldgeburtstage und Texte:<\/p>\n<h5><em>\u00abIch freue mich, dass ich nach meinem lehrreichen Praktikum bei den b\u00f6imigen Leiterinnen im Eggwald, hier nun selbst Wurzeln bilden und aktiv im Vorstand mitwirken darf. Bald habe ich damit das Waldspielgruppen-Diplom im Rucksack. Vielleicht feiern wir zusammen einen Kindergeburtstag, machen einen Baumspaziergang oder lauschen Geschichten am Feuer. B\u00f6imige Ideen gibt es viele!\u00bb<\/em><\/h5>\n<p><span style=\"text-decoration:underline;\"><strong><i>Waldspielgruppe<\/i><\/strong><\/span><\/p>\n<p class=\"western\"><img loading=\"lazy\" decoding=\"async\" class=\"  wp-image-1390 alignright\" src=\"https:\/\/boeimigenaturprojektedotch.files.wordpress.com\/2020\/08\/foto-wald.jpg\" alt=\"foto wald\" width=\"167\" height=\"113\" srcset=\"https:\/\/boeimige.ch\/wp-content\/uploads\/2020\/08\/foto-wald.jpg 2387w, https:\/\/boeimige.ch\/wp-content\/uploads\/2020\/08\/foto-wald-300x203.jpg 300w, https:\/\/boeimige.ch\/wp-content\/uploads\/2020\/08\/foto-wald-1024x694.jpg 1024w, https:\/\/boeimige.ch\/wp-content\/uploads\/2020\/08\/foto-wald-768x520.jpg 768w, https:\/\/boeimige.ch\/wp-content\/uploads\/2020\/08\/foto-wald-1536x1041.jpg 1536w, https:\/\/boeimige.ch\/wp-content\/uploads\/2020\/08\/foto-wald-2048x1387.jpg 2048w, https:\/\/boeimige.ch\/wp-content\/uploads\/2020\/08\/foto-wald-1568x1062.jpg 1568w\" sizes=\"auto, (max-width: 167px) 100vw, 167px\" \/>Die Waldspielgruppe ist gut gestartet! Die Tage sind intensiv und voll mit neuen Erfahrungen: Abl\u00f6sung von den Eltern, Feuer machen, das freie Spiel mit den anderen Kindern &#8211; und da ist auch noch Schnirggo Sammler, unser Wurzelwurm. Er wohnt in einer Wurzelh\u00f6hle und sammelt in seinen K\u00f6rbchen allerhand Waldsch\u00e4tze.<\/p>\n<p>Eine gute Eingew\u00f6hnung in die Spielgruppe ist f\u00fcr das Wohlbefinden des Kindes ein zentraler Punkt. Nachdem wir uns im Fr\u00fchsommer intensiv damit auseinandersetzten, haben wir wichtige Infos und unsere Haltung zum Thema im <a title=\"Eingew\u00f6hnung B\u00f6imige Waldspielgruppe 11072020\" href=\"https:\/\/boeimigenaturprojektedotch.files.wordpress.com\/2020\/08\/eingewoehnung-boeimige-waldspielgruppe-11072020.pdf\">Merkblatt Eingew\u00f6hnung<\/a> festgehalten.<\/p>\n<p>Wir freuen uns, dass die Waldspielgruppe auf so grosses Interesse st\u00f6sst. Wir sind im Moment ausgebucht und nehmen keine weiteren Kinder auf. Voraussichtlich werden wir im M\u00e4rz 2021 eine zweite Gruppe an einem anderen Wochentag starten. Dazu, zu Schnuppertagen und zur Anmeldung informieren wir Mitte September. Interessierte k\u00f6nnen sich bereits per <a href=\"mailto:info@boeimige.ch\">E-Mail<\/a> melden, um die Infos rechtzeitig zu erhalten.<\/p>\n<p><strong><span style=\"text-decoration:underline;\"><em>B\u00f6imige Walddetektive<\/em><\/span><\/strong><br \/>\nDie B\u00f6imigen Walddetektive starten am 29. August ins Waldjahr. An 8 Samstagen \u00fcber das ganze Schuljahr verteilt werden wir Spuren suchen, die verschiedenen Stockwerke des Waldes kennen lernen und viel Zeit haben zum freien Spielen im Wald. Bereits haben sich gen\u00fcgend Kinder angemeldet, so dass die Waldtage stattfinden k\u00f6nnen, weitere <a href=\"https:\/\/boeimige.ch\/angebot\/walderlebnisse\/\">Interessierte<\/a> sind jederzeit willkommen.<br \/>\nDie weiteren Daten sind: 17. Okt., 28. Nov. 2020, 16. Jan. 2021<\/p>\n<p><span style=\"text-decoration:underline;\"><strong><i>Eltern-Kind-Nachmittage Himug\u00fcegeli<\/i><\/strong><\/span><br \/>\nDie Himug\u00fcegeli sind bereits gut ins neue Waldjahr gestartet. Alle Familien mit Kindern unter 3 Jahren sind an folgenden Mittwochnachmittagen herzlich im Waldsofa willkommen: 2. Sept., 4. Nov., 2. Dez. <a href=\"https:\/\/boeimige.ch\/angebot\/eltern-kindgruppe-himugueegeli\/\">Weitere Infos<\/a><\/p>\n<p><strong><span style=\"text-decoration:underline;\"><em>Ferienspass<\/em><\/span><\/strong><br \/>\nAm Mittwoch 7. Oktober 2020 holen wir den verpassten Ferienspass vom Fr\u00fchling nach. Was kriecht und krabbelt denn da? Wir machen uns auf die Suche nach all den kleinen, oft \u00fcbersehenen, Tieren, die im Wald leben. Wieso baut die Spinne ein Netz? K\u00f6nnen wir das auch? Wir freuen uns auf einen spannenden Tag mit euch. Mehr Infos findest du <a href=\"https:\/\/boeimige.ch\/angebot\/ferienspasstage\/\">hier<\/a>.<\/p>\n<p><span style=\"text-decoration:underline;\"><strong><em>Waldsofa-Renovation und Mitgliederversammlung<\/em><\/strong><\/span><br \/>\nEs lottert und zerf\u00e4llt schon wieder auf allen Seiten, unser Waldsofa braucht dringend eine Renovation. Pfl\u00f6cke m\u00fcssen neu eingeschlagen werden, das morsche durch neues Holz ersetzt und die B\u00e4nkli neu gemacht werden. Auch unser Holzunterstand f\u00e4llt fast auseinander und muss neu gebaut werden. Am <strong>Freitag 11. September ab 15.30 Uhr<\/strong> sind alle Familien herzlich eingeladen mitzuhelfen, unser Waldsofa wieder in Schwung zu bringen. Wer kann Werkzeug wie S\u00e4ge, Beil oder Schl\u00e4gel mitbringen?<\/p>\n<p>Um 18 Uhr sind alle zur kurzen Mitgliederversammlung des Vereins der B\u00f6imigen Naturprojekte eingeladen, bevor es anschliessend ein feines Znacht vom Feuer gibt.<\/p>\n<p>Wir freuen uns \u00fcber zahlreiche und tatkr\u00e4ftige Unterst\u00fctzung. Anmelden kannst du dich bis am Vorabend bei Regula per Telefon oder <a href=\"mailto:info@boeimige.ch\">Mail<\/a>.<\/p>\n","protected":false},"excerpt":{"rendered":"<p>Verst\u00e4rkung Wir freuen uns sehr, dass unser Team und der Vorstand durch zwei b\u00f6imige Frauen gest\u00e4rkt wird: Sarah und Marianne. Sarah Schwabe stellt sich zur Wahl in den Vorstand und leitet zusammen mit Nora die Walddetektive: \u00abSchon als Kind liebte &hellip; <a href=\"https:\/\/boeimige.ch\/?p=1387\">Weiterlesen <span class=\"meta-nav\">&rarr;<\/span><\/a><\/p>\n","protected":false},"author":1,"featured_media":0,"comment_status":"closed","ping_status":"closed","sticky":false,"template":"","format":"standard","meta":{"footnotes":""},"categories":[6],"tags":[],"class_list":["post-1387","post","type-post","status-publish","format-standard","hentry","category-waldpost"],"yoast_head":"<!-- This site is optimized with the Yoast SEO plugin v28.3 - https:\/\/yoast.com\/product\/yoast-seo-wordpress\/ -->\n<title>Waldpost 1 | 2020\/21 - B\u00f6imige Naturprojekte<\/title>\n<meta name=\"robots\" content=\"index, follow, max-snippet:-1, max-image-preview:large, max-video-preview:-1\" \/>\n<link rel=\"canonical\" href=\"https:\/\/boeimige.ch\/?p=1387\" \/>\n<meta property=\"og:locale\" content=\"de_DE\" \/>\n<meta property=\"og:type\" content=\"article\" \/>\n<meta property=\"og:title\" content=\"Waldpost 1 | 2020\/21 - B\u00f6imige Naturprojekte\" \/>\n<meta property=\"og:description\" content=\"Verst\u00e4rkung Wir freuen uns sehr, dass unser Team und der Vorstand durch zwei b\u00f6imige Frauen gest\u00e4rkt wird: Sarah und Marianne. Sarah Schwabe stellt sich zur Wahl in den Vorstand und leitet zusammen mit Nora die Walddetektive: \u00abSchon als Kind liebte &hellip; Weiterlesen &rarr;\" \/>\n<meta property=\"og:url\" content=\"https:\/\/boeimige.ch\/?p=1387\" \/>\n<meta property=\"og:site_name\" content=\"B\u00f6imige Naturprojekte\" \/>\n<meta property=\"article:publisher\" content=\"https:\/\/www.facebook.com\/Eggwald3076\" \/>\n<meta property=\"article:published_time\" content=\"2020-08-26T15:10:13+00:00\" \/>\n<meta property=\"og:image\" content=\"https:\/\/boeimige.ch\/wp-content\/uploads\/2017\/02\/waldpost_titel_neu.png\" \/>\n\t<meta property=\"og:image:width\" content=\"740\" \/>\n\t<meta property=\"og:image:height\" content=\"120\" \/>\n\t<meta property=\"og:image:type\" content=\"image\/png\" \/>\n<meta name=\"author\" content=\"admin\" \/>\n<meta name=\"twitter:card\" content=\"summary_large_image\" \/>\n<meta name=\"twitter:label1\" content=\"Verfasst von\" \/>\n\t<meta name=\"twitter:data1\" content=\"admin\" \/>\n\t<meta name=\"twitter:label2\" content=\"Gesch\u00e4tzte Lesezeit\" \/>\n\t<meta name=\"twitter:data2\" content=\"3\u00a0Minuten\" \/>\n<script type=\"application\/ld+json\" class=\"yoast-schema-graph\">{\"@context\":\"https:\\\/\\\/schema.org\",\"@graph\":[{\"@type\":\"Article\",\"@id\":\"https:\\\/\\\/boeimige.ch\\\/?p=1387#article\",\"isPartOf\":{\"@id\":\"https:\\\/\\\/boeimige.ch\\\/?p=1387\"},\"author\":{\"name\":\"admin\",\"@id\":\"https:\\\/\\\/boeimige.ch\\\/#\\\/schema\\\/person\\\/9228b199a4bf1a502c3b3e0e368604f8\"},\"headline\":\"Waldpost 1 | 2020\\\/21\",\"datePublished\":\"2020-08-26T15:10:13+00:00\",\"mainEntityOfPage\":{\"@id\":\"https:\\\/\\\/boeimige.ch\\\/?p=1387\"},\"wordCount\":696,\"publisher\":{\"@id\":\"https:\\\/\\\/boeimige.ch\\\/#organization\"},\"image\":{\"@id\":\"https:\\\/\\\/boeimige.ch\\\/?p=1387#primaryimage\"},\"thumbnailUrl\":\"https:\\\/\\\/boeimigenaturprojektedotch.files.wordpress.com\\\/2017\\\/02\\\/waldpost_titel_neu.png\",\"articleSection\":[\"Waldpost\"],\"inLanguage\":\"de\"},{\"@type\":\"WebPage\",\"@id\":\"https:\\\/\\\/boeimige.ch\\\/?p=1387\",\"url\":\"https:\\\/\\\/boeimige.ch\\\/?p=1387\",\"name\":\"Waldpost 1 | 2020\\\/21 - B\u00f6imige Naturprojekte\",\"isPartOf\":{\"@id\":\"https:\\\/\\\/boeimige.ch\\\/#website\"},\"primaryImageOfPage\":{\"@id\":\"https:\\\/\\\/boeimige.ch\\\/?p=1387#primaryimage\"},\"image\":{\"@id\":\"https:\\\/\\\/boeimige.ch\\\/?p=1387#primaryimage\"},\"thumbnailUrl\":\"https:\\\/\\\/boeimigenaturprojektedotch.files.wordpress.com\\\/2017\\\/02\\\/waldpost_titel_neu.png\",\"datePublished\":\"2020-08-26T15:10:13+00:00\",\"breadcrumb\":{\"@id\":\"https:\\\/\\\/boeimige.ch\\\/?p=1387#breadcrumb\"},\"inLanguage\":\"de\",\"potentialAction\":[{\"@type\":\"ReadAction\",\"target\":[\"https:\\\/\\\/boeimige.ch\\\/?p=1387\"]}]},{\"@type\":\"ImageObject\",\"inLanguage\":\"de\",\"@id\":\"https:\\\/\\\/boeimige.ch\\\/?p=1387#primaryimage\",\"url\":\"https:\\\/\\\/boeimigenaturprojektedotch.files.wordpress.com\\\/2017\\\/02\\\/waldpost_titel_neu.png\",\"contentUrl\":\"https:\\\/\\\/boeimigenaturprojektedotch.files.wordpress.com\\\/2017\\\/02\\\/waldpost_titel_neu.png\"},{\"@type\":\"BreadcrumbList\",\"@id\":\"https:\\\/\\\/boeimige.ch\\\/?p=1387#breadcrumb\",\"itemListElement\":[{\"@type\":\"ListItem\",\"position\":1,\"name\":\"Start\",\"item\":\"https:\\\/\\\/boeimige.ch\\\/\"},{\"@type\":\"ListItem\",\"position\":2,\"name\":\"Waldpost 1 | 2020\\\/21\"}]},{\"@type\":\"WebSite\",\"@id\":\"https:\\\/\\\/boeimige.ch\\\/#website\",\"url\":\"https:\\\/\\\/boeimige.ch\\\/\",\"name\":\"B\u00f6imige Naturprojekte\",\"description\":\"Waldspielgruppe und Walderlebnisse in Worb\",\"publisher\":{\"@id\":\"https:\\\/\\\/boeimige.ch\\\/#organization\"},\"potentialAction\":[{\"@type\":\"SearchAction\",\"target\":{\"@type\":\"EntryPoint\",\"urlTemplate\":\"https:\\\/\\\/boeimige.ch\\\/?s={search_term_string}\"},\"query-input\":{\"@type\":\"PropertyValueSpecification\",\"valueRequired\":true,\"valueName\":\"search_term_string\"}}],\"inLanguage\":\"de\"},{\"@type\":\"Organization\",\"@id\":\"https:\\\/\\\/boeimige.ch\\\/#organization\",\"name\":\"B\u00f6imige Naturprojekte\",\"url\":\"https:\\\/\\\/boeimige.ch\\\/\",\"logo\":{\"@type\":\"ImageObject\",\"inLanguage\":\"de\",\"@id\":\"https:\\\/\\\/boeimige.ch\\\/#\\\/schema\\\/logo\\\/image\\\/\",\"url\":\"https:\\\/\\\/boeimige.ch\\\/wp-content\\\/uploads\\\/2026\\\/08\\\/Logo-neu_farbig-scaled.png\",\"contentUrl\":\"https:\\\/\\\/boeimige.ch\\\/wp-content\\\/uploads\\\/2026\\\/08\\\/Logo-neu_farbig-scaled.png\",\"width\":2318,\"height\":2560,\"caption\":\"B\u00f6imige Naturprojekte\"},\"image\":{\"@id\":\"https:\\\/\\\/boeimige.ch\\\/#\\\/schema\\\/logo\\\/image\\\/\"},\"sameAs\":[\"https:\\\/\\\/www.facebook.com\\\/Eggwald3076\",\"https:\\\/\\\/www.instagram.com\\\/boeimige_waldspielgruppe?igsh=N2M2Ymt2bGVrYTEx&utm_source=qr\"]},{\"@type\":\"Person\",\"@id\":\"https:\\\/\\\/boeimige.ch\\\/#\\\/schema\\\/person\\\/9228b199a4bf1a502c3b3e0e368604f8\",\"name\":\"admin\",\"image\":{\"@type\":\"ImageObject\",\"inLanguage\":\"de\",\"@id\":\"https:\\\/\\\/secure.gravatar.com\\\/avatar\\\/b476a0bf638c3f6b12f015e2f56efbe5b26c86811ca104ed3790d31ece5b0833?s=96&d=mm&r=g\",\"url\":\"https:\\\/\\\/secure.gravatar.com\\\/avatar\\\/b476a0bf638c3f6b12f015e2f56efbe5b26c86811ca104ed3790d31ece5b0833?s=96&d=mm&r=g\",\"contentUrl\":\"https:\\\/\\\/secure.gravatar.com\\\/avatar\\\/b476a0bf638c3f6b12f015e2f56efbe5b26c86811ca104ed3790d31ece5b0833?s=96&d=mm&r=g\",\"caption\":\"admin\"},\"url\":\"https:\\\/\\\/boeimige.ch\\\/?author=1\"}]}<\/script>\n<!-- \/ Yoast SEO plugin. -->","yoast_head_json":{"title":"Waldpost 1 | 2020\/21 - B\u00f6imige Naturprojekte","robots":{"index":"index","follow":"follow","max-snippet":"max-snippet:-1","max-image-preview":"max-image-preview:large","max-video-preview":"max-video-preview:-1"},"canonical":"https:\/\/boeimige.ch\/?p=1387","og_locale":"de_DE","og_type":"article","og_title":"Waldpost 1 | 2020\/21 - B\u00f6imige Naturprojekte","og_description":"Verst\u00e4rkung Wir freuen uns sehr, dass unser Team und der Vorstand durch zwei b\u00f6imige Frauen gest\u00e4rkt wird: Sarah und Marianne. Sarah Schwabe stellt sich zur Wahl in den Vorstand und leitet zusammen mit Nora die Walddetektive: \u00abSchon als Kind liebte &hellip; Weiterlesen &rarr;","og_url":"https:\/\/boeimige.ch\/?p=1387","og_site_name":"B\u00f6imige Naturprojekte","article_publisher":"https:\/\/www.facebook.com\/Eggwald3076","article_published_time":"2020-08-26T15:10:13+00:00","og_image":[{"width":740,"height":120,"url":"https:\/\/boeimige.ch\/wp-content\/uploads\/2017\/02\/waldpost_titel_neu.png","type":"image\/png"}],"author":"admin","twitter_card":"summary_large_image","twitter_misc":{"Verfasst von":"admin","Gesch\u00e4tzte Lesezeit":"3\u00a0Minuten"},"schema":{"@context":"https:\/\/schema.org","@graph":[{"@type":"Article","@id":"https:\/\/boeimige.ch\/?p=1387#article","isPartOf":{"@id":"https:\/\/boeimige.ch\/?p=1387"},"author":{"name":"admin","@id":"https:\/\/boeimige.ch\/#\/schema\/person\/9228b199a4bf1a502c3b3e0e368604f8"},"headline":"Waldpost 1 | 2020\/21","datePublished":"2020-08-26T15:10:13+00:00","mainEntityOfPage":{"@id":"https:\/\/boeimige.ch\/?p=1387"},"wordCount":696,"publisher":{"@id":"https:\/\/boeimige.ch\/#organization"},"image":{"@id":"https:\/\/boeimige.ch\/?p=1387#primaryimage"},"thumbnailUrl":"https:\/\/boeimigenaturprojektedotch.files.wordpress.com\/2017\/02\/waldpost_titel_neu.png","articleSection":["Waldpost"],"inLanguage":"de"},{"@type":"WebPage","@id":"https:\/\/boeimige.ch\/?p=1387","url":"https:\/\/boeimige.ch\/?p=1387","name":"Waldpost 1 | 2020\/21 - B\u00f6imige Naturprojekte","isPartOf":{"@id":"https:\/\/boeimige.ch\/#website"},"primaryImageOfPage":{"@id":"https:\/\/boeimige.ch\/?p=1387#primaryimage"},"image":{"@id":"https:\/\/boeimige.ch\/?p=1387#primaryimage"},"thumbnailUrl":"https:\/\/boeimigenaturprojektedotch.files.wordpress.com\/2017\/02\/waldpost_titel_neu.png","datePublished":"2020-08-26T15:10:13+00:00","breadcrumb":{"@id":"https:\/\/boeimige.ch\/?p=1387#breadcrumb"},"inLanguage":"de","potentialAction":[{"@type":"ReadAction","target":["https:\/\/boeimige.ch\/?p=1387"]}]},{"@type":"ImageObject","inLanguage":"de","@id":"https:\/\/boeimige.ch\/?p=1387#primaryimage","url":"https:\/\/boeimigenaturprojektedotch.files.wordpress.com\/2017\/02\/waldpost_titel_neu.png","contentUrl":"https:\/\/boeimigenaturprojektedotch.files.wordpress.com\/2017\/02\/waldpost_titel_neu.png"},{"@type":"BreadcrumbList","@id":"https:\/\/boeimige.ch\/?p=1387#breadcrumb","itemListElement":[{"@type":"ListItem","position":1,"name":"Start","item":"https:\/\/boeimige.ch\/"},{"@type":"ListItem","position":2,"name":"Waldpost 1 | 2020\/21"}]},{"@type":"WebSite","@id":"https:\/\/boeimige.ch\/#website","url":"https:\/\/boeimige.ch\/","name":"B\u00f6imige Naturprojekte","description":"Waldspielgruppe und Walderlebnisse in Worb","publisher":{"@id":"https:\/\/boeimige.ch\/#organization"},"potentialAction":[{"@type":"SearchAction","target":{"@type":"EntryPoint","urlTemplate":"https:\/\/boeimige.ch\/?s={search_term_string}"},"query-input":{"@type":"PropertyValueSpecification","valueRequired":true,"valueName":"search_term_string"}}],"inLanguage":"de"},{"@type":"Organization","@id":"https:\/\/boeimige.ch\/#organization","name":"B\u00f6imige Naturprojekte","url":"https:\/\/boeimige.ch\/","logo":{"@type":"ImageObject","inLanguage":"de","@id":"https:\/\/boeimige.ch\/#\/schema\/logo\/image\/","url":"https:\/\/boeimige.ch\/wp-content\/uploads\/2026\/08\/Logo-neu_farbig-scaled.png","contentUrl":"https:\/\/boeimige.ch\/wp-content\/uploads\/2026\/08\/Logo-neu_farbig-scaled.png","width":2318,"height":2560,"caption":"B\u00f6imige Naturprojekte"},"image":{"@id":"https:\/\/boeimige.ch\/#\/schema\/logo\/image\/"},"sameAs":["https:\/\/www.facebook.com\/Eggwald3076","https:\/\/www.instagram.com\/boeimige_waldspielgruppe?igsh=N2M2Ymt2bGVrYTEx&utm_source=qr"]},{"@type":"Person","@id":"https:\/\/boeimige.ch\/#\/schema\/person\/9228b199a4bf1a502c3b3e0e368604f8","name":"admin","image":{"@type":"ImageObject","inLanguage":"de","@id":"https:\/\/secure.gravatar.com\/avatar\/b476a0bf638c3f6b12f015e2f56efbe5b26c86811ca104ed3790d31ece5b0833?s=96&d=mm&r=g","url":"https:\/\/secure.gravatar.com\/avatar\/b476a0bf638c3f6b12f015e2f56efbe5b26c86811ca104ed3790d31ece5b0833?s=96&d=mm&r=g","contentUrl":"https:\/\/secure.gravatar.com\/avatar\/b476a0bf638c3f6b12f015e2f56efbe5b26c86811ca104ed3790d31ece5b0833?s=96&d=mm&r=g","caption":"admin"},"url":"https:\/\/boeimige.ch\/?author=1"}]}},"_links":{"self":[{"href":"https:\/\/boeimige.ch\/index.php?rest_route=\/wp\/v2\/posts\/1387","targetHints":{"allow":["GET"]}}],"collection":[{"href":"https:\/\/boeimige.ch\/index.php?rest_route=\/wp\/v2\/posts"}],"about":[{"href":"https:\/\/boeimige.ch\/index.php?rest_route=\/wp\/v2\/types\/post"}],"author":[{"embeddable":true,"href":"https:\/\/boeimige.ch\/index.php?rest_route=\/wp\/v2\/users\/1"}],"replies":[{"embeddable":true,"href":"https:\/\/boeimige.ch\/index.php?rest_route=%2Fwp%2Fv2%2Fcomments&post=1387"}],"version-history":[{"count":0,"href":"https:\/\/boeimige.ch\/index.php?rest_route=\/wp\/v2\/posts\/1387\/revisions"}],"wp:attachment":[{"href":"https:\/\/boeimige.ch\/index.php?rest_route=%2Fwp%2Fv2%2Fmedia&parent=1387"}],"wp:term":[{"taxonomy":"category","embeddable":true,"href":"https:\/\/boeimige.ch\/index.php?rest_route=%2Fwp%2Fv2%2Fcategories&post=1387"},{"taxonomy":"post_tag","embeddable":true,"href":"https:\/\/boeimige.ch\/index.php?rest_route=%2Fwp%2Fv2%2Ftags&post=1387"}],"curies":[{"name":"wp","href":"https:\/\/api.w.org\/{rel}","templated":true}]}}