{"id":1481,"date":"2020-11-21T09:55:55","date_gmt":"2020-11-21T08:55:55","guid":{"rendered":"http:\/\/boeimige.ch\/?p=1481"},"modified":"2020-11-21T09:55:55","modified_gmt":"2020-11-21T08:55:55","slug":"waldpost-2-%c2%a6-2020-21","status":"publish","type":"post","link":"https:\/\/boeimige.ch\/?p=1481","title":{"rendered":"Waldpost 2 \u00a6 2020\/21"},"content":{"rendered":"\n<p class=\"wp-block-paragraph\"><\/p>\n\n\n\n<figure class=\"wp-block-image size-large\"><img loading=\"lazy\" decoding=\"async\" width=\"740\" height=\"120\" src=\"https:\/\/boeimigenaturprojektedotch.files.wordpress.com\/2017\/02\/waldpost_titel_neu.png?w=740\" alt=\"\" class=\"wp-image-569\" srcset=\"https:\/\/boeimige.ch\/wp-content\/uploads\/2017\/02\/waldpost_titel_neu.png 740w, https:\/\/boeimige.ch\/wp-content\/uploads\/2017\/02\/waldpost_titel_neu-300x49.png 300w\" sizes=\"auto, (max-width: 740px) 100vw, 740px\" \/><\/figure>\n\n\n\n<p class=\"wp-block-paragraph\">Die goldigen Zeiten vom Herbst sind schon vorbei, daf\u00fcr locken nun die vielen Bl\u00e4tter, um Wege zu bahnen, sie zu grossen Haufen zusammen zu fegen, darin herum zu springen oder sich ein weiches Bett zu bauen.<\/p>\n\n\n\n<p class=\"wp-block-paragraph\"><mark style=\"background-color:rgba(0, 0, 0, 0);color:#373737;\" class=\"has-inline-color\"><strong>R\u00fcckblick aus den Waldgruppen<\/strong><\/mark><\/p>\n\n\n\n<p class=\"wp-block-paragraph\"><em>Waldspielgruppe<\/em><br>In der Waldspielgruppe l\u00e4uft immer einiges:<\/p>\n\n\n\n<div class=\"wp-block-columns is-layout-flex wp-container-core-columns-is-layout-8f761849 wp-block-columns-is-layout-flex\">\n<div class=\"wp-block-column is-layout-flow wp-block-column-is-layout-flow\">\n<figure class=\"wp-block-image size-large is-resized\"><img loading=\"lazy\" decoding=\"async\" src=\"https:\/\/boeimigenaturprojektedotch.files.wordpress.com\/2020\/11\/img_3392.jpg?w=768\" alt=\"\" class=\"wp-image-1485\" width=\"328\" height=\"434\" \/><figcaption>Schnirggo, der Wurzelwurm, muss Vorr\u00e4te sammeln, damit er im Winter genug Futter hat. Dieses Jahr bekommt er viel Unterst\u00fctzung von den Spielgruppenkindern. Sie helfen ihm fleissig, seine K\u00f6rbchen mit Buchenn\u00fcssli, Eicheln, Tannzapfen und Bl\u00e4ttern zu f\u00fcllen.<\/figcaption><\/figure>\n<\/div>\n\n\n\n<div class=\"wp-block-column is-layout-flow wp-block-column-is-layout-flow\">\n<figure class=\"wp-block-image size-large is-resized\"><img loading=\"lazy\" decoding=\"async\" src=\"https:\/\/boeimigenaturprojektedotch.files.wordpress.com\/2020\/11\/img_3308-2-1.jpg?w=756\" alt=\"\" class=\"wp-image-1515\" width=\"323\" height=\"436\" \/><figcaption>Es si emau 5 Zw\u00e4rgli xi.<br>S 1. seit, i ga i Wald.<br>S 2. seit, i chume o bald<br>S 3. seit, i chl\u00e4ttere uf die h\u00f6chschti Tanne<br>S 4. seit, i choche e Matschsuppe ir alte Pfanne<br>S 5. seit, i boue es Huus<br>f\u00fcr mi u die chlini Muus.<\/figcaption><\/figure>\n<\/div>\n<\/div>\n\n\n\n<div class=\"wp-block-columns is-layout-flex wp-container-core-columns-is-layout-8f761849 wp-block-columns-is-layout-flex\">\n<div class=\"wp-block-column is-layout-flow wp-block-column-is-layout-flow\">\n<figure class=\"wp-block-image size-large is-resized\"><img loading=\"lazy\" decoding=\"async\" src=\"https:\/\/boeimigenaturprojektedotch.files.wordpress.com\/2020\/10\/img_3345.jpg?w=1024\" alt=\"\" class=\"wp-image-1467\" width=\"372\" height=\"272\" \/><\/figure>\n<\/div>\n\n\n\n<div class=\"wp-block-column is-layout-flow wp-block-column-is-layout-flow\">\n<p class=\"wp-block-paragraph\">Aufgrund der Corona-Situation haben wir uns f\u00fcr den Elternabend nicht im Waldsofa um das Feuer, sondern daneben getroffen. Die Stimmung mit den vielen Kerzen und Fackeln im abendlichen Wald war schon fast mystisch!<\/p>\n<\/div>\n<\/div>\n\n\n\n<div class=\"wp-block-columns is-layout-flex wp-container-core-columns-is-layout-8f761849 wp-block-columns-is-layout-flex\">\n<div class=\"wp-block-column is-layout-flow wp-block-column-is-layout-flow\">\n<p class=\"wp-block-paragraph\"><em>B\u00f6imige Walddetektive<\/em><br>Mit 10 Kindern haben wir bei den b\u00f6imigen Walddetektiven nun eine ordentliche Gruppe zusammen, denen es an Ideen nicht mangelt. W\u00e4hrend die einen Kinder mucksm\u00e4uschenstill durch den Wald schlichen, um scheue Waldbewohner aufzust\u00f6bern und zu beobachten, \u201epflanzten\u201c die anderen einen Tannenbaum vor dem Waldsofa, zementierten ihn mit Lehm ein f\u00fcr eine gute Standfestigkeit und schm\u00fcckten ihn mit Waldmaterialien. Leider blieb er nicht sehr lange stehen, sonst h\u00e4tten nur noch die Kerzen gefehlt, f\u00fcr den Weihnachtsbaum \ud83d\ude42 Die Tanne hat unterdessen bei den Spielgruppenkindern als M\u00e4hdrescher und Bl\u00e4tterputzmaschine eine neue Verwendung gefunden.<\/p>\n<\/div>\n\n\n\n<div class=\"wp-block-column is-layout-flow wp-block-column-is-layout-flow\">\n<figure class=\"wp-block-image size-large is-resized\"><img loading=\"lazy\" decoding=\"async\" src=\"https:\/\/boeimigenaturprojektedotch.files.wordpress.com\/2020\/11\/img_20201017_142036-1.jpg?w=768\" alt=\"\" class=\"wp-image-1511\" width=\"345\" height=\"456\" \/><\/figure>\n<\/div>\n<\/div>\n\n\n\n<p class=\"wp-block-paragraph\"><\/p>\n\n\n\n<div class=\"wp-block-columns is-layout-flex wp-container-core-columns-is-layout-8f761849 wp-block-columns-is-layout-flex\">\n<div class=\"wp-block-column is-layout-flow wp-block-column-is-layout-flow\" style=\"flex-basis:100%;\">\n<p class=\"wp-block-paragraph\"><em>Ferienspass<\/em><br>Was krabbelt denn da? Mit dieser Frage als Leitmotiv haben wir uns im Herbst- FerienSpass-Angebot auf die Suche nach den 6- und 8-beinigen Bewohnern des Waldes gemacht. Dabei haben wir nebst vielen kleineren und gr\u00f6sseren Spinnentieren und Ameisen sogar einen grossen schwarzen K\u00e4fer aufgesp\u00fcrt! Nach einem feinen Zmittag vom Feuer durfte sich jedes Kind selber noch als Spinne f\u00fchlen und mitten in einem grossen Netz f\u00fcr kurze Zeit \u00fcber dem Boden schweben&#8230;<\/p>\n\n\n\n<figure class=\"wp-block-image size-large is-resized\"><img loading=\"lazy\" decoding=\"async\" src=\"https:\/\/boeimigenaturprojektedotch.files.wordpress.com\/2020\/11\/img_20201007_142811.jpg?w=1024\" alt=\"\" class=\"wp-image-1503\" width=\"331\" height=\"248\" \/><\/figure>\n\n\n\n<div class=\"wp-block-columns is-layout-flex wp-container-core-columns-is-layout-8f761849 wp-block-columns-is-layout-flex\">\n<div class=\"wp-block-column is-layout-flow wp-block-column-is-layout-flow\" style=\"flex-basis:100%;\">\n<p class=\"wp-block-paragraph\"><strong>Ausblick<\/strong><\/p>\n\n\n\n<div class=\"wp-block-columns is-layout-flex wp-container-core-columns-is-layout-8f761849 wp-block-columns-is-layout-flex\">\n<div class=\"wp-block-column is-layout-flow wp-block-column-is-layout-flow\">\n<figure class=\"wp-block-image size-large\"><img decoding=\"async\" src=\"https:\/\/boeimigenaturprojektedotch.files.wordpress.com\/2020\/11\/20201104_123315-1.jpg?w=576\" alt=\"\" class=\"wp-image-1509\" \/><\/figure>\n<\/div>\n\n\n\n<div class=\"wp-block-column is-layout-flow wp-block-column-is-layout-flow\">\n<p class=\"wp-block-paragraph\"><em>Waldspielgruppe<\/em><br>Bereits im Sommer haben wir viele Anfragen von Familien erhalten, um im kommenden Fr\u00fchling in die Waldspielgruppe einzusteigen. Da die Donnerstagsgruppe aber ausgebucht ist, haben wir uns entschieden, am Mittwoch einen zweiten Waldspielgruppentag auszuschreiben. 5 Anmeldungen sind bereits eingegangen, 3 weitere braucht es, damit wir mit der Mittwochsgruppe starten k\u00f6nnen. Interessierte d\u00fcrfen gerne am Mittwoch 2. Dezember oder 3. Februar bei den Himug\u00fcegeli vorbeischauen oder wer \u201erichtige\u201c Spielgruppenluft schnuppern will, darf am Donnerstag 28. Januar vorbeikommen. <a href=\"https:\/\/boeimige.ch\/angebot\/waldspielgruppe\/\">Weitere Infos und Anmeldung<\/a><\/p>\n<\/div>\n<\/div>\n\n\n\n<div class=\"wp-block-columns is-layout-flex wp-container-core-columns-is-layout-8f761849 wp-block-columns-is-layout-flex\">\n<div class=\"wp-block-column is-layout-flow wp-block-column-is-layout-flow\">\n<p class=\"wp-block-paragraph\"><em>Himug\u00fcegeli<\/em><br>Wir hoffen, dass wir uns am Mi, 2.12. wieder beim Waldsofa treffen k\u00f6nnen. Ob das Himug\u00fcegeli dann noch wach ist oder ob es sich schon f\u00fcr seinen Winterschlaf versteckt hat?<\/p>\n\n\n\n<p class=\"wp-block-paragraph\"><em>B\u00f6imige Walddetektive<\/em><br>Das n\u00e4chste Mal treffen wir uns am 28. November, die Daten f\u00fcr das zweite Halbjahr findet ihr nun auch <a href=\"https:\/\/boeimige.ch\/angebot\/walderlebnisse\/\">online<\/a>. Neueinsteigende sind jederzeit willkommen.<\/p>\n\n\n\n<p class=\"wp-block-paragraph\"><em>Anl\u00e4sse<\/em><br>Am 1. Dezember um 16.30 Uhr erz\u00e4hlt Marianne \u201eDie Legende von Sankt Nikolaus\u201c im Waldsofa:<\/p>\n\n\n\n<figure class=\"wp-block-image size-large is-resized\"><img loading=\"lazy\" decoding=\"async\" src=\"https:\/\/boeimigenaturprojektedotch.files.wordpress.com\/2020\/11\/marianne-erzaehlt.png?w=1024\" alt=\"\" class=\"wp-image-1479\" width=\"620\" height=\"386\" srcset=\"https:\/\/boeimige.ch\/wp-content\/uploads\/2020\/11\/marianne-erzaehlt.png 1067w, https:\/\/boeimige.ch\/wp-content\/uploads\/2020\/11\/marianne-erzaehlt-300x187.png 300w, https:\/\/boeimige.ch\/wp-content\/uploads\/2020\/11\/marianne-erzaehlt-1024x638.png 1024w, https:\/\/boeimige.ch\/wp-content\/uploads\/2020\/11\/marianne-erzaehlt-768x479.png 768w\" sizes=\"auto, (max-width: 620px) 100vw, 620px\" \/><\/figure>\n<\/div>\n<\/div>\n<\/div>\n<\/div>\n\n\n\n<div class=\"wp-block-columns is-layout-flex wp-container-core-columns-is-layout-8f761849 wp-block-columns-is-layout-flex\">\n<div class=\"wp-block-column is-layout-flow wp-block-column-is-layout-flow\" style=\"flex-basis:100%;\"><\/div>\n<\/div>\n\n\n\n<p class=\"wp-block-paragraph\"><\/p>\n<\/div>\n<\/div>\n\n\n\n<p class=\"wp-block-paragraph\"><\/p>\n","protected":false},"excerpt":{"rendered":"<p>Die goldigen Zeiten vom Herbst sind schon vorbei, daf\u00fcr locken nun die vielen Bl\u00e4tter, um Wege zu bahnen, sie zu grossen Haufen zusammen zu fegen, darin herum zu springen oder sich ein weiches Bett zu bauen. R\u00fcckblick aus den Waldgruppen &hellip; <a href=\"https:\/\/boeimige.ch\/?p=1481\">Weiterlesen <span class=\"meta-nav\">&rarr;<\/span><\/a><\/p>\n","protected":false},"author":1,"featured_media":0,"comment_status":"closed","ping_status":"closed","sticky":false,"template":"","format":"standard","meta":{"footnotes":""},"categories":[6],"tags":[],"class_list":["post-1481","post","type-post","status-publish","format-standard","hentry","category-waldpost"],"yoast_head":"<!-- This site is optimized with the Yoast SEO plugin v28.3 - https:\/\/yoast.com\/product\/yoast-seo-wordpress\/ -->\n<title>Waldpost 2 \u00a6 2020\/21 - B\u00f6imige Naturprojekte<\/title>\n<meta name=\"robots\" content=\"index, follow, max-snippet:-1, max-image-preview:large, max-video-preview:-1\" \/>\n<link rel=\"canonical\" href=\"https:\/\/boeimige.ch\/?p=1481\" \/>\n<meta property=\"og:locale\" content=\"de_DE\" \/>\n<meta property=\"og:type\" content=\"article\" \/>\n<meta property=\"og:title\" content=\"Waldpost 2 \u00a6 2020\/21 - B\u00f6imige Naturprojekte\" \/>\n<meta property=\"og:description\" content=\"Die goldigen Zeiten vom Herbst sind schon vorbei, daf\u00fcr locken nun die vielen Bl\u00e4tter, um Wege zu bahnen, sie zu grossen Haufen zusammen zu fegen, darin herum zu springen oder sich ein weiches Bett zu bauen. R\u00fcckblick aus den Waldgruppen &hellip; Weiterlesen &rarr;\" \/>\n<meta property=\"og:url\" content=\"https:\/\/boeimige.ch\/?p=1481\" \/>\n<meta property=\"og:site_name\" content=\"B\u00f6imige Naturprojekte\" \/>\n<meta property=\"article:publisher\" content=\"https:\/\/www.facebook.com\/Eggwald3076\" \/>\n<meta property=\"article:published_time\" content=\"2020-11-21T08:55:55+00:00\" \/>\n<meta property=\"og:image\" content=\"https:\/\/boeimige.ch\/wp-content\/uploads\/2017\/02\/waldpost_titel_neu.png\" \/>\n\t<meta property=\"og:image:width\" content=\"740\" \/>\n\t<meta property=\"og:image:height\" content=\"120\" \/>\n\t<meta property=\"og:image:type\" content=\"image\/png\" \/>\n<meta name=\"author\" content=\"admin\" \/>\n<meta name=\"twitter:card\" content=\"summary_large_image\" \/>\n<meta name=\"twitter:label1\" content=\"Verfasst von\" \/>\n\t<meta name=\"twitter:data1\" content=\"admin\" \/>\n\t<meta name=\"twitter:label2\" content=\"Gesch\u00e4tzte Lesezeit\" \/>\n\t<meta name=\"twitter:data2\" content=\"3\u00a0Minuten\" \/>\n<script type=\"application\/ld+json\" class=\"yoast-schema-graph\">{\"@context\":\"https:\\\/\\\/schema.org\",\"@graph\":[{\"@type\":\"Article\",\"@id\":\"https:\\\/\\\/boeimige.ch\\\/?p=1481#article\",\"isPartOf\":{\"@id\":\"https:\\\/\\\/boeimige.ch\\\/?p=1481\"},\"author\":{\"name\":\"admin\",\"@id\":\"https:\\\/\\\/boeimige.ch\\\/#\\\/schema\\\/person\\\/9228b199a4bf1a502c3b3e0e368604f8\"},\"headline\":\"Waldpost 2 \u00a6 2020\\\/21\",\"datePublished\":\"2020-11-21T08:55:55+00:00\",\"mainEntityOfPage\":{\"@id\":\"https:\\\/\\\/boeimige.ch\\\/?p=1481\"},\"wordCount\":514,\"publisher\":{\"@id\":\"https:\\\/\\\/boeimige.ch\\\/#organization\"},\"image\":{\"@id\":\"https:\\\/\\\/boeimige.ch\\\/?p=1481#primaryimage\"},\"thumbnailUrl\":\"https:\\\/\\\/boeimigenaturprojektedotch.files.wordpress.com\\\/2017\\\/02\\\/waldpost_titel_neu.png?w=740\",\"articleSection\":[\"Waldpost\"],\"inLanguage\":\"de\"},{\"@type\":\"WebPage\",\"@id\":\"https:\\\/\\\/boeimige.ch\\\/?p=1481\",\"url\":\"https:\\\/\\\/boeimige.ch\\\/?p=1481\",\"name\":\"Waldpost 2 \u00a6 2020\\\/21 - B\u00f6imige Naturprojekte\",\"isPartOf\":{\"@id\":\"https:\\\/\\\/boeimige.ch\\\/#website\"},\"primaryImageOfPage\":{\"@id\":\"https:\\\/\\\/boeimige.ch\\\/?p=1481#primaryimage\"},\"image\":{\"@id\":\"https:\\\/\\\/boeimige.ch\\\/?p=1481#primaryimage\"},\"thumbnailUrl\":\"https:\\\/\\\/boeimigenaturprojektedotch.files.wordpress.com\\\/2017\\\/02\\\/waldpost_titel_neu.png?w=740\",\"datePublished\":\"2020-11-21T08:55:55+00:00\",\"breadcrumb\":{\"@id\":\"https:\\\/\\\/boeimige.ch\\\/?p=1481#breadcrumb\"},\"inLanguage\":\"de\",\"potentialAction\":[{\"@type\":\"ReadAction\",\"target\":[\"https:\\\/\\\/boeimige.ch\\\/?p=1481\"]}]},{\"@type\":\"ImageObject\",\"inLanguage\":\"de\",\"@id\":\"https:\\\/\\\/boeimige.ch\\\/?p=1481#primaryimage\",\"url\":\"https:\\\/\\\/boeimigenaturprojektedotch.files.wordpress.com\\\/2017\\\/02\\\/waldpost_titel_neu.png?w=740\",\"contentUrl\":\"https:\\\/\\\/boeimigenaturprojektedotch.files.wordpress.com\\\/2017\\\/02\\\/waldpost_titel_neu.png?w=740\"},{\"@type\":\"BreadcrumbList\",\"@id\":\"https:\\\/\\\/boeimige.ch\\\/?p=1481#breadcrumb\",\"itemListElement\":[{\"@type\":\"ListItem\",\"position\":1,\"name\":\"Start\",\"item\":\"https:\\\/\\\/boeimige.ch\\\/\"},{\"@type\":\"ListItem\",\"position\":2,\"name\":\"Waldpost 2 \u00a6 2020\\\/21\"}]},{\"@type\":\"WebSite\",\"@id\":\"https:\\\/\\\/boeimige.ch\\\/#website\",\"url\":\"https:\\\/\\\/boeimige.ch\\\/\",\"name\":\"B\u00f6imige Naturprojekte\",\"description\":\"Waldspielgruppe und Walderlebnisse in Worb\",\"publisher\":{\"@id\":\"https:\\\/\\\/boeimige.ch\\\/#organization\"},\"potentialAction\":[{\"@type\":\"SearchAction\",\"target\":{\"@type\":\"EntryPoint\",\"urlTemplate\":\"https:\\\/\\\/boeimige.ch\\\/?s={search_term_string}\"},\"query-input\":{\"@type\":\"PropertyValueSpecification\",\"valueRequired\":true,\"valueName\":\"search_term_string\"}}],\"inLanguage\":\"de\"},{\"@type\":\"Organization\",\"@id\":\"https:\\\/\\\/boeimige.ch\\\/#organization\",\"name\":\"B\u00f6imige Naturprojekte\",\"url\":\"https:\\\/\\\/boeimige.ch\\\/\",\"logo\":{\"@type\":\"ImageObject\",\"inLanguage\":\"de\",\"@id\":\"https:\\\/\\\/boeimige.ch\\\/#\\\/schema\\\/logo\\\/image\\\/\",\"url\":\"https:\\\/\\\/boeimige.ch\\\/wp-content\\\/uploads\\\/2026\\\/08\\\/Logo-neu_farbig-scaled.png\",\"contentUrl\":\"https:\\\/\\\/boeimige.ch\\\/wp-content\\\/uploads\\\/2026\\\/08\\\/Logo-neu_farbig-scaled.png\",\"width\":2318,\"height\":2560,\"caption\":\"B\u00f6imige Naturprojekte\"},\"image\":{\"@id\":\"https:\\\/\\\/boeimige.ch\\\/#\\\/schema\\\/logo\\\/image\\\/\"},\"sameAs\":[\"https:\\\/\\\/www.facebook.com\\\/Eggwald3076\",\"https:\\\/\\\/www.instagram.com\\\/boeimige_waldspielgruppe?igsh=N2M2Ymt2bGVrYTEx&utm_source=qr\"]},{\"@type\":\"Person\",\"@id\":\"https:\\\/\\\/boeimige.ch\\\/#\\\/schema\\\/person\\\/9228b199a4bf1a502c3b3e0e368604f8\",\"name\":\"admin\",\"image\":{\"@type\":\"ImageObject\",\"inLanguage\":\"de\",\"@id\":\"https:\\\/\\\/secure.gravatar.com\\\/avatar\\\/b476a0bf638c3f6b12f015e2f56efbe5b26c86811ca104ed3790d31ece5b0833?s=96&d=mm&r=g\",\"url\":\"https:\\\/\\\/secure.gravatar.com\\\/avatar\\\/b476a0bf638c3f6b12f015e2f56efbe5b26c86811ca104ed3790d31ece5b0833?s=96&d=mm&r=g\",\"contentUrl\":\"https:\\\/\\\/secure.gravatar.com\\\/avatar\\\/b476a0bf638c3f6b12f015e2f56efbe5b26c86811ca104ed3790d31ece5b0833?s=96&d=mm&r=g\",\"caption\":\"admin\"},\"url\":\"https:\\\/\\\/boeimige.ch\\\/?author=1\"}]}<\/script>\n<!-- \/ Yoast SEO plugin. -->","yoast_head_json":{"title":"Waldpost 2 \u00a6 2020\/21 - B\u00f6imige Naturprojekte","robots":{"index":"index","follow":"follow","max-snippet":"max-snippet:-1","max-image-preview":"max-image-preview:large","max-video-preview":"max-video-preview:-1"},"canonical":"https:\/\/boeimige.ch\/?p=1481","og_locale":"de_DE","og_type":"article","og_title":"Waldpost 2 \u00a6 2020\/21 - B\u00f6imige Naturprojekte","og_description":"Die goldigen Zeiten vom Herbst sind schon vorbei, daf\u00fcr locken nun die vielen Bl\u00e4tter, um Wege zu bahnen, sie zu grossen Haufen zusammen zu fegen, darin herum zu springen oder sich ein weiches Bett zu bauen. R\u00fcckblick aus den Waldgruppen &hellip; Weiterlesen &rarr;","og_url":"https:\/\/boeimige.ch\/?p=1481","og_site_name":"B\u00f6imige Naturprojekte","article_publisher":"https:\/\/www.facebook.com\/Eggwald3076","article_published_time":"2020-11-21T08:55:55+00:00","og_image":[{"width":740,"height":120,"url":"https:\/\/boeimige.ch\/wp-content\/uploads\/2017\/02\/waldpost_titel_neu.png","type":"image\/png"}],"author":"admin","twitter_card":"summary_large_image","twitter_misc":{"Verfasst von":"admin","Gesch\u00e4tzte Lesezeit":"3\u00a0Minuten"},"schema":{"@context":"https:\/\/schema.org","@graph":[{"@type":"Article","@id":"https:\/\/boeimige.ch\/?p=1481#article","isPartOf":{"@id":"https:\/\/boeimige.ch\/?p=1481"},"author":{"name":"admin","@id":"https:\/\/boeimige.ch\/#\/schema\/person\/9228b199a4bf1a502c3b3e0e368604f8"},"headline":"Waldpost 2 \u00a6 2020\/21","datePublished":"2020-11-21T08:55:55+00:00","mainEntityOfPage":{"@id":"https:\/\/boeimige.ch\/?p=1481"},"wordCount":514,"publisher":{"@id":"https:\/\/boeimige.ch\/#organization"},"image":{"@id":"https:\/\/boeimige.ch\/?p=1481#primaryimage"},"thumbnailUrl":"https:\/\/boeimigenaturprojektedotch.files.wordpress.com\/2017\/02\/waldpost_titel_neu.png?w=740","articleSection":["Waldpost"],"inLanguage":"de"},{"@type":"WebPage","@id":"https:\/\/boeimige.ch\/?p=1481","url":"https:\/\/boeimige.ch\/?p=1481","name":"Waldpost 2 \u00a6 2020\/21 - B\u00f6imige Naturprojekte","isPartOf":{"@id":"https:\/\/boeimige.ch\/#website"},"primaryImageOfPage":{"@id":"https:\/\/boeimige.ch\/?p=1481#primaryimage"},"image":{"@id":"https:\/\/boeimige.ch\/?p=1481#primaryimage"},"thumbnailUrl":"https:\/\/boeimigenaturprojektedotch.files.wordpress.com\/2017\/02\/waldpost_titel_neu.png?w=740","datePublished":"2020-11-21T08:55:55+00:00","breadcrumb":{"@id":"https:\/\/boeimige.ch\/?p=1481#breadcrumb"},"inLanguage":"de","potentialAction":[{"@type":"ReadAction","target":["https:\/\/boeimige.ch\/?p=1481"]}]},{"@type":"ImageObject","inLanguage":"de","@id":"https:\/\/boeimige.ch\/?p=1481#primaryimage","url":"https:\/\/boeimigenaturprojektedotch.files.wordpress.com\/2017\/02\/waldpost_titel_neu.png?w=740","contentUrl":"https:\/\/boeimigenaturprojektedotch.files.wordpress.com\/2017\/02\/waldpost_titel_neu.png?w=740"},{"@type":"BreadcrumbList","@id":"https:\/\/boeimige.ch\/?p=1481#breadcrumb","itemListElement":[{"@type":"ListItem","position":1,"name":"Start","item":"https:\/\/boeimige.ch\/"},{"@type":"ListItem","position":2,"name":"Waldpost 2 \u00a6 2020\/21"}]},{"@type":"WebSite","@id":"https:\/\/boeimige.ch\/#website","url":"https:\/\/boeimige.ch\/","name":"B\u00f6imige Naturprojekte","description":"Waldspielgruppe und Walderlebnisse in Worb","publisher":{"@id":"https:\/\/boeimige.ch\/#organization"},"potentialAction":[{"@type":"SearchAction","target":{"@type":"EntryPoint","urlTemplate":"https:\/\/boeimige.ch\/?s={search_term_string}"},"query-input":{"@type":"PropertyValueSpecification","valueRequired":true,"valueName":"search_term_string"}}],"inLanguage":"de"},{"@type":"Organization","@id":"https:\/\/boeimige.ch\/#organization","name":"B\u00f6imige Naturprojekte","url":"https:\/\/boeimige.ch\/","logo":{"@type":"ImageObject","inLanguage":"de","@id":"https:\/\/boeimige.ch\/#\/schema\/logo\/image\/","url":"https:\/\/boeimige.ch\/wp-content\/uploads\/2026\/08\/Logo-neu_farbig-scaled.png","contentUrl":"https:\/\/boeimige.ch\/wp-content\/uploads\/2026\/08\/Logo-neu_farbig-scaled.png","width":2318,"height":2560,"caption":"B\u00f6imige Naturprojekte"},"image":{"@id":"https:\/\/boeimige.ch\/#\/schema\/logo\/image\/"},"sameAs":["https:\/\/www.facebook.com\/Eggwald3076","https:\/\/www.instagram.com\/boeimige_waldspielgruppe?igsh=N2M2Ymt2bGVrYTEx&utm_source=qr"]},{"@type":"Person","@id":"https:\/\/boeimige.ch\/#\/schema\/person\/9228b199a4bf1a502c3b3e0e368604f8","name":"admin","image":{"@type":"ImageObject","inLanguage":"de","@id":"https:\/\/secure.gravatar.com\/avatar\/b476a0bf638c3f6b12f015e2f56efbe5b26c86811ca104ed3790d31ece5b0833?s=96&d=mm&r=g","url":"https:\/\/secure.gravatar.com\/avatar\/b476a0bf638c3f6b12f015e2f56efbe5b26c86811ca104ed3790d31ece5b0833?s=96&d=mm&r=g","contentUrl":"https:\/\/secure.gravatar.com\/avatar\/b476a0bf638c3f6b12f015e2f56efbe5b26c86811ca104ed3790d31ece5b0833?s=96&d=mm&r=g","caption":"admin"},"url":"https:\/\/boeimige.ch\/?author=1"}]}},"_links":{"self":[{"href":"https:\/\/boeimige.ch\/index.php?rest_route=\/wp\/v2\/posts\/1481","targetHints":{"allow":["GET"]}}],"collection":[{"href":"https:\/\/boeimige.ch\/index.php?rest_route=\/wp\/v2\/posts"}],"about":[{"href":"https:\/\/boeimige.ch\/index.php?rest_route=\/wp\/v2\/types\/post"}],"author":[{"embeddable":true,"href":"https:\/\/boeimige.ch\/index.php?rest_route=\/wp\/v2\/users\/1"}],"replies":[{"embeddable":true,"href":"https:\/\/boeimige.ch\/index.php?rest_route=%2Fwp%2Fv2%2Fcomments&post=1481"}],"version-history":[{"count":0,"href":"https:\/\/boeimige.ch\/index.php?rest_route=\/wp\/v2\/posts\/1481\/revisions"}],"wp:attachment":[{"href":"https:\/\/boeimige.ch\/index.php?rest_route=%2Fwp%2Fv2%2Fmedia&parent=1481"}],"wp:term":[{"taxonomy":"category","embeddable":true,"href":"https:\/\/boeimige.ch\/index.php?rest_route=%2Fwp%2Fv2%2Fcategories&post=1481"},{"taxonomy":"post_tag","embeddable":true,"href":"https:\/\/boeimige.ch\/index.php?rest_route=%2Fwp%2Fv2%2Ftags&post=1481"}],"curies":[{"name":"wp","href":"https:\/\/api.w.org\/{rel}","templated":true}]}}