{"id":1726,"date":"2021-05-26T09:02:56","date_gmt":"2021-05-26T08:02:56","guid":{"rendered":"https:\/\/boeimige.ch\/?p=1726"},"modified":"2021-05-26T09:02:56","modified_gmt":"2021-05-26T08:02:56","slug":"waldpost-4-%c2%a6-2020-21","status":"publish","type":"post","link":"https:\/\/boeimige.ch\/?p=1726","title":{"rendered":"Waldpost 4 \u00a6 2020\/21"},"content":{"rendered":"\n<figure class=\"wp-block-image size-large\"><img loading=\"lazy\" decoding=\"async\" width=\"740\" height=\"120\" src=\"https:\/\/boeimigenaturprojektedotch.files.wordpress.com\/2017\/02\/waldpost_titel_neu.png?w=740\" alt=\"\" class=\"wp-image-569\" srcset=\"https:\/\/boeimige.ch\/wp-content\/uploads\/2017\/02\/waldpost_titel_neu.png 740w, https:\/\/boeimige.ch\/wp-content\/uploads\/2017\/02\/waldpost_titel_neu-300x49.png 300w\" sizes=\"auto, (max-width: 740px) 100vw, 740px\" \/><\/figure>\n\n\n\n<p class=\"wp-block-paragraph\"><span class=\"uppercase\"><strong>R\u00fcckblick aus den Waldgruppen<\/strong><\/span><\/p>\n\n\n\n<p class=\"wp-block-paragraph\"><em>Waldspielgruppe<\/em>  <em>Mittwoch<\/em><br>Allem Anfang wohnt ein Zauber inne \u2013 Am 10. M\u00e4rz 2021 sind wir bei traumhaftem Wetter mit der Mittwochsgruppe gestartet. Sieben Kinder sind mit Mama oder Papa in den Wald gekommen und haben einen Stecken gestaltet, der Halt gibt, wenn Heimweh entsteht. Gleichzeitig konnten wir damit die Abst\u00e4nde beim Treffpunkt markieren und einhalten, die in unserer anspruchsvollen Zeit aktuell gelten. <\/p>\n\n\n\n<div class=\"wp-block-image\"><figure class=\"aligncenter size-large is-resized\"><img loading=\"lazy\" decoding=\"async\" src=\"https:\/\/boeimigenaturprojektedotch.files.wordpress.com\/2021\/05\/grafik-5.png?w=355\" alt=\"\" class=\"wp-image-1771\" width=\"280\" height=\"159\" srcset=\"https:\/\/boeimige.ch\/wp-content\/uploads\/2021\/05\/grafik-5.png 355w, https:\/\/boeimige.ch\/wp-content\/uploads\/2021\/05\/grafik-5-300x169.png 300w\" sizes=\"auto, (max-width: 280px) 100vw, 280px\" \/><\/figure><\/div>\n\n\n\n<p class=\"wp-block-paragraph\">Ein fr\u00f6hliches V\u00f6geli begleitet die Kinder durch den Wald. Wir haben uns folglich intensiv mit dem Nestbau besch\u00e4ftigt, dabei festgestellt, dass das b\u00f6imige Waldsofa unser grosses Spielgruppennest ist. Das V\u00f6geli ist sehr neugierig und entdeckt immer wieder neue Sachen im Wald. Inzwischen hat es Freundschaft geschlossen mit einem Brumlistein, der meist am Boden liegt, in den Himmel oder in die Sterne schaut und eigentlich ebenso gerne wie das V\u00f6geli fliegen m\u00f6chte. Was die zwei zusammen noch alles erleben werden?<\/p>\n\n\n\n<div class=\"wp-block-image\"><figure class=\"aligncenter size-large\"><img loading=\"lazy\" decoding=\"async\" width=\"349\" height=\"196\" src=\"https:\/\/boeimigenaturprojektedotch.files.wordpress.com\/2021\/05\/grafik-6.png?w=349\" alt=\"\" class=\"wp-image-1777\" srcset=\"https:\/\/boeimige.ch\/wp-content\/uploads\/2021\/05\/grafik-6.png 349w, https:\/\/boeimige.ch\/wp-content\/uploads\/2021\/05\/grafik-6-300x168.png 300w\" sizes=\"auto, (max-width: 349px) 100vw, 349px\" \/><\/figure><\/div>\n\n\n\n<p class=\"wp-block-paragraph\"><\/p>\n\n\n\n<p class=\"wp-block-paragraph\"><em>Waldspielgruppe<\/em>  <em>Donnerstag<\/em><br>Anfangs Fr\u00fchling haben wir zusammen mit den Glocken von Wurzelbald die Knospen der Blumen und B\u00e4ume geweckt. Es hat funktioniert! Nun bl\u00fchen die verschiedensten Bl\u00fcten und faszinieren die Kinder immer wieder. Sei es das Buschwindr\u00f6schen in der selbsterfundenen \u00abSeillupe\u00bb oder das Ankebl\u00fcemli als Ohrenringli. <\/p>\n\n\n\n<div class=\"wp-block-columns is-layout-flex wp-container-core-columns-is-layout-8f761849 wp-block-columns-is-layout-flex\">\n<div class=\"wp-block-column is-layout-flow wp-block-column-is-layout-flow\" style=\"flex-basis:100%;\">\n<figure class=\"wp-block-gallery columns-2 is-cropped wp-block-gallery-1 is-layout-flex wp-block-gallery-is-layout-flex\"><ul class=\"blocks-gallery-grid\"><li class=\"blocks-gallery-item\"><figure><img decoding=\"async\" src=\"https:\/\/boeimigenaturprojektedotch.files.wordpress.com\/2021\/05\/img_4177-1.jpg?w=1024\" alt=\"\" data-id=\"1764\" data-link=\"https:\/\/boeimige.ch\/img_4177-1\/\" class=\"wp-image-1764\" \/><\/figure><\/li><li class=\"blocks-gallery-item\"><figure><img decoding=\"async\" src=\"https:\/\/boeimigenaturprojektedotch.files.wordpress.com\/2021\/05\/img_4468-1.jpg?w=768\" alt=\"\" data-id=\"1765\" data-link=\"https:\/\/boeimige.ch\/img_4468-1\/\" class=\"wp-image-1765\" \/><\/figure><\/li><\/ul><\/figure>\n<\/div>\n<\/div>\n\n\n\n<p class=\"wp-block-paragraph\">Unser Nachbar Fritz Rentsch hat uns einen neuen Holzunterstand gezimmert und ganz viel Holz ges\u00e4gt. Herzlichen Dank! Die Kinder haben beim Auff\u00fcllen tatkr\u00e4ftig mitgeholfen \ud83d\ude42 <\/p>\n\n\n\n<figure class=\"wp-block-gallery columns-2 is-cropped wp-block-gallery-2 is-layout-flex wp-block-gallery-is-layout-flex\"><ul class=\"blocks-gallery-grid\"><li class=\"blocks-gallery-item\"><figure><img decoding=\"async\" src=\"https:\/\/boeimigenaturprojektedotch.files.wordpress.com\/2021\/05\/img_4283.jpg?w=1024\" alt=\"\" data-id=\"1760\" data-link=\"https:\/\/boeimige.ch\/img_4283\/\" class=\"wp-image-1760\" \/><\/figure><\/li><li class=\"blocks-gallery-item\"><figure><img decoding=\"async\" src=\"https:\/\/boeimigenaturprojektedotch.files.wordpress.com\/2021\/05\/img_4303-e1621430078952.jpg\" data-id=\"1761\" class=\"wp-image-1761\" \/><\/figure><\/li><\/ul><\/figure>\n\n\n\n<p class=\"wp-block-paragraph\"><\/p>\n\n\n\n<p class=\"wp-block-paragraph\"><em>B\u00f6imige Walddetektive<\/em><br>Am 1. Mai haben sich unsere Walddetektive lauschend und h\u00f6rend auf die Spur von Gr\u00fcnspecht, Amsel, Kuckuck und vielen anderen Mitgliedern der grossen Vogelfamilie begeben. Dabei hat uns das Wetter viel Abwechslung beschert &#8211; ein w\u00e4rmendes Feuer und ein leckeres Essen durften da nat\u00fcrlich nicht fehlen!<\/p>\n\n\n\n<figure class=\"wp-block-gallery columns-3 is-cropped wp-block-gallery-3 is-layout-flex wp-block-gallery-is-layout-flex\"><ul class=\"blocks-gallery-grid\"><li class=\"blocks-gallery-item\"><figure><img loading=\"lazy\" decoding=\"async\" width=\"1854\" height=\"834\" src=\"https:\/\/boeimigenaturprojektedotch.files.wordpress.com\/2021\/05\/img_20210501_122356_resized_20210518_03392995219714.jpg?w=1024\" alt=\"\" data-id=\"1736\" data-link=\"https:\/\/boeimige.ch\/img_20210501_122356_resized_20210518_03392995219714\/\" class=\"wp-image-1736\" srcset=\"https:\/\/boeimige.ch\/wp-content\/uploads\/2021\/05\/img_20210501_122356_resized_20210518_03392995219714.jpg 1854w, https:\/\/boeimige.ch\/wp-content\/uploads\/2021\/05\/img_20210501_122356_resized_20210518_03392995219714-300x135.jpg 300w, https:\/\/boeimige.ch\/wp-content\/uploads\/2021\/05\/img_20210501_122356_resized_20210518_03392995219714-1024x461.jpg 1024w, https:\/\/boeimige.ch\/wp-content\/uploads\/2021\/05\/img_20210501_122356_resized_20210518_03392995219714-768x345.jpg 768w, https:\/\/boeimige.ch\/wp-content\/uploads\/2021\/05\/img_20210501_122356_resized_20210518_03392995219714-1536x691.jpg 1536w, https:\/\/boeimige.ch\/wp-content\/uploads\/2021\/05\/img_20210501_122356_resized_20210518_03392995219714-1568x705.jpg 1568w\" sizes=\"auto, (max-width: 1854px) 100vw, 1854px\" \/><\/figure><\/li><li class=\"blocks-gallery-item\"><figure><img loading=\"lazy\" decoding=\"async\" width=\"1548\" height=\"1197\" src=\"https:\/\/boeimigenaturprojektedotch.files.wordpress.com\/2021\/05\/img_20210501_122451_resized_20210518_03253512519715.jpg?w=1024\" alt=\"\" data-id=\"1737\" data-link=\"https:\/\/boeimige.ch\/img_20210501_122451_resized_20210518_03253512519715\/\" class=\"wp-image-1737\" srcset=\"https:\/\/boeimige.ch\/wp-content\/uploads\/2021\/05\/img_20210501_122451_resized_20210518_03253512519715.jpg 1548w, https:\/\/boeimige.ch\/wp-content\/uploads\/2021\/05\/img_20210501_122451_resized_20210518_03253512519715-300x232.jpg 300w, https:\/\/boeimige.ch\/wp-content\/uploads\/2021\/05\/img_20210501_122451_resized_20210518_03253512519715-1024x792.jpg 1024w, https:\/\/boeimige.ch\/wp-content\/uploads\/2021\/05\/img_20210501_122451_resized_20210518_03253512519715-768x594.jpg 768w, https:\/\/boeimige.ch\/wp-content\/uploads\/2021\/05\/img_20210501_122451_resized_20210518_03253512519715-1536x1188.jpg 1536w\" sizes=\"auto, (max-width: 1548px) 100vw, 1548px\" \/><\/figure><\/li><li class=\"blocks-gallery-item\"><figure><img decoding=\"async\" src=\"https:\/\/boeimigenaturprojektedotch.files.wordpress.com\/2021\/05\/img_4241.jpg?w=1024\" alt=\"\" data-id=\"1738\" data-link=\"https:\/\/boeimige.ch\/img_4241\/\" class=\"wp-image-1738\" \/><\/figure><\/li><\/ul><\/figure>\n\n\n\n<p class=\"wp-block-paragraph\"><\/p>\n\n\n\n<p class=\"wp-block-paragraph\"><span class=\"uppercase\"><strong>Ausblick<\/strong><\/span><\/p>\n\n\n\n<p class=\"has-text-align-justify wp-block-paragraph\"><em>Waldspielgruppe<\/em><br>Ab August 21 gibt es in beiden Spielgruppen, also am Mittwoch und am Donnerstag noch <strong>freie Pl\u00e4tze<\/strong>. Deshalb findet am <strong>Do, 10. Juni <\/strong>ein <strong>Schnuppermorgen<\/strong> statt. Wir laden alle interessierten Familien ein, an diesem kostenlosen und unverbindlichen Schnuppermorgen vorbeizukommen, um die B\u00f6imigen kennen zu lernen. Besuche sind zwischen 9h und ca. 11.30h m\u00f6glich. Weitersagen ist erw\u00fcnscht; wir z\u00e4hlen auf eure Mithilfe! <a rel=\"noreferrer noopener\" href=\"https:\/\/boeimige.ch\/angebot\/waldspielgruppe\/\" target=\"_blank\">Weitere Infos und Anmeldung<\/a><\/p>\n\n\n\n<p class=\"has-text-align-center wp-block-paragraph\"> <img decoding=\"async\" class=\"wp-image-992\" style=\"width:166px;\" src=\"https:\/\/boeimigenaturprojektedotch.files.wordpress.com\/2018\/06\/p1020403-2.jpg\" alt=\"\"><img loading=\"lazy\" decoding=\"async\" width=\"150\" height=\"134\" class=\"wp-image-1767\" style=\"width:150px;\" src=\"https:\/\/boeimigenaturprojektedotch.files.wordpress.com\/2021\/05\/img_4454-2.jpg\" alt=\"\" srcset=\"https:\/\/boeimige.ch\/wp-content\/uploads\/2021\/05\/img_4454-2.jpg 1913w, https:\/\/boeimige.ch\/wp-content\/uploads\/2021\/05\/img_4454-2-300x268.jpg 300w, https:\/\/boeimige.ch\/wp-content\/uploads\/2021\/05\/img_4454-2-1024x916.jpg 1024w, https:\/\/boeimige.ch\/wp-content\/uploads\/2021\/05\/img_4454-2-768x687.jpg 768w, https:\/\/boeimige.ch\/wp-content\/uploads\/2021\/05\/img_4454-2-1536x1375.jpg 1536w, https:\/\/boeimige.ch\/wp-content\/uploads\/2021\/05\/img_4454-2-1568x1403.jpg 1568w\" sizes=\"auto, (max-width: 150px) 100vw, 150px\" \/><\/p>\n\n\n\n<p class=\"wp-block-paragraph\"><em>Himug\u00fcegeli<\/em><br>Der n\u00e4chste Eltern-Kind-Nami findet am <strong>Mi, 2. Juni<\/strong> statt. Nach den Sommerferien geht es wie folgt weiter: 25. August, 22. September, 27. Oktober, 24. November. Aufgrund der Covid-Einschr\u00e4nkungen sind wir weiterhin auf eine Anmeldung angewiesen. Bekannte und neue Gesichter sind jederzeit herzlich willkommen!  <\/p>\n\n\n\n<p class=\"wp-block-paragraph\"><em>B\u00f6imige Walddetektive<\/em><br>Am <strong>19. Juni<\/strong> sind die Detektive das n\u00e4chste Mal im Eggwald unterwegs. Nach den Sommerferien geht es am 4. September weiter. <a href=\"https:\/\/boeimigenaturprojektedotch.files.wordpress.com\/2021\/05\/anmeldung_walddetektive2021.pdf\">Anmeldungen <\/a>nehmen wir gerne entgegen. <br><br><em><em>V<em>ereinsanlass<\/em>  <\/em><br><\/em>Am  <strong>Fr, 25. Juni <\/strong>von 15- ca. 17 Uhr erz\u00e4hlt Marianne beim Waldsofa <strong>Zw\u00e4rgegschichtli, <\/strong>gemeinsam bauen wir<strong> Zw\u00e4rgeh\u00fcsli. <\/strong>Der Anlass ist f\u00fcr Mitglieder des Vereins B\u00f6imige Naturprojekte gratis, f\u00fcr alle andern kostet er  SFR 10.- pro Familie.  Ein kleines zVieri ist inbegriffen. Erwachsene kommen bitte mit Maske.  Anmeldung bis 23. Juni an: <a href=\"mailto:marianne@boeimige.ch\">marianne@boeimige.ch<\/a> oder 079 373 13 03.<\/p>\n\n\n\n<div class=\"wp-block-image\"><figure class=\"aligncenter size-large is-resized\"><img loading=\"lazy\" decoding=\"async\" src=\"https:\/\/boeimigenaturprojektedotch.files.wordpress.com\/2021\/05\/bild1.jpg?w=775\" alt=\"\" class=\"wp-image-1749\" width=\"504\" height=\"351\" \/><\/figure><\/div>\n\n\n\n<p class=\"wp-block-paragraph\"><em>Ferienspass im August <\/em><br>Beerenrot, Bl\u00e4ttergr\u00fcn und Kohleschwarz sowie WALDZEIT, so heissen unsere diesj\u00e4hrigen <a href=\"https:\/\/boeimige.ch\/angebot\/ferienspasstage\/\">Ferienspassangebote<\/a>, die am <strong>Do, 12. August<\/strong> stattfinden. <\/p>\n\n\n\n<p class=\"wp-block-paragraph\" style=\"line-height:1.5;\"><em>Mitgliederversammlung <\/em><br>Zum Vormerken: Unsere Mitgliederversammlung findet voraussichtlich am <strong>Sa, 18. September<\/strong> zwischen 14 und 18h statt. <br><\/p>\n\n\n\n<p class=\"wp-block-paragraph\">  <\/p>\n\n\n\n<p class=\"wp-block-paragraph\"><\/p>\n\n\n\n<p class=\"wp-block-paragraph\"><\/p>\n\n\n\n<p class=\"wp-block-paragraph\" style=\"line-height:1.5;\"><span class=\"uppercase\"><strong>Diverses<\/strong><\/span><\/p>\n\n\n\n<p class=\"wp-block-paragraph\"><em>Kooperation mit der <a href=\"http:\/\/spilerei.ch\">Spilerei <\/a> <\/em><br>Der Wald bietet unz\u00e4hlige Bewegungsm\u00f6glichkeiten. Doch auch drinnen ist viel tolles m\u00f6glich! Die Angebote der Spilerei sehen wir als ideale Erg\u00e4nzung zur Waldspielgruppe. Aktuell gibt es noch freie Spielgruppenpl\u00e4tze. Kinder, welche in beiden Spielgruppen angemeldet sind, erhalten einen Rabatt. <\/p>\n\n\n\n<figure class=\"wp-block-gallery columns-3 is-cropped wp-block-gallery-4 is-layout-flex wp-block-gallery-is-layout-flex\"><ul class=\"blocks-gallery-grid\"><li class=\"blocks-gallery-item\"><figure><img loading=\"lazy\" decoding=\"async\" width=\"400\" height=\"300\" src=\"https:\/\/boeimigenaturprojektedotch.files.wordpress.com\/2021\/05\/img_2439-min-400x300-1.jpg?w=400\" alt=\"\" data-id=\"1755\" data-link=\"https:\/\/boeimige.ch\/img_2439-min-400x300-1\/\" class=\"wp-image-1755\" srcset=\"https:\/\/boeimige.ch\/wp-content\/uploads\/2021\/05\/img_2439-min-400x300-1.jpg 400w, https:\/\/boeimige.ch\/wp-content\/uploads\/2021\/05\/img_2439-min-400x300-1-300x225.jpg 300w\" sizes=\"auto, (max-width: 400px) 100vw, 400px\" \/><\/figure><\/li><li class=\"blocks-gallery-item\"><figure><img loading=\"lazy\" decoding=\"async\" width=\"2560\" height=\"1920\" src=\"https:\/\/boeimigenaturprojektedotch.files.wordpress.com\/2021\/05\/img_3521-min-scaled-1.jpg?w=1024\" alt=\"\" data-id=\"1756\" data-link=\"https:\/\/boeimige.ch\/img_3521-min-scaled-1\/\" class=\"wp-image-1756\" srcset=\"https:\/\/boeimige.ch\/wp-content\/uploads\/2021\/05\/img_3521-min-scaled-1.jpg 2560w, https:\/\/boeimige.ch\/wp-content\/uploads\/2021\/05\/img_3521-min-scaled-1-300x225.jpg 300w, https:\/\/boeimige.ch\/wp-content\/uploads\/2021\/05\/img_3521-min-scaled-1-1024x768.jpg 1024w, https:\/\/boeimige.ch\/wp-content\/uploads\/2021\/05\/img_3521-min-scaled-1-768x576.jpg 768w, https:\/\/boeimige.ch\/wp-content\/uploads\/2021\/05\/img_3521-min-scaled-1-1536x1152.jpg 1536w, https:\/\/boeimige.ch\/wp-content\/uploads\/2021\/05\/img_3521-min-scaled-1-2048x1536.jpg 2048w, https:\/\/boeimige.ch\/wp-content\/uploads\/2021\/05\/img_3521-min-scaled-1-1568x1176.jpg 1568w\" sizes=\"auto, (max-width: 2560px) 100vw, 2560px\" \/><\/figure><\/li><li class=\"blocks-gallery-item\"><figure><img loading=\"lazy\" decoding=\"async\" width=\"400\" height=\"300\" src=\"https:\/\/boeimigenaturprojektedotch.files.wordpress.com\/2021\/05\/img_3533-min-400x300-1.jpg?w=400\" alt=\"\" data-id=\"1757\" data-link=\"https:\/\/boeimige.ch\/img_3533-min-400x300-1\/\" class=\"wp-image-1757\" srcset=\"https:\/\/boeimige.ch\/wp-content\/uploads\/2021\/05\/img_3533-min-400x300-1.jpg 400w, https:\/\/boeimige.ch\/wp-content\/uploads\/2021\/05\/img_3533-min-400x300-1-300x225.jpg 300w\" sizes=\"auto, (max-width: 400px) 100vw, 400px\" \/><\/figure><\/li><\/ul><\/figure>\n\n\n\n<p class=\"wp-block-paragraph\"><\/p>\n\n\n\n<p class=\"wp-block-paragraph\"><\/p>\n\n\n\n<p class=\"wp-block-paragraph\"><em>R\u00e4tsel <\/em>&#8211; <em>wer bin ich?<\/em><br><img loading=\"lazy\" decoding=\"async\" width=\"150\" height=\"150\" class=\"wp-image-1784\" style=\"width:150px;\" src=\"https:\/\/boeimigenaturprojektedotch.files.wordpress.com\/2021\/05\/20210524_174953.jpg\" alt=\"\" srcset=\"https:\/\/boeimige.ch\/wp-content\/uploads\/2021\/05\/20210524_174953.jpg 1049w, https:\/\/boeimige.ch\/wp-content\/uploads\/2021\/05\/20210524_174953-300x300.jpg 300w, https:\/\/boeimige.ch\/wp-content\/uploads\/2021\/05\/20210524_174953-1024x1024.jpg 1024w, https:\/\/boeimige.ch\/wp-content\/uploads\/2021\/05\/20210524_174953-150x150.jpg 150w, https:\/\/boeimige.ch\/wp-content\/uploads\/2021\/05\/20210524_174953-768x768.jpg 768w\" sizes=\"auto, (max-width: 150px) 100vw, 150px\" \/><\/p>\n\n\n\n<p class=\"wp-block-paragraph\">Piep, piep! Wer weiss, was f\u00fcr ein V\u00f6geli ich bin? Tipp: Ich singe auch im Winter lebhaft und laut und kann h\u00f6her fliegen als der Adler.<\/p>\n\n\n\n<p class=\"wp-block-paragraph\">Aufl\u00f6sung am 9. Juni 2021 auf unserer <a href=\"https:\/\/www.facebook.com\/B%C3%B6imige-Naturprojekte-Waldspielgruppe-Worb-1742809929266120\" target=\"_blank\" rel=\"noreferrer noopener\">Facebook-Seite<\/a>. Hier ver\u00f6ffentlichen wir immer wieder b\u00f6imige Einblicke unseres Alltags. Jene, die bei Facebook dabei sind, k\u00f6nnen bei jedem Beitrag auf &#8222;Gef\u00e4llt mir&#8220; klicken. Noch besser ist es, wenn der Beitrag geteilt oder kommentiert wird, damit wird er h\u00e4ufiger anderen Personen angezeigt und wir k\u00f6nnen die Reichweite auf dieser Plattform erh\u00f6hen. Danke f\u00fcr\u2018s Mitmachen!<\/p>\n","protected":false},"excerpt":{"rendered":"<p>R\u00fcckblick aus den Waldgruppen Waldspielgruppe MittwochAllem Anfang wohnt ein Zauber inne \u2013 Am 10. M\u00e4rz 2021 sind wir bei traumhaftem Wetter mit der Mittwochsgruppe gestartet. Sieben Kinder sind mit Mama oder Papa in den Wald gekommen und haben einen Stecken &hellip; <a href=\"https:\/\/boeimige.ch\/?p=1726\">Weiterlesen <span class=\"meta-nav\">&rarr;<\/span><\/a><\/p>\n","protected":false},"author":1,"featured_media":0,"comment_status":"closed","ping_status":"closed","sticky":false,"template":"","format":"standard","meta":{"footnotes":""},"categories":[6],"tags":[],"class_list":["post-1726","post","type-post","status-publish","format-standard","hentry","category-waldpost"],"yoast_head":"<!-- This site is optimized with the Yoast SEO plugin v28.3 - https:\/\/yoast.com\/product\/yoast-seo-wordpress\/ -->\n<title>Waldpost 4 \u00a6 2020\/21 - B\u00f6imige Naturprojekte<\/title>\n<meta name=\"robots\" content=\"index, follow, max-snippet:-1, max-image-preview:large, max-video-preview:-1\" \/>\n<link rel=\"canonical\" href=\"https:\/\/boeimige.ch\/?p=1726\" \/>\n<meta property=\"og:locale\" content=\"de_DE\" \/>\n<meta property=\"og:type\" content=\"article\" \/>\n<meta property=\"og:title\" content=\"Waldpost 4 \u00a6 2020\/21 - B\u00f6imige Naturprojekte\" \/>\n<meta property=\"og:description\" content=\"R\u00fcckblick aus den Waldgruppen Waldspielgruppe MittwochAllem Anfang wohnt ein Zauber inne \u2013 Am 10. M\u00e4rz 2021 sind wir bei traumhaftem Wetter mit der Mittwochsgruppe gestartet. Sieben Kinder sind mit Mama oder Papa in den Wald gekommen und haben einen Stecken &hellip; Weiterlesen &rarr;\" \/>\n<meta property=\"og:url\" content=\"https:\/\/boeimige.ch\/?p=1726\" \/>\n<meta property=\"og:site_name\" content=\"B\u00f6imige Naturprojekte\" \/>\n<meta property=\"article:publisher\" content=\"https:\/\/www.facebook.com\/Eggwald3076\" \/>\n<meta property=\"article:published_time\" content=\"2021-05-26T08:02:56+00:00\" \/>\n<meta property=\"og:image\" content=\"https:\/\/boeimige.ch\/wp-content\/uploads\/2017\/02\/waldpost_titel_neu.png\" \/>\n\t<meta property=\"og:image:width\" content=\"740\" \/>\n\t<meta property=\"og:image:height\" content=\"120\" \/>\n\t<meta property=\"og:image:type\" content=\"image\/png\" \/>\n<meta name=\"author\" content=\"admin\" \/>\n<meta name=\"twitter:card\" content=\"summary_large_image\" \/>\n<meta name=\"twitter:label1\" content=\"Verfasst von\" \/>\n\t<meta name=\"twitter:data1\" content=\"admin\" \/>\n\t<meta name=\"twitter:label2\" content=\"Gesch\u00e4tzte Lesezeit\" \/>\n\t<meta name=\"twitter:data2\" content=\"3\u00a0Minuten\" \/>\n<script type=\"application\/ld+json\" class=\"yoast-schema-graph\">{\"@context\":\"https:\\\/\\\/schema.org\",\"@graph\":[{\"@type\":\"Article\",\"@id\":\"https:\\\/\\\/boeimige.ch\\\/?p=1726#article\",\"isPartOf\":{\"@id\":\"https:\\\/\\\/boeimige.ch\\\/?p=1726\"},\"author\":{\"name\":\"admin\",\"@id\":\"https:\\\/\\\/boeimige.ch\\\/#\\\/schema\\\/person\\\/9228b199a4bf1a502c3b3e0e368604f8\"},\"headline\":\"Waldpost 4 \u00a6 2020\\\/21\",\"datePublished\":\"2021-05-26T08:02:56+00:00\",\"mainEntityOfPage\":{\"@id\":\"https:\\\/\\\/boeimige.ch\\\/?p=1726\"},\"wordCount\":674,\"publisher\":{\"@id\":\"https:\\\/\\\/boeimige.ch\\\/#organization\"},\"image\":{\"@id\":\"https:\\\/\\\/boeimige.ch\\\/?p=1726#primaryimage\"},\"thumbnailUrl\":\"https:\\\/\\\/boeimigenaturprojektedotch.files.wordpress.com\\\/2017\\\/02\\\/waldpost_titel_neu.png?w=740\",\"articleSection\":[\"Waldpost\"],\"inLanguage\":\"de\"},{\"@type\":\"WebPage\",\"@id\":\"https:\\\/\\\/boeimige.ch\\\/?p=1726\",\"url\":\"https:\\\/\\\/boeimige.ch\\\/?p=1726\",\"name\":\"Waldpost 4 \u00a6 2020\\\/21 - B\u00f6imige Naturprojekte\",\"isPartOf\":{\"@id\":\"https:\\\/\\\/boeimige.ch\\\/#website\"},\"primaryImageOfPage\":{\"@id\":\"https:\\\/\\\/boeimige.ch\\\/?p=1726#primaryimage\"},\"image\":{\"@id\":\"https:\\\/\\\/boeimige.ch\\\/?p=1726#primaryimage\"},\"thumbnailUrl\":\"https:\\\/\\\/boeimigenaturprojektedotch.files.wordpress.com\\\/2017\\\/02\\\/waldpost_titel_neu.png?w=740\",\"datePublished\":\"2021-05-26T08:02:56+00:00\",\"breadcrumb\":{\"@id\":\"https:\\\/\\\/boeimige.ch\\\/?p=1726#breadcrumb\"},\"inLanguage\":\"de\",\"potentialAction\":[{\"@type\":\"ReadAction\",\"target\":[\"https:\\\/\\\/boeimige.ch\\\/?p=1726\"]}]},{\"@type\":\"ImageObject\",\"inLanguage\":\"de\",\"@id\":\"https:\\\/\\\/boeimige.ch\\\/?p=1726#primaryimage\",\"url\":\"https:\\\/\\\/boeimigenaturprojektedotch.files.wordpress.com\\\/2017\\\/02\\\/waldpost_titel_neu.png?w=740\",\"contentUrl\":\"https:\\\/\\\/boeimigenaturprojektedotch.files.wordpress.com\\\/2017\\\/02\\\/waldpost_titel_neu.png?w=740\"},{\"@type\":\"BreadcrumbList\",\"@id\":\"https:\\\/\\\/boeimige.ch\\\/?p=1726#breadcrumb\",\"itemListElement\":[{\"@type\":\"ListItem\",\"position\":1,\"name\":\"Start\",\"item\":\"https:\\\/\\\/boeimige.ch\\\/\"},{\"@type\":\"ListItem\",\"position\":2,\"name\":\"Waldpost 4 \u00a6 2020\\\/21\"}]},{\"@type\":\"WebSite\",\"@id\":\"https:\\\/\\\/boeimige.ch\\\/#website\",\"url\":\"https:\\\/\\\/boeimige.ch\\\/\",\"name\":\"B\u00f6imige Naturprojekte\",\"description\":\"Waldspielgruppe und Walderlebnisse in Worb\",\"publisher\":{\"@id\":\"https:\\\/\\\/boeimige.ch\\\/#organization\"},\"potentialAction\":[{\"@type\":\"SearchAction\",\"target\":{\"@type\":\"EntryPoint\",\"urlTemplate\":\"https:\\\/\\\/boeimige.ch\\\/?s={search_term_string}\"},\"query-input\":{\"@type\":\"PropertyValueSpecification\",\"valueRequired\":true,\"valueName\":\"search_term_string\"}}],\"inLanguage\":\"de\"},{\"@type\":\"Organization\",\"@id\":\"https:\\\/\\\/boeimige.ch\\\/#organization\",\"name\":\"B\u00f6imige Naturprojekte\",\"url\":\"https:\\\/\\\/boeimige.ch\\\/\",\"logo\":{\"@type\":\"ImageObject\",\"inLanguage\":\"de\",\"@id\":\"https:\\\/\\\/boeimige.ch\\\/#\\\/schema\\\/logo\\\/image\\\/\",\"url\":\"https:\\\/\\\/boeimige.ch\\\/wp-content\\\/uploads\\\/2026\\\/08\\\/Logo-neu_farbig-scaled.png\",\"contentUrl\":\"https:\\\/\\\/boeimige.ch\\\/wp-content\\\/uploads\\\/2026\\\/08\\\/Logo-neu_farbig-scaled.png\",\"width\":2318,\"height\":2560,\"caption\":\"B\u00f6imige Naturprojekte\"},\"image\":{\"@id\":\"https:\\\/\\\/boeimige.ch\\\/#\\\/schema\\\/logo\\\/image\\\/\"},\"sameAs\":[\"https:\\\/\\\/www.facebook.com\\\/Eggwald3076\",\"https:\\\/\\\/www.instagram.com\\\/boeimige_waldspielgruppe?igsh=N2M2Ymt2bGVrYTEx&utm_source=qr\"]},{\"@type\":\"Person\",\"@id\":\"https:\\\/\\\/boeimige.ch\\\/#\\\/schema\\\/person\\\/9228b199a4bf1a502c3b3e0e368604f8\",\"name\":\"admin\",\"image\":{\"@type\":\"ImageObject\",\"inLanguage\":\"de\",\"@id\":\"https:\\\/\\\/secure.gravatar.com\\\/avatar\\\/b476a0bf638c3f6b12f015e2f56efbe5b26c86811ca104ed3790d31ece5b0833?s=96&d=mm&r=g\",\"url\":\"https:\\\/\\\/secure.gravatar.com\\\/avatar\\\/b476a0bf638c3f6b12f015e2f56efbe5b26c86811ca104ed3790d31ece5b0833?s=96&d=mm&r=g\",\"contentUrl\":\"https:\\\/\\\/secure.gravatar.com\\\/avatar\\\/b476a0bf638c3f6b12f015e2f56efbe5b26c86811ca104ed3790d31ece5b0833?s=96&d=mm&r=g\",\"caption\":\"admin\"},\"url\":\"https:\\\/\\\/boeimige.ch\\\/?author=1\"}]}<\/script>\n<!-- \/ Yoast SEO plugin. -->","yoast_head_json":{"title":"Waldpost 4 \u00a6 2020\/21 - B\u00f6imige Naturprojekte","robots":{"index":"index","follow":"follow","max-snippet":"max-snippet:-1","max-image-preview":"max-image-preview:large","max-video-preview":"max-video-preview:-1"},"canonical":"https:\/\/boeimige.ch\/?p=1726","og_locale":"de_DE","og_type":"article","og_title":"Waldpost 4 \u00a6 2020\/21 - B\u00f6imige Naturprojekte","og_description":"R\u00fcckblick aus den Waldgruppen Waldspielgruppe MittwochAllem Anfang wohnt ein Zauber inne \u2013 Am 10. M\u00e4rz 2021 sind wir bei traumhaftem Wetter mit der Mittwochsgruppe gestartet. Sieben Kinder sind mit Mama oder Papa in den Wald gekommen und haben einen Stecken &hellip; Weiterlesen &rarr;","og_url":"https:\/\/boeimige.ch\/?p=1726","og_site_name":"B\u00f6imige Naturprojekte","article_publisher":"https:\/\/www.facebook.com\/Eggwald3076","article_published_time":"2021-05-26T08:02:56+00:00","og_image":[{"width":740,"height":120,"url":"https:\/\/boeimige.ch\/wp-content\/uploads\/2017\/02\/waldpost_titel_neu.png","type":"image\/png"}],"author":"admin","twitter_card":"summary_large_image","twitter_misc":{"Verfasst von":"admin","Gesch\u00e4tzte Lesezeit":"3\u00a0Minuten"},"schema":{"@context":"https:\/\/schema.org","@graph":[{"@type":"Article","@id":"https:\/\/boeimige.ch\/?p=1726#article","isPartOf":{"@id":"https:\/\/boeimige.ch\/?p=1726"},"author":{"name":"admin","@id":"https:\/\/boeimige.ch\/#\/schema\/person\/9228b199a4bf1a502c3b3e0e368604f8"},"headline":"Waldpost 4 \u00a6 2020\/21","datePublished":"2021-05-26T08:02:56+00:00","mainEntityOfPage":{"@id":"https:\/\/boeimige.ch\/?p=1726"},"wordCount":674,"publisher":{"@id":"https:\/\/boeimige.ch\/#organization"},"image":{"@id":"https:\/\/boeimige.ch\/?p=1726#primaryimage"},"thumbnailUrl":"https:\/\/boeimigenaturprojektedotch.files.wordpress.com\/2017\/02\/waldpost_titel_neu.png?w=740","articleSection":["Waldpost"],"inLanguage":"de"},{"@type":"WebPage","@id":"https:\/\/boeimige.ch\/?p=1726","url":"https:\/\/boeimige.ch\/?p=1726","name":"Waldpost 4 \u00a6 2020\/21 - B\u00f6imige Naturprojekte","isPartOf":{"@id":"https:\/\/boeimige.ch\/#website"},"primaryImageOfPage":{"@id":"https:\/\/boeimige.ch\/?p=1726#primaryimage"},"image":{"@id":"https:\/\/boeimige.ch\/?p=1726#primaryimage"},"thumbnailUrl":"https:\/\/boeimigenaturprojektedotch.files.wordpress.com\/2017\/02\/waldpost_titel_neu.png?w=740","datePublished":"2021-05-26T08:02:56+00:00","breadcrumb":{"@id":"https:\/\/boeimige.ch\/?p=1726#breadcrumb"},"inLanguage":"de","potentialAction":[{"@type":"ReadAction","target":["https:\/\/boeimige.ch\/?p=1726"]}]},{"@type":"ImageObject","inLanguage":"de","@id":"https:\/\/boeimige.ch\/?p=1726#primaryimage","url":"https:\/\/boeimigenaturprojektedotch.files.wordpress.com\/2017\/02\/waldpost_titel_neu.png?w=740","contentUrl":"https:\/\/boeimigenaturprojektedotch.files.wordpress.com\/2017\/02\/waldpost_titel_neu.png?w=740"},{"@type":"BreadcrumbList","@id":"https:\/\/boeimige.ch\/?p=1726#breadcrumb","itemListElement":[{"@type":"ListItem","position":1,"name":"Start","item":"https:\/\/boeimige.ch\/"},{"@type":"ListItem","position":2,"name":"Waldpost 4 \u00a6 2020\/21"}]},{"@type":"WebSite","@id":"https:\/\/boeimige.ch\/#website","url":"https:\/\/boeimige.ch\/","name":"B\u00f6imige Naturprojekte","description":"Waldspielgruppe und Walderlebnisse in Worb","publisher":{"@id":"https:\/\/boeimige.ch\/#organization"},"potentialAction":[{"@type":"SearchAction","target":{"@type":"EntryPoint","urlTemplate":"https:\/\/boeimige.ch\/?s={search_term_string}"},"query-input":{"@type":"PropertyValueSpecification","valueRequired":true,"valueName":"search_term_string"}}],"inLanguage":"de"},{"@type":"Organization","@id":"https:\/\/boeimige.ch\/#organization","name":"B\u00f6imige Naturprojekte","url":"https:\/\/boeimige.ch\/","logo":{"@type":"ImageObject","inLanguage":"de","@id":"https:\/\/boeimige.ch\/#\/schema\/logo\/image\/","url":"https:\/\/boeimige.ch\/wp-content\/uploads\/2026\/08\/Logo-neu_farbig-scaled.png","contentUrl":"https:\/\/boeimige.ch\/wp-content\/uploads\/2026\/08\/Logo-neu_farbig-scaled.png","width":2318,"height":2560,"caption":"B\u00f6imige Naturprojekte"},"image":{"@id":"https:\/\/boeimige.ch\/#\/schema\/logo\/image\/"},"sameAs":["https:\/\/www.facebook.com\/Eggwald3076","https:\/\/www.instagram.com\/boeimige_waldspielgruppe?igsh=N2M2Ymt2bGVrYTEx&utm_source=qr"]},{"@type":"Person","@id":"https:\/\/boeimige.ch\/#\/schema\/person\/9228b199a4bf1a502c3b3e0e368604f8","name":"admin","image":{"@type":"ImageObject","inLanguage":"de","@id":"https:\/\/secure.gravatar.com\/avatar\/b476a0bf638c3f6b12f015e2f56efbe5b26c86811ca104ed3790d31ece5b0833?s=96&d=mm&r=g","url":"https:\/\/secure.gravatar.com\/avatar\/b476a0bf638c3f6b12f015e2f56efbe5b26c86811ca104ed3790d31ece5b0833?s=96&d=mm&r=g","contentUrl":"https:\/\/secure.gravatar.com\/avatar\/b476a0bf638c3f6b12f015e2f56efbe5b26c86811ca104ed3790d31ece5b0833?s=96&d=mm&r=g","caption":"admin"},"url":"https:\/\/boeimige.ch\/?author=1"}]}},"_links":{"self":[{"href":"https:\/\/boeimige.ch\/index.php?rest_route=\/wp\/v2\/posts\/1726","targetHints":{"allow":["GET"]}}],"collection":[{"href":"https:\/\/boeimige.ch\/index.php?rest_route=\/wp\/v2\/posts"}],"about":[{"href":"https:\/\/boeimige.ch\/index.php?rest_route=\/wp\/v2\/types\/post"}],"author":[{"embeddable":true,"href":"https:\/\/boeimige.ch\/index.php?rest_route=\/wp\/v2\/users\/1"}],"replies":[{"embeddable":true,"href":"https:\/\/boeimige.ch\/index.php?rest_route=%2Fwp%2Fv2%2Fcomments&post=1726"}],"version-history":[{"count":0,"href":"https:\/\/boeimige.ch\/index.php?rest_route=\/wp\/v2\/posts\/1726\/revisions"}],"wp:attachment":[{"href":"https:\/\/boeimige.ch\/index.php?rest_route=%2Fwp%2Fv2%2Fmedia&parent=1726"}],"wp:term":[{"taxonomy":"category","embeddable":true,"href":"https:\/\/boeimige.ch\/index.php?rest_route=%2Fwp%2Fv2%2Fcategories&post=1726"},{"taxonomy":"post_tag","embeddable":true,"href":"https:\/\/boeimige.ch\/index.php?rest_route=%2Fwp%2Fv2%2Ftags&post=1726"}],"curies":[{"name":"wp","href":"https:\/\/api.w.org\/{rel}","templated":true}]}}