{"id":1891,"date":"2021-08-27T15:41:33","date_gmt":"2021-08-27T14:41:33","guid":{"rendered":"https:\/\/boeimige.ch\/?p=1891"},"modified":"2021-08-27T15:41:33","modified_gmt":"2021-08-27T14:41:33","slug":"waldpost-1-2021-22","status":"publish","type":"post","link":"https:\/\/boeimige.ch\/?p=1891","title":{"rendered":"Waldpost 1 | 2021\/22"},"content":{"rendered":"\n<figure class=\"wp-block-image\"><img loading=\"lazy\" decoding=\"async\" width=\"740\" height=\"120\" src=\"https:\/\/boeimigenaturprojektedotch.files.wordpress.com\/2017\/02\/waldpost_titel_neu.png\" alt=\"waldpost_titel_neu\" class=\"wp-image-569\" srcset=\"https:\/\/boeimige.ch\/wp-content\/uploads\/2017\/02\/waldpost_titel_neu.png 740w, https:\/\/boeimige.ch\/wp-content\/uploads\/2017\/02\/waldpost_titel_neu-300x49.png 300w\" sizes=\"auto, (max-width: 740px) 100vw, 740px\" \/><\/figure>\n\n\n\n<h3 class=\"wp-block-heading\"><strong>R\u00fcckblick<\/strong><\/h3>\n\n\n\n<h6 class=\"wp-block-heading\"><em>Waldspielgruppe<\/em><\/h6>\n\n\n\n<h6 class=\"wp-block-heading\">Nach den Sommerferien ging es am 19. August wieder los. Das M\u00fcsli und der Brummlistein hatten alles vorbereitet f\u00fcr ein grosses Begr\u00fcssungsfest. Die beiden Gruppen (Mi +Do) und die neuen Kinder haben erstaunlich schnell zusammengefunden und sich sichtlich gefreut, wieder im Wald zu spielen. Regula hat mit den Kindern bunte B\u00e4nder f\u00fcr unseren Haselstecken gestaltet, derweil Marianne die Pfannen f\u00fcr das Mittagessen auf das Feuer gestellt hat. Die \u00e4lteren Kinder haben sich r\u00fchrend um die Neulinge gek\u00fcmmert und nat\u00fcrlich gab es viel zu erz\u00e4hlen. Wir waren \u00fcberrascht, wie schnell die Zeit verflogen ist.<\/h6>\n\n\n\n<div class=\"wp-block-group\"><div class=\"wp-block-group__inner-container is-layout-flow wp-block-group-is-layout-flow\">\n<div class=\"wp-block-jetpack-tiled-gallery aligncenter is-style-rectangular\"><div class=\"tiled-gallery__gallery\"><div class=\"tiled-gallery__row\"><div class=\"tiled-gallery__col\" style=\"flex-basis:100%;\"><figure class=\"tiled-gallery__item\"><img decoding=\"async\" alt=\"\" data-id=\"1898\" data-url=\"https:\/\/boeimigenaturprojektedotch.files.wordpress.com\/2021\/08\/img_52361.jpg?w=1024\" src=\"https:\/\/boeimigenaturprojektedotch.files.wordpress.com\/2021\/08\/img_52361.jpg?w=1024\" data-amp-layout=\"responsive\" \/><\/figure><\/div><div class=\"tiled-gallery__col\"><figure class=\"tiled-gallery__item\"><img decoding=\"async\" alt=\"\" data-id=\"1897\" data-url=\"https:\/\/boeimigenaturprojektedotch.files.wordpress.com\/2021\/08\/party-2-muesli-stein22038.jpg?w=766\" src=\"https:\/\/boeimigenaturprojektedotch.files.wordpress.com\/2021\/08\/party-2-muesli-stein22038.jpg?w=766\" data-amp-layout=\"responsive\" \/><\/figure><\/div><\/div><\/div><\/div>\n<\/div><\/div>\n\n\n\n<h6 class=\"wp-block-heading\"><\/h6>\n\n\n\n<h6 class=\"wp-block-heading\"><em>Himug\u00fcegeli<\/em><\/h6>\n\n\n\n<div class=\"wp-block-media-text alignwide is-stacked-on-mobile is-vertically-aligned-top\" style=\"grid-template-columns:35% auto;\"><figure class=\"wp-block-media-text__media\"><img loading=\"lazy\" decoding=\"async\" width=\"1080\" height=\"1080\" src=\"https:\/\/boeimigenaturprojektedotch.files.wordpress.com\/2021\/08\/img_52821.jpg?w=1024\" alt=\"\" class=\"wp-image-1902 size-full\" srcset=\"https:\/\/boeimige.ch\/wp-content\/uploads\/2021\/08\/img_52821.jpg 1080w, https:\/\/boeimige.ch\/wp-content\/uploads\/2021\/08\/img_52821-300x300.jpg 300w, https:\/\/boeimige.ch\/wp-content\/uploads\/2021\/08\/img_52821-1024x1024.jpg 1024w, https:\/\/boeimige.ch\/wp-content\/uploads\/2021\/08\/img_52821-150x150.jpg 150w, https:\/\/boeimige.ch\/wp-content\/uploads\/2021\/08\/img_52821-768x768.jpg 768w\" sizes=\"auto, (max-width: 1080px) 100vw, 1080px\" \/><\/figure><div class=\"wp-block-media-text__content\">\n<h6 class=\"wp-block-heading\">Wir haben viele, viele Stecken gesucht: lange und kurze, d\u00fcnne und dicke, gerade und krumme. Solche in der L\u00e4nge unser H\u00e4nde, F\u00fcsse und K\u00f6rper. Aber nat\u00fcrlich auch solche f\u00fcrs Feuer und f\u00fcrs Schlangenbrot \ud83d\ude42 <\/h6>\n<\/div><\/div>\n\n\n\n<h6 class=\"wp-block-heading\"><em>Ferienspass<\/em><\/h6>\n\n\n\n<div class=\"wp-block-media-text alignwide is-stacked-on-mobile is-vertically-aligned-top\" style=\"grid-template-columns:33% auto;\"><figure class=\"wp-block-media-text__media\"><img loading=\"lazy\" decoding=\"async\" width=\"843\" height=\"843\" src=\"https:\/\/boeimigenaturprojektedotch.files.wordpress.com\/2021\/08\/farbenkurs-122040.jpg?w=843\" alt=\"\" class=\"wp-image-1911 size-full\" srcset=\"https:\/\/boeimige.ch\/wp-content\/uploads\/2021\/08\/farbenkurs-122040.jpg 843w, https:\/\/boeimige.ch\/wp-content\/uploads\/2021\/08\/farbenkurs-122040-300x300.jpg 300w, https:\/\/boeimige.ch\/wp-content\/uploads\/2021\/08\/farbenkurs-122040-150x150.jpg 150w, https:\/\/boeimige.ch\/wp-content\/uploads\/2021\/08\/farbenkurs-122040-768x768.jpg 768w\" sizes=\"auto, (max-width: 843px) 100vw, 843px\" \/><\/figure><div class=\"wp-block-media-text__content\">\n<h6 class=\"wp-block-heading\">BEERENROT, BL\u00c4TTERGR\u00dcN UND KOHLESCHWARZ sowie WALDZEIT hiessen unsere diesj\u00e4hrigen Ferienspassangebote, die am Do, 12. August stattgefunden haben. Regula und Marianne konnten am Morgen 15 Kinder begr\u00fcssen. Wir gingen auf Farbensuche, haben mit Pflanzen und Pigmenten Farben hergestellt und damit experimentiert. Eine bunte Zeit voller Inspiration. <\/h6>\n\n\n\n<p class=\"wp-block-paragraph\"><\/p>\n<\/div><\/div>\n\n\n\n<h6 class=\"wp-block-heading\">Mit dem Sackmesser oder der S\u00e4ge Holz bearbeiten, die \u00fcbriggebliebenen Farben ausprobieren, das B\u00e4chli stauen, bildeten das Programm am Nachmittag. Nat\u00fcrlich spielten die Kinder auch R\u00e4uber und Polizei und neue Freundschaften wurden gekn\u00fcpft. Gegen Abend konnten wir 8 verschwitzte M\u00e4dchen und Buben wieder ihren Eltern \u00fcbergeben. Sch\u00f6n war\u2019s!  <\/h6>\n\n\n\n<p class=\"wp-block-paragraph\">&#8212;<\/p>\n\n\n\n<h3 class=\"wp-block-heading\"><strong>Ausblick<\/strong><\/h3>\n\n\n\n<h6 class=\"wp-block-heading\"><em>Waldspielgruppe<\/em><\/h6>\n\n\n\n<h6 class=\"wp-block-heading\">Die <a href=\"https:\/\/boeimige.ch\/angebot\/waldspielgruppe\/\" target=\"_blank\" rel=\"noreferrer noopener\">Waldspielgruppe <\/a>am Donnerstag ist im Moment ausgebucht. Wir hoffen, dass wir ab M\u00e4rz 2022 auch am Mittwoch wieder eine Waldspielgruppe anbieten k\u00f6nnen. Wir laden alle interessierten Familien ein, an einem der kostenlosen und unverbindlichen Schnuppertage vorbeizukommen, um die B\u00f6imigen kennen zu lernen.<\/h6>\n\n\n\n<h6 class=\"wp-block-heading\"><strong>Schnuppertage<\/strong>:<\/h6>\n\n\n\n<h6 class=\"wp-block-heading\">&#8211; Mi, 24. November 21 von 15 bis 17 Uhr, zusammen mit den Himug\u00fcegeli<\/h6>\n\n\n\n<h6 class=\"wp-block-heading\">&#8211; Do, 27. Januar 22 von 9 bis ca. 11 Uhr, zusammen mit der Waldspielgruppe<\/h6>\n\n\n\n<h6 class=\"wp-block-heading\">Weitersagen ist erw\u00fcnscht; wir z\u00e4hlen auf eure Mithilfe!<\/h6>\n\n\n\n<p class=\"wp-block-paragraph\"><\/p>\n\n\n\n<h6 class=\"wp-block-heading\"><em>Himug\u00fcegeli<\/em><\/h6>\n\n\n\n<h6 class=\"wp-block-heading\">Der n\u00e4chste <a rel=\"noreferrer noopener\" href=\"https:\/\/boeimige.ch\/angebot\/eltern-kindgruppe-himugueegeli\/\" target=\"_blank\">Eltern-Kind-Nami<\/a> findet am Mi, 22. September. Weitere Daten: 27. Oktober, 24. November. Wir freuen uns auf eure Anmeldung. Bekannte und neue Gesichter sind jederzeit herzlich willkommen!<\/h6>\n\n\n\n<p class=\"wp-block-paragraph\"><\/p>\n\n\n\n<h6 class=\"wp-block-heading\"><em>B\u00f6imige Walddetektive<span style=\"text-decoration:underline;\"><\/span><\/em><br>Am 11. September sind die <a rel=\"noreferrer noopener\" href=\"https:\/\/boeimige.ch\/angebot\/walddetektive\/\" target=\"_blank\">Detektive <\/a>das n\u00e4chste Mal im Eggwald unterwegs. Marianne \u00fcbernimmt die Stellvertretung f\u00fcr Sarah, welche ihren Mutterschaftsurlaub mit dem kleinen Timeo Janosch geniesst.<\/h6>\n\n\n\n<h6 class=\"wp-block-heading\"><span style=\"text-decoration:underline;\"><\/span><\/h6>\n\n\n\n<h6 class=\"wp-block-heading\">&#8212;-<\/h6>\n\n\n\n<h3 class=\"wp-block-heading\"><strong>Kommende Anl\u00e4sse<\/strong><\/h3>\n\n\n\n<h6 class=\"wp-block-heading\"><em>Generationenfest 4. September <\/em><\/h6>\n\n\n\n<div class=\"wp-block-media-text alignwide is-stacked-on-mobile is-vertically-aligned-top\" style=\"grid-template-columns:48% auto;\"><figure class=\"wp-block-media-text__media\"><img loading=\"lazy\" decoding=\"async\" width=\"1080\" height=\"1080\" src=\"https:\/\/boeimigenaturprojektedotch.files.wordpress.com\/2021\/08\/gold22037.jpg?w=1024\" alt=\"\" class=\"wp-image-1919 size-full\" srcset=\"https:\/\/boeimige.ch\/wp-content\/uploads\/2021\/08\/gold22037.jpg 1080w, https:\/\/boeimige.ch\/wp-content\/uploads\/2021\/08\/gold22037-300x300.jpg 300w, https:\/\/boeimige.ch\/wp-content\/uploads\/2021\/08\/gold22037-1024x1024.jpg 1024w, https:\/\/boeimige.ch\/wp-content\/uploads\/2021\/08\/gold22037-150x150.jpg 150w, https:\/\/boeimige.ch\/wp-content\/uploads\/2021\/08\/gold22037-768x768.jpg 768w\" sizes=\"auto, (max-width: 1080px) 100vw, 1080px\" \/><\/figure><div class=\"wp-block-media-text__content\">\n<h6 class=\"wp-block-heading\">Die B\u00f6imigen sind ab 9h mit einem Stand und einer Feuerschalte auf dem <a href=\"https:\/\/www.abworb.ch\/\" target=\"_blank\" rel=\"noreferrer noopener\">Areal der Altersbetreuung Worb<\/a> pr\u00e4sent. Es gibt ein kreatives Angebot und eine Goldsuche. Wir suchen noch jemanden, der die Feuerschale und das Holz vom Freizeithaus der Jugendarbeit zu unserem Stand und wieder zur\u00fcck transportieren k\u00f6nnte. Wer hilft uns, als FeuermeisterIn das Feuer zu betreuen? Wir freuen uns ebenfalls, wenn wir am Stand Gesellschaft bekommen. Meldet euch bitte unter <a href=\"mailto:info@boeimige.ch\">info@boeimige.ch<\/a>, wenn ihr uns unterst\u00fctzen k\u00f6nnt. DANKE. <\/h6>\n<\/div><\/div>\n\n\n\n<h6 class=\"wp-block-heading\"><em>Vereinsanlass 8. September<\/em> <\/h6>\n\n\n\n<figure class=\"wp-block-image size-large\"><img loading=\"lazy\" decoding=\"async\" width=\"1024\" height=\"643\" src=\"https:\/\/boeimigenaturprojektedotch.files.wordpress.com\/2021\/08\/steingeschichte22033.png?w=1024\" alt=\"\" class=\"wp-image-1923\" srcset=\"https:\/\/boeimige.ch\/wp-content\/uploads\/2021\/08\/steingeschichte22033.png 1024w, https:\/\/boeimige.ch\/wp-content\/uploads\/2021\/08\/steingeschichte22033-300x188.png 300w, https:\/\/boeimige.ch\/wp-content\/uploads\/2021\/08\/steingeschichte22033-768x482.png 768w\" sizes=\"auto, (max-width: 1024px) 100vw, 1024px\" \/><\/figure>\n\n\n\n<h6 class=\"wp-block-heading\" style=\"font-size:10px;\">(Bild, Kinderbuch STEIN ALT von Deb Pilutti)<\/h6>\n\n\n\n<p class=\"wp-block-paragraph\"><\/p>\n\n\n\n<h6 class=\"wp-block-heading\"><em>Mitgliederversammlung 18. September<\/em><\/h6>\n\n\n\n<h6 class=\"wp-block-heading\">Unsere Mitgliederversammlung findet am Samstag, 18. September zwischen 14 und 18h statt.<\/h6>\n\n\n\n<h6 class=\"wp-block-heading\">Wir renovieren zusammen das Waldsofa. Es m\u00fcssen einige Pfosten neu eingeschlagen und die Sitzb\u00e4nke erneuert werden. Muskelkraft wird also gebraucht &#8211; DANKE!<\/h6>\n\n\n\n<h6 class=\"wp-block-heading\">Nach den Vorgaben der Vereinsstatuen halten wir im Anschluss die Versammlung und Wahlen ab. Aus unserem grossen Kochtopf sch\u00f6pfen wir ein feines zNacht und geniessen das Zusammensein. Wir freuen uns auf euch, bitte meldet euch \u00fcber <a href=\"mailto:info@boeimige.ch\" target=\"_blank\" rel=\"noreferrer noopener\">info@boeimige.ch<\/a> an. <\/h6>\n\n\n\n<p class=\"wp-block-paragraph\">&#8212;<\/p>\n\n\n\n<h3 class=\"wp-block-heading\"><strong>Diverses<\/strong><\/h3>\n\n\n\n<h6 class=\"wp-block-heading\"><em>R\u00e4tsel <\/em><\/h6>\n\n\n\n<h6 class=\"wp-block-heading\">Wie k\u00f6nnte ein Stein ohne menschliche Hilfe geflogen sein?<\/h6>\n\n\n\n<div class=\"wp-block-media-text alignwide is-stacked-on-mobile is-vertically-aligned-top\" style=\"grid-template-columns:40% auto;\"><figure class=\"wp-block-media-text__media\"><img decoding=\"async\" src=\"https:\/\/boeimigenaturprojektedotch.files.wordpress.com\/2021\/08\/stein22034.jpg?w=1024\" alt=\"\" class=\"wp-image-1926 size-full\" \/><\/figure><div class=\"wp-block-media-text__content\">\n<h6 class=\"wp-block-heading\">Aufl\u00f6sung am 5. September 2021 auf unserer <a href=\"https:\/\/www.facebook.com\/B%C3%B6imige-Naturprojekte-Waldspielgruppe-Worb-1742809929266120\/\">Facebook<\/a>-Seite. Hier ver\u00f6ffentlichen wir immer wieder b\u00f6imige Einblicke unseres Alltags. Jene, die bei Facebook dabei sind, k\u00f6nnen bei jedem Beitrag auf \u201eGef\u00e4llt mir\u201c klicken. Noch besser ist es, wenn der Beitrag geteilt oder kommentiert wird, damit wird er h\u00e4ufiger anderen Personen angezeigt und wir k\u00f6nnen die Reichweite auf dieser Plattform erh\u00f6hen. Danke f\u00fcr\u2018s Mitmachen! <\/h6>\n\n\n\n<h6 class=\"wp-block-heading\" style=\"font-size:10px;\"> (Bild, Kinderbuch STEIN ALT von Deb Pilutti)<strong> <\/strong><\/h6>\n\n\n\n<p class=\"wp-block-paragraph\"><\/p>\n<\/div><\/div>\n\n\n\n<h6 class=\"wp-block-heading\"><em>Eine bunte Idee<\/em> &#8211; <em>Zauberbilder<\/em><\/h6>\n\n\n\n<div class=\"wp-block-media-text alignwide is-stacked-on-mobile is-vertically-aligned-top\"><figure class=\"wp-block-media-text__media\"><img loading=\"lazy\" decoding=\"async\" width=\"1080\" height=\"1080\" src=\"https:\/\/boeimigenaturprojektedotch.files.wordpress.com\/2021\/08\/sand-122035.jpg?w=1024\" alt=\"\" class=\"wp-image-1915 size-full\" srcset=\"https:\/\/boeimige.ch\/wp-content\/uploads\/2021\/08\/sand-122035.jpg 1080w, https:\/\/boeimige.ch\/wp-content\/uploads\/2021\/08\/sand-122035-300x300.jpg 300w, https:\/\/boeimige.ch\/wp-content\/uploads\/2021\/08\/sand-122035-1024x1024.jpg 1024w, https:\/\/boeimige.ch\/wp-content\/uploads\/2021\/08\/sand-122035-150x150.jpg 150w, https:\/\/boeimige.ch\/wp-content\/uploads\/2021\/08\/sand-122035-768x768.jpg 768w\" sizes=\"auto, (max-width: 1080px) 100vw, 1080px\" \/><\/figure><div class=\"wp-block-media-text__content\">\n<h6 class=\"wp-block-heading\">Material: Papier, Klebestift, Erdfarbenpulver, Sand <\/h6>\n\n\n\n<p class=\"wp-block-paragraph\"><\/p>\n\n\n\n<h6 class=\"wp-block-heading\">Mit dem Klebestift k\u00f6nnen die Kinder ein geheimes Bild zeichnen. Danach wird ein Erdpulver dar\u00fcber gestreut, welches kleben bleibt. Die Reste werden abgesch\u00fcttelt oder mit einem Zauberspruch weggepustet. Und schon wird das Zauberbild sichtbar. Wer m\u00f6chte knippst ein Foto und schickt es an <a rel=\"noreferrer noopener\" href=\"mailto:marianne@boeimige.ch\" target=\"_blank\">marianne@boeimige.ch<\/a>.<br>Wir machen eine virtuelle Vernissage auf unserer Webseite und <a href=\"https:\/\/www.facebook.com\/B%C3%B6imige-Naturprojekte-Waldspielgruppe-Worb-1742809929266120\/\" target=\"_blank\" rel=\"noreferrer noopener\">Facebook.  <\/a><\/h6>\n\n\n\n<h6 class=\"wp-block-heading\" style=\"font-size:10px;\">Quelle: Waldkinder St. Gallen, Farbenkurs, Beate St\u00f6cklin <\/h6>\n<\/div><\/div>\n\n\n\n<p class=\"wp-block-paragraph\"><\/p>\n","protected":false},"excerpt":{"rendered":"<p>R\u00fcckblick Waldspielgruppe Nach den Sommerferien ging es am 19. August wieder los. Das M\u00fcsli und der Brummlistein hatten alles vorbereitet f\u00fcr ein grosses Begr\u00fcssungsfest. Die beiden Gruppen (Mi +Do) und die neuen Kinder haben erstaunlich schnell zusammengefunden und sich sichtlich &hellip; <a href=\"https:\/\/boeimige.ch\/?p=1891\">Weiterlesen <span class=\"meta-nav\">&rarr;<\/span><\/a><\/p>\n","protected":false},"author":1,"featured_media":0,"comment_status":"closed","ping_status":"closed","sticky":false,"template":"","format":"standard","meta":{"footnotes":""},"categories":[6],"tags":[],"class_list":["post-1891","post","type-post","status-publish","format-standard","hentry","category-waldpost"],"yoast_head":"<!-- This site is optimized with the Yoast SEO plugin v28.3 - https:\/\/yoast.com\/product\/yoast-seo-wordpress\/ -->\n<title>Waldpost 1 | 2021\/22 - B\u00f6imige Naturprojekte<\/title>\n<meta name=\"robots\" content=\"index, follow, max-snippet:-1, max-image-preview:large, max-video-preview:-1\" \/>\n<link rel=\"canonical\" href=\"https:\/\/boeimige.ch\/?p=1891\" \/>\n<meta property=\"og:locale\" content=\"de_DE\" \/>\n<meta property=\"og:type\" content=\"article\" \/>\n<meta property=\"og:title\" content=\"Waldpost 1 | 2021\/22 - B\u00f6imige Naturprojekte\" \/>\n<meta property=\"og:description\" content=\"R\u00fcckblick Waldspielgruppe Nach den Sommerferien ging es am 19. August wieder los. Das M\u00fcsli und der Brummlistein hatten alles vorbereitet f\u00fcr ein grosses Begr\u00fcssungsfest. Die beiden Gruppen (Mi +Do) und die neuen Kinder haben erstaunlich schnell zusammengefunden und sich sichtlich &hellip; Weiterlesen &rarr;\" \/>\n<meta property=\"og:url\" content=\"https:\/\/boeimige.ch\/?p=1891\" \/>\n<meta property=\"og:site_name\" content=\"B\u00f6imige Naturprojekte\" \/>\n<meta property=\"article:publisher\" content=\"https:\/\/www.facebook.com\/Eggwald3076\" \/>\n<meta property=\"article:published_time\" content=\"2021-08-27T14:41:33+00:00\" \/>\n<meta property=\"og:image\" content=\"https:\/\/boeimige.ch\/wp-content\/uploads\/2017\/02\/waldpost_titel_neu.png\" \/>\n\t<meta property=\"og:image:width\" content=\"740\" \/>\n\t<meta property=\"og:image:height\" content=\"120\" \/>\n\t<meta property=\"og:image:type\" content=\"image\/png\" \/>\n<meta name=\"author\" content=\"admin\" \/>\n<meta name=\"twitter:card\" content=\"summary_large_image\" \/>\n<meta name=\"twitter:label1\" content=\"Verfasst von\" \/>\n\t<meta name=\"twitter:data1\" content=\"admin\" \/>\n\t<meta name=\"twitter:label2\" content=\"Gesch\u00e4tzte Lesezeit\" \/>\n\t<meta name=\"twitter:data2\" content=\"4\u00a0Minuten\" \/>\n<script type=\"application\/ld+json\" class=\"yoast-schema-graph\">{\"@context\":\"https:\\\/\\\/schema.org\",\"@graph\":[{\"@type\":\"Article\",\"@id\":\"https:\\\/\\\/boeimige.ch\\\/?p=1891#article\",\"isPartOf\":{\"@id\":\"https:\\\/\\\/boeimige.ch\\\/?p=1891\"},\"author\":{\"name\":\"admin\",\"@id\":\"https:\\\/\\\/boeimige.ch\\\/#\\\/schema\\\/person\\\/9228b199a4bf1a502c3b3e0e368604f8\"},\"headline\":\"Waldpost 1 | 2021\\\/22\",\"datePublished\":\"2021-08-27T14:41:33+00:00\",\"mainEntityOfPage\":{\"@id\":\"https:\\\/\\\/boeimige.ch\\\/?p=1891\"},\"wordCount\":738,\"publisher\":{\"@id\":\"https:\\\/\\\/boeimige.ch\\\/#organization\"},\"image\":{\"@id\":\"https:\\\/\\\/boeimige.ch\\\/?p=1891#primaryimage\"},\"thumbnailUrl\":\"https:\\\/\\\/boeimigenaturprojektedotch.files.wordpress.com\\\/2017\\\/02\\\/waldpost_titel_neu.png\",\"articleSection\":[\"Waldpost\"],\"inLanguage\":\"de\"},{\"@type\":\"WebPage\",\"@id\":\"https:\\\/\\\/boeimige.ch\\\/?p=1891\",\"url\":\"https:\\\/\\\/boeimige.ch\\\/?p=1891\",\"name\":\"Waldpost 1 | 2021\\\/22 - B\u00f6imige Naturprojekte\",\"isPartOf\":{\"@id\":\"https:\\\/\\\/boeimige.ch\\\/#website\"},\"primaryImageOfPage\":{\"@id\":\"https:\\\/\\\/boeimige.ch\\\/?p=1891#primaryimage\"},\"image\":{\"@id\":\"https:\\\/\\\/boeimige.ch\\\/?p=1891#primaryimage\"},\"thumbnailUrl\":\"https:\\\/\\\/boeimigenaturprojektedotch.files.wordpress.com\\\/2017\\\/02\\\/waldpost_titel_neu.png\",\"datePublished\":\"2021-08-27T14:41:33+00:00\",\"breadcrumb\":{\"@id\":\"https:\\\/\\\/boeimige.ch\\\/?p=1891#breadcrumb\"},\"inLanguage\":\"de\",\"potentialAction\":[{\"@type\":\"ReadAction\",\"target\":[\"https:\\\/\\\/boeimige.ch\\\/?p=1891\"]}]},{\"@type\":\"ImageObject\",\"inLanguage\":\"de\",\"@id\":\"https:\\\/\\\/boeimige.ch\\\/?p=1891#primaryimage\",\"url\":\"https:\\\/\\\/boeimigenaturprojektedotch.files.wordpress.com\\\/2017\\\/02\\\/waldpost_titel_neu.png\",\"contentUrl\":\"https:\\\/\\\/boeimigenaturprojektedotch.files.wordpress.com\\\/2017\\\/02\\\/waldpost_titel_neu.png\"},{\"@type\":\"BreadcrumbList\",\"@id\":\"https:\\\/\\\/boeimige.ch\\\/?p=1891#breadcrumb\",\"itemListElement\":[{\"@type\":\"ListItem\",\"position\":1,\"name\":\"Start\",\"item\":\"https:\\\/\\\/boeimige.ch\\\/\"},{\"@type\":\"ListItem\",\"position\":2,\"name\":\"Waldpost 1 | 2021\\\/22\"}]},{\"@type\":\"WebSite\",\"@id\":\"https:\\\/\\\/boeimige.ch\\\/#website\",\"url\":\"https:\\\/\\\/boeimige.ch\\\/\",\"name\":\"B\u00f6imige Naturprojekte\",\"description\":\"Waldspielgruppe und Walderlebnisse in Worb\",\"publisher\":{\"@id\":\"https:\\\/\\\/boeimige.ch\\\/#organization\"},\"potentialAction\":[{\"@type\":\"SearchAction\",\"target\":{\"@type\":\"EntryPoint\",\"urlTemplate\":\"https:\\\/\\\/boeimige.ch\\\/?s={search_term_string}\"},\"query-input\":{\"@type\":\"PropertyValueSpecification\",\"valueRequired\":true,\"valueName\":\"search_term_string\"}}],\"inLanguage\":\"de\"},{\"@type\":\"Organization\",\"@id\":\"https:\\\/\\\/boeimige.ch\\\/#organization\",\"name\":\"B\u00f6imige Naturprojekte\",\"url\":\"https:\\\/\\\/boeimige.ch\\\/\",\"logo\":{\"@type\":\"ImageObject\",\"inLanguage\":\"de\",\"@id\":\"https:\\\/\\\/boeimige.ch\\\/#\\\/schema\\\/logo\\\/image\\\/\",\"url\":\"https:\\\/\\\/boeimige.ch\\\/wp-content\\\/uploads\\\/2026\\\/08\\\/Logo-neu_farbig-scaled.png\",\"contentUrl\":\"https:\\\/\\\/boeimige.ch\\\/wp-content\\\/uploads\\\/2026\\\/08\\\/Logo-neu_farbig-scaled.png\",\"width\":2318,\"height\":2560,\"caption\":\"B\u00f6imige Naturprojekte\"},\"image\":{\"@id\":\"https:\\\/\\\/boeimige.ch\\\/#\\\/schema\\\/logo\\\/image\\\/\"},\"sameAs\":[\"https:\\\/\\\/www.facebook.com\\\/Eggwald3076\",\"https:\\\/\\\/www.instagram.com\\\/boeimige_waldspielgruppe?igsh=N2M2Ymt2bGVrYTEx&utm_source=qr\"]},{\"@type\":\"Person\",\"@id\":\"https:\\\/\\\/boeimige.ch\\\/#\\\/schema\\\/person\\\/9228b199a4bf1a502c3b3e0e368604f8\",\"name\":\"admin\",\"image\":{\"@type\":\"ImageObject\",\"inLanguage\":\"de\",\"@id\":\"https:\\\/\\\/secure.gravatar.com\\\/avatar\\\/b476a0bf638c3f6b12f015e2f56efbe5b26c86811ca104ed3790d31ece5b0833?s=96&d=mm&r=g\",\"url\":\"https:\\\/\\\/secure.gravatar.com\\\/avatar\\\/b476a0bf638c3f6b12f015e2f56efbe5b26c86811ca104ed3790d31ece5b0833?s=96&d=mm&r=g\",\"contentUrl\":\"https:\\\/\\\/secure.gravatar.com\\\/avatar\\\/b476a0bf638c3f6b12f015e2f56efbe5b26c86811ca104ed3790d31ece5b0833?s=96&d=mm&r=g\",\"caption\":\"admin\"},\"url\":\"https:\\\/\\\/boeimige.ch\\\/?author=1\"}]}<\/script>\n<!-- \/ Yoast SEO plugin. -->","yoast_head_json":{"title":"Waldpost 1 | 2021\/22 - B\u00f6imige Naturprojekte","robots":{"index":"index","follow":"follow","max-snippet":"max-snippet:-1","max-image-preview":"max-image-preview:large","max-video-preview":"max-video-preview:-1"},"canonical":"https:\/\/boeimige.ch\/?p=1891","og_locale":"de_DE","og_type":"article","og_title":"Waldpost 1 | 2021\/22 - B\u00f6imige Naturprojekte","og_description":"R\u00fcckblick Waldspielgruppe Nach den Sommerferien ging es am 19. August wieder los. Das M\u00fcsli und der Brummlistein hatten alles vorbereitet f\u00fcr ein grosses Begr\u00fcssungsfest. Die beiden Gruppen (Mi +Do) und die neuen Kinder haben erstaunlich schnell zusammengefunden und sich sichtlich &hellip; Weiterlesen &rarr;","og_url":"https:\/\/boeimige.ch\/?p=1891","og_site_name":"B\u00f6imige Naturprojekte","article_publisher":"https:\/\/www.facebook.com\/Eggwald3076","article_published_time":"2021-08-27T14:41:33+00:00","og_image":[{"width":740,"height":120,"url":"https:\/\/boeimige.ch\/wp-content\/uploads\/2017\/02\/waldpost_titel_neu.png","type":"image\/png"}],"author":"admin","twitter_card":"summary_large_image","twitter_misc":{"Verfasst von":"admin","Gesch\u00e4tzte Lesezeit":"4\u00a0Minuten"},"schema":{"@context":"https:\/\/schema.org","@graph":[{"@type":"Article","@id":"https:\/\/boeimige.ch\/?p=1891#article","isPartOf":{"@id":"https:\/\/boeimige.ch\/?p=1891"},"author":{"name":"admin","@id":"https:\/\/boeimige.ch\/#\/schema\/person\/9228b199a4bf1a502c3b3e0e368604f8"},"headline":"Waldpost 1 | 2021\/22","datePublished":"2021-08-27T14:41:33+00:00","mainEntityOfPage":{"@id":"https:\/\/boeimige.ch\/?p=1891"},"wordCount":738,"publisher":{"@id":"https:\/\/boeimige.ch\/#organization"},"image":{"@id":"https:\/\/boeimige.ch\/?p=1891#primaryimage"},"thumbnailUrl":"https:\/\/boeimigenaturprojektedotch.files.wordpress.com\/2017\/02\/waldpost_titel_neu.png","articleSection":["Waldpost"],"inLanguage":"de"},{"@type":"WebPage","@id":"https:\/\/boeimige.ch\/?p=1891","url":"https:\/\/boeimige.ch\/?p=1891","name":"Waldpost 1 | 2021\/22 - B\u00f6imige Naturprojekte","isPartOf":{"@id":"https:\/\/boeimige.ch\/#website"},"primaryImageOfPage":{"@id":"https:\/\/boeimige.ch\/?p=1891#primaryimage"},"image":{"@id":"https:\/\/boeimige.ch\/?p=1891#primaryimage"},"thumbnailUrl":"https:\/\/boeimigenaturprojektedotch.files.wordpress.com\/2017\/02\/waldpost_titel_neu.png","datePublished":"2021-08-27T14:41:33+00:00","breadcrumb":{"@id":"https:\/\/boeimige.ch\/?p=1891#breadcrumb"},"inLanguage":"de","potentialAction":[{"@type":"ReadAction","target":["https:\/\/boeimige.ch\/?p=1891"]}]},{"@type":"ImageObject","inLanguage":"de","@id":"https:\/\/boeimige.ch\/?p=1891#primaryimage","url":"https:\/\/boeimigenaturprojektedotch.files.wordpress.com\/2017\/02\/waldpost_titel_neu.png","contentUrl":"https:\/\/boeimigenaturprojektedotch.files.wordpress.com\/2017\/02\/waldpost_titel_neu.png"},{"@type":"BreadcrumbList","@id":"https:\/\/boeimige.ch\/?p=1891#breadcrumb","itemListElement":[{"@type":"ListItem","position":1,"name":"Start","item":"https:\/\/boeimige.ch\/"},{"@type":"ListItem","position":2,"name":"Waldpost 1 | 2021\/22"}]},{"@type":"WebSite","@id":"https:\/\/boeimige.ch\/#website","url":"https:\/\/boeimige.ch\/","name":"B\u00f6imige Naturprojekte","description":"Waldspielgruppe und Walderlebnisse in Worb","publisher":{"@id":"https:\/\/boeimige.ch\/#organization"},"potentialAction":[{"@type":"SearchAction","target":{"@type":"EntryPoint","urlTemplate":"https:\/\/boeimige.ch\/?s={search_term_string}"},"query-input":{"@type":"PropertyValueSpecification","valueRequired":true,"valueName":"search_term_string"}}],"inLanguage":"de"},{"@type":"Organization","@id":"https:\/\/boeimige.ch\/#organization","name":"B\u00f6imige Naturprojekte","url":"https:\/\/boeimige.ch\/","logo":{"@type":"ImageObject","inLanguage":"de","@id":"https:\/\/boeimige.ch\/#\/schema\/logo\/image\/","url":"https:\/\/boeimige.ch\/wp-content\/uploads\/2026\/08\/Logo-neu_farbig-scaled.png","contentUrl":"https:\/\/boeimige.ch\/wp-content\/uploads\/2026\/08\/Logo-neu_farbig-scaled.png","width":2318,"height":2560,"caption":"B\u00f6imige Naturprojekte"},"image":{"@id":"https:\/\/boeimige.ch\/#\/schema\/logo\/image\/"},"sameAs":["https:\/\/www.facebook.com\/Eggwald3076","https:\/\/www.instagram.com\/boeimige_waldspielgruppe?igsh=N2M2Ymt2bGVrYTEx&utm_source=qr"]},{"@type":"Person","@id":"https:\/\/boeimige.ch\/#\/schema\/person\/9228b199a4bf1a502c3b3e0e368604f8","name":"admin","image":{"@type":"ImageObject","inLanguage":"de","@id":"https:\/\/secure.gravatar.com\/avatar\/b476a0bf638c3f6b12f015e2f56efbe5b26c86811ca104ed3790d31ece5b0833?s=96&d=mm&r=g","url":"https:\/\/secure.gravatar.com\/avatar\/b476a0bf638c3f6b12f015e2f56efbe5b26c86811ca104ed3790d31ece5b0833?s=96&d=mm&r=g","contentUrl":"https:\/\/secure.gravatar.com\/avatar\/b476a0bf638c3f6b12f015e2f56efbe5b26c86811ca104ed3790d31ece5b0833?s=96&d=mm&r=g","caption":"admin"},"url":"https:\/\/boeimige.ch\/?author=1"}]}},"_links":{"self":[{"href":"https:\/\/boeimige.ch\/index.php?rest_route=\/wp\/v2\/posts\/1891","targetHints":{"allow":["GET"]}}],"collection":[{"href":"https:\/\/boeimige.ch\/index.php?rest_route=\/wp\/v2\/posts"}],"about":[{"href":"https:\/\/boeimige.ch\/index.php?rest_route=\/wp\/v2\/types\/post"}],"author":[{"embeddable":true,"href":"https:\/\/boeimige.ch\/index.php?rest_route=\/wp\/v2\/users\/1"}],"replies":[{"embeddable":true,"href":"https:\/\/boeimige.ch\/index.php?rest_route=%2Fwp%2Fv2%2Fcomments&post=1891"}],"version-history":[{"count":0,"href":"https:\/\/boeimige.ch\/index.php?rest_route=\/wp\/v2\/posts\/1891\/revisions"}],"wp:attachment":[{"href":"https:\/\/boeimige.ch\/index.php?rest_route=%2Fwp%2Fv2%2Fmedia&parent=1891"}],"wp:term":[{"taxonomy":"category","embeddable":true,"href":"https:\/\/boeimige.ch\/index.php?rest_route=%2Fwp%2Fv2%2Fcategories&post=1891"},{"taxonomy":"post_tag","embeddable":true,"href":"https:\/\/boeimige.ch\/index.php?rest_route=%2Fwp%2Fv2%2Ftags&post=1891"}],"curies":[{"name":"wp","href":"https:\/\/api.w.org\/{rel}","templated":true}]}}