{"id":2056,"date":"2022-01-12T10:44:00","date_gmt":"2022-01-12T09:44:00","guid":{"rendered":"https:\/\/boeimige.ch\/?p=2056"},"modified":"2022-01-12T10:44:00","modified_gmt":"2022-01-12T09:44:00","slug":"waldpost-2-2021-22","status":"publish","type":"post","link":"https:\/\/boeimige.ch\/?p=2056","title":{"rendered":"Waldpost 2 &#8211; 2021\/22"},"content":{"rendered":"\n<figure class=\"wp-block-image\"><img loading=\"lazy\" decoding=\"async\" width=\"740\" height=\"120\" src=\"https:\/\/boeimigenaturprojektedotch.files.wordpress.com\/2017\/02\/waldpost_titel_neu.png\" alt=\"waldpost_titel_neu\" class=\"wp-image-569\" srcset=\"https:\/\/boeimige.ch\/wp-content\/uploads\/2017\/02\/waldpost_titel_neu.png 740w, https:\/\/boeimige.ch\/wp-content\/uploads\/2017\/02\/waldpost_titel_neu-300x49.png 300w\" sizes=\"auto, (max-width: 740px) 100vw, 740px\" \/><\/figure>\n\n\n\n<h3 class=\"wp-block-heading\" id=\"ruckblick\">R\u00fcckblick<\/h3>\n\n\n\n<p class=\"wp-block-paragraph\"><strong>Waldspielgruppe<\/strong> &#8211; Wir starteten nach den Herbstferien sehr luftig in das neue Quartal. Der Wind hat uns nach Vechigen getragen zu den K\u00fcrbissen und Haseln\u00fcssen. Bevor es mit einem bunten Farbentag weiter ging, haben wir am knisternden Feuer einen gem\u00fctlichen Elternabend abgehalten mit den Informationen f\u00fcr die kalte Jahreszeit. Die b\u00f6imigen Kinder haben Kastaniensamen in Bettchen gelegt, wir sind gespannt, ob etwas keimt. Eine Woche sp\u00e4ter waren wir im Bl\u00e4tterrausch, haben gewirbelt und gezwirbelt. Nicht fehlen durften die neuen W\u00e4rmesteine, um die kalten H\u00e4nde zu w\u00e4rmen. Dann war da ein Tannenb\u00f6imli, das wir immer wieder besuchten, mit Strohsternen schm\u00fcckten, bei dem wir Spitzbuben-Guetsli von den Zwergen erhielten und Lieder sangen\u2026 sch\u00f6n war es!<\/p>\n\n\n\n<div class=\"wp-block-image\"><figure class=\"aligncenter size-large is-resized\"><img loading=\"lazy\" decoding=\"async\" src=\"https:\/\/boeimigenaturprojektedotch.files.wordpress.com\/2022\/01\/grafik.png?w=1024\" alt=\"\" class=\"wp-image-2059\" width=\"493\" height=\"495\" srcset=\"https:\/\/boeimige.ch\/wp-content\/uploads\/2022\/01\/grafik-300x300.png 300w, https:\/\/boeimige.ch\/wp-content\/uploads\/2022\/01\/grafik-150x150.png 150w\" sizes=\"auto, (max-width: 493px) 100vw, 493px\" \/><\/figure><\/div>\n\n\n\n<p class=\"has-white-color has-text-color wp-block-paragraph\">a<\/p>\n\n\n\n<p class=\"wp-block-paragraph\"><\/p>\n\n\n\n<p class=\"wp-block-paragraph\"><strong>Walddetektive &#8211; <\/strong>Wem geh\u00f6rt dieser Fussabdruck? Mit Lupen und mit und Fachb\u00fcchern sind wir der Spur gefolgt und haben den Dachs kennengelernt. Hui, da liegen \u00fcberall Federn im Wald. Wir haben f\u00fcr unsere Federsammlung einen Vogel aus Ton gestaltet. Angeknabberte Tannenzapfen, Kirschkerne, Haseln\u00fcsse? Wer hat hier gefressen? Maus, Eichh\u00f6rnchen, Vogel? Zum Gl\u00fcck gab es auch f\u00fcr uns etwas Warmes in den Bauch, da es den ganzen Tag geregnet hat. Wir wissen jetzt, dass wir allwettertauglich sind. Gut gemacht liebe Kinder!<\/p>\n\n\n\n<div class=\"wp-block-image\"><figure class=\"aligncenter is-resized\"><img loading=\"lazy\" decoding=\"async\" src=\"https:\/\/boeimigenaturprojektedotch.files.wordpress.com\/2022\/01\/grafik-1.png?w=1024\" alt=\"\" class=\"wp-image-2060\" width=\"468\" height=\"471\" \/><\/figure><\/div>\n\n\n\n<p class=\"has-white-color has-text-color wp-block-paragraph\">a<\/p>\n\n\n\n<p class=\"wp-block-paragraph\"><strong>Anl\u00e4sse und Mitgliederversammlung B\u00f6imige<\/strong> &#8211; Wir danken herzlich f\u00fcr die Mithilfe bei der Renovation des Waldsofas, beim Auff\u00fcllen des Holzunterstandes und dem Umleiten des B\u00e4chlis.&nbsp;Marianne postet \u00fcbrigens jede Woche eine paar Schnappsch\u00fcsse dieser Art auf Facebook.<\/p>\n\n\n\n<div class=\"wp-block-image\"><figure class=\"aligncenter size-large is-resized\"><img loading=\"lazy\" decoding=\"async\" src=\"https:\/\/boeimigenaturprojektedotch.files.wordpress.com\/2022\/01\/grafik-2.png?w=526\" alt=\"\" class=\"wp-image-2064\" width=\"471\" height=\"481\" \/><\/figure><\/div>\n\n\n\n<p class=\"has-white-color has-text-color wp-block-paragraph\">a<\/p>\n\n\n\n<h3 class=\"wp-block-heading\" id=\"ausblick\"><strong>Ausblick<\/strong><\/h3>\n\n\n\n<p class=\"wp-block-paragraph\"><strong>Waldspielgruppe<\/strong> &#8211; Die <a href=\"https:\/\/boeimige.ch\/angebot\/waldspielgruppe\/\">Waldspielgruppe <\/a>am Donnerstag ist im Moment ausgebucht. Wir hoffen, dass wir ab M\u00e4rz 2022 auch am Mittwoch wieder eine Waldspielgruppe anbieten k\u00f6nnen. Wir laden alle interessierten Familien ein, an einem der kostenlosen und unverbindlichen Schnuppertage vorbeizukommen, um die B\u00f6imigen kennen zu lernen. Weitersagen ist erw\u00fcnscht; wir z\u00e4hlen auf eure Mithilfe! Die <strong><a href=\"https:\/\/boeimige.ch\/2021\/11\/10\/schnuppermorgen-waldspielgruppe\/\">Schnuppertage <\/a><\/strong>finden am <strong>Do, 27. Januar 22<\/strong> und am <strong>Do, 7. April<\/strong> statt, jeweils von 9 bis ca. 11 Uhr, zusammen mit der Waldspielgruppe. <br><\/p>\n\n\n\n<p class=\"wp-block-paragraph\"><strong>Himug\u00fcegeli<\/strong> &#8211; Vielleicht war das Wetter ung\u00fcnstig oder einfach zu viel anderes los&#8230; Die <a href=\"https:\/\/boeimige.ch\/angebot\/eltern-kindgruppe-himugueegeli\/\">Eltern-Kind-Nachmittage<\/a> fanden in letzter Zeit wenig Anklang. Daher haben wir eine Umfrage gestartet und ermunternde R\u00fcckmeldungen erhalten. So haben wir entschieden, mit dem Angebot im bew\u00e4hrten Format bis zu den Sommerferien weiterzufahren. Die n\u00e4chsten Daten sind der <strong>Mi, 26. Januar <\/strong>und der <strong>Mi, 30. M\u00e4rz<\/strong>. Wir freuen uns auf eure Anmeldung. Bekannte und neue Gesichter sind jederzeit herzlich willkommen!<\/p>\n\n\n\n<p class=\"wp-block-paragraph\"><strong>B\u00f6imige Walddetektive<\/strong> &#8211; Am<strong> Sa, 22. Januar<\/strong> sind die <a href=\"https:\/\/boeimige.ch\/angebot\/walddetektive\/\">Detektive <\/a>das n\u00e4chste Mal im Eggwald unterwegs. Im M\u00e4rz macht sich dann Sarah gemeinsam mit den Detektiven wieder auf Spurensuche der ersten Fr\u00fchlingsboten.<\/p>\n\n\n\n<p class=\"wp-block-paragraph\"><strong>M\u00e4rchen und Geschichten<\/strong> &#8211; Die b\u00e4renstarke Geschichte vom 30.12. musste leider verschoben werden und findet neu am <strong>Do, 3. M\u00e4rz <\/strong>um 14.00 Uhr statt. Marianne freut sich auf eine Anmeldung bis am 2.3. abends.<\/p>\n\n\n\n<p class=\"wp-block-paragraph\"><strong>Bewegung im Wald &#8211; <\/strong>am <strong>Sa, 12. M\u00e4rz<\/strong> f\u00fchren wir zusammen mit der Spilerei einen <a href=\"https:\/\/boeimige.ch\/angebot\/vereinsanlaesse\/\">Familienanlass <\/a>durch. Ihr seid alle herzlich willkommen. <\/p>\n\n\n\n<div class=\"wp-block-image\"><figure class=\"aligncenter size-large is-resized\"><img loading=\"lazy\" decoding=\"async\" src=\"https:\/\/boeimigenaturprojektedotch.files.wordpress.com\/2022\/01\/grafik-3.png?w=642\" alt=\"\" class=\"wp-image-2069\" width=\"504\" height=\"344\" srcset=\"https:\/\/boeimige.ch\/wp-content\/uploads\/2022\/01\/grafik-3.png 642w, https:\/\/boeimige.ch\/wp-content\/uploads\/2022\/01\/grafik-3-300x205.png 300w\" sizes=\"auto, (max-width: 504px) 100vw, 504px\" \/><\/figure><\/div>\n\n\n\n<p class=\"wp-block-paragraph\"><strong>Vorank\u00fcndigung FerienSpass<\/strong> &#8211; in den Fr\u00fchlingsferien bieten wir eine Hexenwerkstatt an. Im Buch der Natur lesen. Zauberkr\u00e4uter erkennen, Suppe kochen \u00fcber dem Feuer, wundersamen Geschichten lauschen.<\/p>\n\n\n\n<p class=\"wp-block-paragraph\"><strong>Stellvertreungen <\/strong>&#8211; Wir sind immer wieder auf der Suche nach Menschen, die bei unseren Angeboten einspringen k\u00f6nnen, wenn eine Leiterin krank oder andersweitig verhindert ist. Hast du Erfahrung darin, Kindergruppen draussen zu begleiten und \/oder auf dem Feuer zu kochen? Wohnst du in\/um Worb und bist grunds\u00e4tzlich am Mittwoch, Donnerstag oder Samstag f\u00fcr spontane Eins\u00e4tze zu haben? Dann freuen wir uns, wenn du dich auf <a rel=\"noreferrer noopener\" href=\"mailto:info@boeimige.ch\" target=\"_blank\">info@boeimige.ch<\/a> meldest! <\/p>\n\n\n\n<h3 class=\"wp-block-heading\" id=\"eine-winteridee\">Eine Winteridee<\/h3>\n\n\n\n<p class=\"wp-block-paragraph\"><strong>Schneeflocken fangen \u2013 <\/strong>Schneeflocken schmelzen schnell auf der warmen Hand, deshalb darf man etwas vorausplanen, um sie einzufangen: Du brauchst eine Glasplatte und Haarspray. Beides bewahrst du im K\u00fchlschrank auf bis es schneit. Ist es soweit spr\u00fchst du den kalten Haarspray auf die abgek\u00fchlte Glasplatte (so kalt wie m\u00f6glich) und l\u00e4sst ein paar Schneeflocken drauf fallen. Wenn du genug Flocken hast, nimmst du das Glas mit in die Wohnung und l\u00e4sst es bei Zimmertemperatur trocknen. Lass dich \u00fcberraschen, welchen Fang du gemacht hast! Wohl die erstaunlichsten Formen der Natur kannst du so f\u00fcr immer festhalten. <\/p>\n\n\n\n<p class=\"wp-block-paragraph\" style=\"font-size:10px;\">Quelle: Das Natur-Kinderbuch von Susan Milord<\/p>\n\n\n\n<div class=\"wp-block-image\"><figure class=\"alignright size-large is-resized\"><img loading=\"lazy\" decoding=\"async\" src=\"https:\/\/boeimigenaturprojektedotch.files.wordpress.com\/2022\/01\/grafik-4.png?w=1024\" alt=\"\" class=\"wp-image-2070\" width=\"168\" height=\"161\" srcset=\"https:\/\/boeimige.ch\/wp-content\/uploads\/2022\/01\/grafik-4.png 1600w, https:\/\/boeimige.ch\/wp-content\/uploads\/2022\/01\/grafik-4-300x286.png 300w, https:\/\/boeimige.ch\/wp-content\/uploads\/2022\/01\/grafik-4-1024x975.png 1024w, https:\/\/boeimige.ch\/wp-content\/uploads\/2022\/01\/grafik-4-768x732.png 768w, https:\/\/boeimige.ch\/wp-content\/uploads\/2022\/01\/grafik-4-1536x1463.png 1536w, https:\/\/boeimige.ch\/wp-content\/uploads\/2022\/01\/grafik-4-1568x1494.png 1568w\" sizes=\"auto, (max-width: 168px) 100vw, 168px\" \/><\/figure><\/div>\n","protected":false},"excerpt":{"rendered":"<p>R\u00fcckblick Waldspielgruppe &#8211; Wir starteten nach den Herbstferien sehr luftig in das neue Quartal. Der Wind hat uns nach Vechigen getragen zu den K\u00fcrbissen und Haseln\u00fcssen. Bevor es mit einem bunten Farbentag weiter ging, haben wir am knisternden Feuer einen &hellip; <a href=\"https:\/\/boeimige.ch\/?p=2056\">Weiterlesen <span class=\"meta-nav\">&rarr;<\/span><\/a><\/p>\n","protected":false},"author":1,"featured_media":0,"comment_status":"closed","ping_status":"closed","sticky":false,"template":"","format":"standard","meta":{"footnotes":""},"categories":[6],"tags":[],"class_list":["post-2056","post","type-post","status-publish","format-standard","hentry","category-waldpost"],"yoast_head":"<!-- This site is optimized with the Yoast SEO plugin v28.3 - https:\/\/yoast.com\/product\/yoast-seo-wordpress\/ -->\n<title>Waldpost 2 - 2021\/22 - B\u00f6imige Naturprojekte<\/title>\n<meta name=\"robots\" content=\"index, follow, max-snippet:-1, max-image-preview:large, max-video-preview:-1\" \/>\n<link rel=\"canonical\" href=\"https:\/\/boeimige.ch\/?p=2056\" \/>\n<meta property=\"og:locale\" content=\"de_DE\" \/>\n<meta property=\"og:type\" content=\"article\" \/>\n<meta property=\"og:title\" content=\"Waldpost 2 - 2021\/22 - B\u00f6imige Naturprojekte\" \/>\n<meta property=\"og:description\" content=\"R\u00fcckblick Waldspielgruppe &#8211; Wir starteten nach den Herbstferien sehr luftig in das neue Quartal. Der Wind hat uns nach Vechigen getragen zu den K\u00fcrbissen und Haseln\u00fcssen. Bevor es mit einem bunten Farbentag weiter ging, haben wir am knisternden Feuer einen &hellip; Weiterlesen &rarr;\" \/>\n<meta property=\"og:url\" content=\"https:\/\/boeimige.ch\/?p=2056\" \/>\n<meta property=\"og:site_name\" content=\"B\u00f6imige Naturprojekte\" \/>\n<meta property=\"article:publisher\" content=\"https:\/\/www.facebook.com\/Eggwald3076\" \/>\n<meta property=\"article:published_time\" content=\"2022-01-12T09:44:00+00:00\" \/>\n<meta property=\"og:image\" content=\"https:\/\/boeimige.ch\/wp-content\/uploads\/2017\/02\/waldpost_titel_neu.png\" \/>\n\t<meta property=\"og:image:width\" content=\"740\" \/>\n\t<meta property=\"og:image:height\" content=\"120\" \/>\n\t<meta property=\"og:image:type\" content=\"image\/png\" \/>\n<meta name=\"author\" content=\"admin\" \/>\n<meta name=\"twitter:card\" content=\"summary_large_image\" \/>\n<meta name=\"twitter:label1\" content=\"Verfasst von\" \/>\n\t<meta name=\"twitter:data1\" content=\"admin\" \/>\n\t<meta name=\"twitter:label2\" content=\"Gesch\u00e4tzte Lesezeit\" \/>\n\t<meta name=\"twitter:data2\" content=\"4\u00a0Minuten\" \/>\n<script type=\"application\/ld+json\" class=\"yoast-schema-graph\">{\"@context\":\"https:\\\/\\\/schema.org\",\"@graph\":[{\"@type\":\"Article\",\"@id\":\"https:\\\/\\\/boeimige.ch\\\/?p=2056#article\",\"isPartOf\":{\"@id\":\"https:\\\/\\\/boeimige.ch\\\/?p=2056\"},\"author\":{\"name\":\"admin\",\"@id\":\"https:\\\/\\\/boeimige.ch\\\/#\\\/schema\\\/person\\\/9228b199a4bf1a502c3b3e0e368604f8\"},\"headline\":\"Waldpost 2 &#8211; 2021\\\/22\",\"datePublished\":\"2022-01-12T09:44:00+00:00\",\"mainEntityOfPage\":{\"@id\":\"https:\\\/\\\/boeimige.ch\\\/?p=2056\"},\"wordCount\":722,\"publisher\":{\"@id\":\"https:\\\/\\\/boeimige.ch\\\/#organization\"},\"image\":{\"@id\":\"https:\\\/\\\/boeimige.ch\\\/?p=2056#primaryimage\"},\"thumbnailUrl\":\"https:\\\/\\\/boeimigenaturprojektedotch.files.wordpress.com\\\/2017\\\/02\\\/waldpost_titel_neu.png\",\"articleSection\":[\"Waldpost\"],\"inLanguage\":\"de\"},{\"@type\":\"WebPage\",\"@id\":\"https:\\\/\\\/boeimige.ch\\\/?p=2056\",\"url\":\"https:\\\/\\\/boeimige.ch\\\/?p=2056\",\"name\":\"Waldpost 2 - 2021\\\/22 - B\u00f6imige Naturprojekte\",\"isPartOf\":{\"@id\":\"https:\\\/\\\/boeimige.ch\\\/#website\"},\"primaryImageOfPage\":{\"@id\":\"https:\\\/\\\/boeimige.ch\\\/?p=2056#primaryimage\"},\"image\":{\"@id\":\"https:\\\/\\\/boeimige.ch\\\/?p=2056#primaryimage\"},\"thumbnailUrl\":\"https:\\\/\\\/boeimigenaturprojektedotch.files.wordpress.com\\\/2017\\\/02\\\/waldpost_titel_neu.png\",\"datePublished\":\"2022-01-12T09:44:00+00:00\",\"breadcrumb\":{\"@id\":\"https:\\\/\\\/boeimige.ch\\\/?p=2056#breadcrumb\"},\"inLanguage\":\"de\",\"potentialAction\":[{\"@type\":\"ReadAction\",\"target\":[\"https:\\\/\\\/boeimige.ch\\\/?p=2056\"]}]},{\"@type\":\"ImageObject\",\"inLanguage\":\"de\",\"@id\":\"https:\\\/\\\/boeimige.ch\\\/?p=2056#primaryimage\",\"url\":\"https:\\\/\\\/boeimigenaturprojektedotch.files.wordpress.com\\\/2017\\\/02\\\/waldpost_titel_neu.png\",\"contentUrl\":\"https:\\\/\\\/boeimigenaturprojektedotch.files.wordpress.com\\\/2017\\\/02\\\/waldpost_titel_neu.png\"},{\"@type\":\"BreadcrumbList\",\"@id\":\"https:\\\/\\\/boeimige.ch\\\/?p=2056#breadcrumb\",\"itemListElement\":[{\"@type\":\"ListItem\",\"position\":1,\"name\":\"Start\",\"item\":\"https:\\\/\\\/boeimige.ch\\\/\"},{\"@type\":\"ListItem\",\"position\":2,\"name\":\"Waldpost 2 &#8211; 2021\\\/22\"}]},{\"@type\":\"WebSite\",\"@id\":\"https:\\\/\\\/boeimige.ch\\\/#website\",\"url\":\"https:\\\/\\\/boeimige.ch\\\/\",\"name\":\"B\u00f6imige Naturprojekte\",\"description\":\"Waldspielgruppe und Walderlebnisse in Worb\",\"publisher\":{\"@id\":\"https:\\\/\\\/boeimige.ch\\\/#organization\"},\"potentialAction\":[{\"@type\":\"SearchAction\",\"target\":{\"@type\":\"EntryPoint\",\"urlTemplate\":\"https:\\\/\\\/boeimige.ch\\\/?s={search_term_string}\"},\"query-input\":{\"@type\":\"PropertyValueSpecification\",\"valueRequired\":true,\"valueName\":\"search_term_string\"}}],\"inLanguage\":\"de\"},{\"@type\":\"Organization\",\"@id\":\"https:\\\/\\\/boeimige.ch\\\/#organization\",\"name\":\"B\u00f6imige Naturprojekte\",\"url\":\"https:\\\/\\\/boeimige.ch\\\/\",\"logo\":{\"@type\":\"ImageObject\",\"inLanguage\":\"de\",\"@id\":\"https:\\\/\\\/boeimige.ch\\\/#\\\/schema\\\/logo\\\/image\\\/\",\"url\":\"https:\\\/\\\/boeimige.ch\\\/wp-content\\\/uploads\\\/2026\\\/08\\\/Logo-neu_farbig-scaled.png\",\"contentUrl\":\"https:\\\/\\\/boeimige.ch\\\/wp-content\\\/uploads\\\/2026\\\/08\\\/Logo-neu_farbig-scaled.png\",\"width\":2318,\"height\":2560,\"caption\":\"B\u00f6imige Naturprojekte\"},\"image\":{\"@id\":\"https:\\\/\\\/boeimige.ch\\\/#\\\/schema\\\/logo\\\/image\\\/\"},\"sameAs\":[\"https:\\\/\\\/www.facebook.com\\\/Eggwald3076\",\"https:\\\/\\\/www.instagram.com\\\/boeimige_waldspielgruppe?igsh=N2M2Ymt2bGVrYTEx&utm_source=qr\"]},{\"@type\":\"Person\",\"@id\":\"https:\\\/\\\/boeimige.ch\\\/#\\\/schema\\\/person\\\/9228b199a4bf1a502c3b3e0e368604f8\",\"name\":\"admin\",\"image\":{\"@type\":\"ImageObject\",\"inLanguage\":\"de\",\"@id\":\"https:\\\/\\\/secure.gravatar.com\\\/avatar\\\/b476a0bf638c3f6b12f015e2f56efbe5b26c86811ca104ed3790d31ece5b0833?s=96&d=mm&r=g\",\"url\":\"https:\\\/\\\/secure.gravatar.com\\\/avatar\\\/b476a0bf638c3f6b12f015e2f56efbe5b26c86811ca104ed3790d31ece5b0833?s=96&d=mm&r=g\",\"contentUrl\":\"https:\\\/\\\/secure.gravatar.com\\\/avatar\\\/b476a0bf638c3f6b12f015e2f56efbe5b26c86811ca104ed3790d31ece5b0833?s=96&d=mm&r=g\",\"caption\":\"admin\"},\"url\":\"https:\\\/\\\/boeimige.ch\\\/?author=1\"}]}<\/script>\n<!-- \/ Yoast SEO plugin. -->","yoast_head_json":{"title":"Waldpost 2 - 2021\/22 - B\u00f6imige Naturprojekte","robots":{"index":"index","follow":"follow","max-snippet":"max-snippet:-1","max-image-preview":"max-image-preview:large","max-video-preview":"max-video-preview:-1"},"canonical":"https:\/\/boeimige.ch\/?p=2056","og_locale":"de_DE","og_type":"article","og_title":"Waldpost 2 - 2021\/22 - B\u00f6imige Naturprojekte","og_description":"R\u00fcckblick Waldspielgruppe &#8211; Wir starteten nach den Herbstferien sehr luftig in das neue Quartal. Der Wind hat uns nach Vechigen getragen zu den K\u00fcrbissen und Haseln\u00fcssen. Bevor es mit einem bunten Farbentag weiter ging, haben wir am knisternden Feuer einen &hellip; Weiterlesen &rarr;","og_url":"https:\/\/boeimige.ch\/?p=2056","og_site_name":"B\u00f6imige Naturprojekte","article_publisher":"https:\/\/www.facebook.com\/Eggwald3076","article_published_time":"2022-01-12T09:44:00+00:00","og_image":[{"width":740,"height":120,"url":"https:\/\/boeimige.ch\/wp-content\/uploads\/2017\/02\/waldpost_titel_neu.png","type":"image\/png"}],"author":"admin","twitter_card":"summary_large_image","twitter_misc":{"Verfasst von":"admin","Gesch\u00e4tzte Lesezeit":"4\u00a0Minuten"},"schema":{"@context":"https:\/\/schema.org","@graph":[{"@type":"Article","@id":"https:\/\/boeimige.ch\/?p=2056#article","isPartOf":{"@id":"https:\/\/boeimige.ch\/?p=2056"},"author":{"name":"admin","@id":"https:\/\/boeimige.ch\/#\/schema\/person\/9228b199a4bf1a502c3b3e0e368604f8"},"headline":"Waldpost 2 &#8211; 2021\/22","datePublished":"2022-01-12T09:44:00+00:00","mainEntityOfPage":{"@id":"https:\/\/boeimige.ch\/?p=2056"},"wordCount":722,"publisher":{"@id":"https:\/\/boeimige.ch\/#organization"},"image":{"@id":"https:\/\/boeimige.ch\/?p=2056#primaryimage"},"thumbnailUrl":"https:\/\/boeimigenaturprojektedotch.files.wordpress.com\/2017\/02\/waldpost_titel_neu.png","articleSection":["Waldpost"],"inLanguage":"de"},{"@type":"WebPage","@id":"https:\/\/boeimige.ch\/?p=2056","url":"https:\/\/boeimige.ch\/?p=2056","name":"Waldpost 2 - 2021\/22 - B\u00f6imige Naturprojekte","isPartOf":{"@id":"https:\/\/boeimige.ch\/#website"},"primaryImageOfPage":{"@id":"https:\/\/boeimige.ch\/?p=2056#primaryimage"},"image":{"@id":"https:\/\/boeimige.ch\/?p=2056#primaryimage"},"thumbnailUrl":"https:\/\/boeimigenaturprojektedotch.files.wordpress.com\/2017\/02\/waldpost_titel_neu.png","datePublished":"2022-01-12T09:44:00+00:00","breadcrumb":{"@id":"https:\/\/boeimige.ch\/?p=2056#breadcrumb"},"inLanguage":"de","potentialAction":[{"@type":"ReadAction","target":["https:\/\/boeimige.ch\/?p=2056"]}]},{"@type":"ImageObject","inLanguage":"de","@id":"https:\/\/boeimige.ch\/?p=2056#primaryimage","url":"https:\/\/boeimigenaturprojektedotch.files.wordpress.com\/2017\/02\/waldpost_titel_neu.png","contentUrl":"https:\/\/boeimigenaturprojektedotch.files.wordpress.com\/2017\/02\/waldpost_titel_neu.png"},{"@type":"BreadcrumbList","@id":"https:\/\/boeimige.ch\/?p=2056#breadcrumb","itemListElement":[{"@type":"ListItem","position":1,"name":"Start","item":"https:\/\/boeimige.ch\/"},{"@type":"ListItem","position":2,"name":"Waldpost 2 &#8211; 2021\/22"}]},{"@type":"WebSite","@id":"https:\/\/boeimige.ch\/#website","url":"https:\/\/boeimige.ch\/","name":"B\u00f6imige Naturprojekte","description":"Waldspielgruppe und Walderlebnisse in Worb","publisher":{"@id":"https:\/\/boeimige.ch\/#organization"},"potentialAction":[{"@type":"SearchAction","target":{"@type":"EntryPoint","urlTemplate":"https:\/\/boeimige.ch\/?s={search_term_string}"},"query-input":{"@type":"PropertyValueSpecification","valueRequired":true,"valueName":"search_term_string"}}],"inLanguage":"de"},{"@type":"Organization","@id":"https:\/\/boeimige.ch\/#organization","name":"B\u00f6imige Naturprojekte","url":"https:\/\/boeimige.ch\/","logo":{"@type":"ImageObject","inLanguage":"de","@id":"https:\/\/boeimige.ch\/#\/schema\/logo\/image\/","url":"https:\/\/boeimige.ch\/wp-content\/uploads\/2026\/08\/Logo-neu_farbig-scaled.png","contentUrl":"https:\/\/boeimige.ch\/wp-content\/uploads\/2026\/08\/Logo-neu_farbig-scaled.png","width":2318,"height":2560,"caption":"B\u00f6imige Naturprojekte"},"image":{"@id":"https:\/\/boeimige.ch\/#\/schema\/logo\/image\/"},"sameAs":["https:\/\/www.facebook.com\/Eggwald3076","https:\/\/www.instagram.com\/boeimige_waldspielgruppe?igsh=N2M2Ymt2bGVrYTEx&utm_source=qr"]},{"@type":"Person","@id":"https:\/\/boeimige.ch\/#\/schema\/person\/9228b199a4bf1a502c3b3e0e368604f8","name":"admin","image":{"@type":"ImageObject","inLanguage":"de","@id":"https:\/\/secure.gravatar.com\/avatar\/b476a0bf638c3f6b12f015e2f56efbe5b26c86811ca104ed3790d31ece5b0833?s=96&d=mm&r=g","url":"https:\/\/secure.gravatar.com\/avatar\/b476a0bf638c3f6b12f015e2f56efbe5b26c86811ca104ed3790d31ece5b0833?s=96&d=mm&r=g","contentUrl":"https:\/\/secure.gravatar.com\/avatar\/b476a0bf638c3f6b12f015e2f56efbe5b26c86811ca104ed3790d31ece5b0833?s=96&d=mm&r=g","caption":"admin"},"url":"https:\/\/boeimige.ch\/?author=1"}]}},"_links":{"self":[{"href":"https:\/\/boeimige.ch\/index.php?rest_route=\/wp\/v2\/posts\/2056","targetHints":{"allow":["GET"]}}],"collection":[{"href":"https:\/\/boeimige.ch\/index.php?rest_route=\/wp\/v2\/posts"}],"about":[{"href":"https:\/\/boeimige.ch\/index.php?rest_route=\/wp\/v2\/types\/post"}],"author":[{"embeddable":true,"href":"https:\/\/boeimige.ch\/index.php?rest_route=\/wp\/v2\/users\/1"}],"replies":[{"embeddable":true,"href":"https:\/\/boeimige.ch\/index.php?rest_route=%2Fwp%2Fv2%2Fcomments&post=2056"}],"version-history":[{"count":0,"href":"https:\/\/boeimige.ch\/index.php?rest_route=\/wp\/v2\/posts\/2056\/revisions"}],"wp:attachment":[{"href":"https:\/\/boeimige.ch\/index.php?rest_route=%2Fwp%2Fv2%2Fmedia&parent=2056"}],"wp:term":[{"taxonomy":"category","embeddable":true,"href":"https:\/\/boeimige.ch\/index.php?rest_route=%2Fwp%2Fv2%2Fcategories&post=2056"},{"taxonomy":"post_tag","embeddable":true,"href":"https:\/\/boeimige.ch\/index.php?rest_route=%2Fwp%2Fv2%2Ftags&post=2056"}],"curies":[{"name":"wp","href":"https:\/\/api.w.org\/{rel}","templated":true}]}}