{"id":2210,"date":"2022-06-05T09:35:06","date_gmt":"2022-06-05T08:35:06","guid":{"rendered":"https:\/\/boeimige.ch\/?p=2210"},"modified":"2022-06-05T09:35:06","modified_gmt":"2022-06-05T08:35:06","slug":"waldpost-3-2021-22","status":"publish","type":"post","link":"https:\/\/boeimige.ch\/?p=2210","title":{"rendered":"Waldpost 3 &#8211; 2021\/22"},"content":{"rendered":"\n<figure class=\"wp-block-image\"><img loading=\"lazy\" decoding=\"async\" width=\"740\" height=\"120\" src=\"https:\/\/boeimigenaturprojektedotch.files.wordpress.com\/2017\/02\/waldpost_titel_neu.png\" alt=\"waldpost_titel_neu\" class=\"wp-image-569\" srcset=\"https:\/\/boeimige.ch\/wp-content\/uploads\/2017\/02\/waldpost_titel_neu.png 740w, https:\/\/boeimige.ch\/wp-content\/uploads\/2017\/02\/waldpost_titel_neu-300x49.png 300w\" sizes=\"auto, (max-width: 740px) 100vw, 740px\" \/><\/figure>\n\n\n\n<h3 class=\"wp-block-heading\" id=\"ruckblick\">R\u00fcckblick<\/h3>\n\n\n\n<p class=\"wp-block-paragraph\"><strong>Waldspielgruppe<\/strong> &#8211; Mit den ersten Schneegl\u00f6ggli und Buschwindr\u00f6schen sind auch die Sonnenzwerge im Eggwald aufgetaucht. Wir haben viele Pfl\u00e4nzchen entdeckt und wissen nun, dass die Schl\u00fcsselblume den Himmel aufschliesst, um den Fr\u00fchling einzulassen. Mit Spiegeln haben wir selbst die Sonnenstrahlen eingefangen und sind mit diesen durch den Wald getanzt. Ein H\u00f6hepunkt war unser Maibummel, der uns kreuz und quer durch den Eggwald gef\u00fchrt hat. Ein richtiger Maik\u00e4fer war sogar beim Zn\u00fcni zu Gast und beim Zmittag konnten wir beobachten, wie die Meisen im Nistkasten fast im Minutentakt einflogen, um ihren Nachwuchs zu f\u00fcttern. Sch\u00f6n wars!<\/p>\n\n\n\n<figure class=\"wp-block-gallery has-nested-images columns-default is-cropped is-style-rectangular wp-block-gallery-1 is-layout-flex wp-block-gallery-is-layout-flex\">\n<figure class=\"wp-block-image size-large\"><img loading=\"lazy\" decoding=\"async\" width=\"1080\" height=\"1080\" data-id=\"2235\" src=\"https:\/\/boeimigenaturprojektedotch.files.wordpress.com\/2022\/06\/2022_03_10_15_46_40_780.jpg?w=1024\" alt=\"\" class=\"wp-image-2235\" srcset=\"https:\/\/boeimige.ch\/wp-content\/uploads\/2022\/06\/2022_03_10_15_46_40_780.jpg 1080w, https:\/\/boeimige.ch\/wp-content\/uploads\/2022\/06\/2022_03_10_15_46_40_780-300x300.jpg 300w, https:\/\/boeimige.ch\/wp-content\/uploads\/2022\/06\/2022_03_10_15_46_40_780-1024x1024.jpg 1024w, https:\/\/boeimige.ch\/wp-content\/uploads\/2022\/06\/2022_03_10_15_46_40_780-150x150.jpg 150w, https:\/\/boeimige.ch\/wp-content\/uploads\/2022\/06\/2022_03_10_15_46_40_780-768x768.jpg 768w\" sizes=\"auto, (max-width: 1080px) 100vw, 1080px\" \/><\/figure>\n\n\n\n<figure class=\"wp-block-image size-large\"><img loading=\"lazy\" decoding=\"async\" width=\"1080\" height=\"1080\" data-id=\"2236\" src=\"https:\/\/boeimigenaturprojektedotch.files.wordpress.com\/2022\/06\/2022_05_12_14_55_03_859.jpg?w=1024\" alt=\"\" class=\"wp-image-2236\" srcset=\"https:\/\/boeimige.ch\/wp-content\/uploads\/2022\/06\/2022_05_12_14_55_03_859.jpg 1080w, https:\/\/boeimige.ch\/wp-content\/uploads\/2022\/06\/2022_05_12_14_55_03_859-300x300.jpg 300w, https:\/\/boeimige.ch\/wp-content\/uploads\/2022\/06\/2022_05_12_14_55_03_859-1024x1024.jpg 1024w, https:\/\/boeimige.ch\/wp-content\/uploads\/2022\/06\/2022_05_12_14_55_03_859-150x150.jpg 150w, https:\/\/boeimige.ch\/wp-content\/uploads\/2022\/06\/2022_05_12_14_55_03_859-768x768.jpg 768w\" sizes=\"auto, (max-width: 1080px) 100vw, 1080px\" \/><\/figure>\n<\/figure>\n\n\n\n<p class=\"has-white-color has-text-color wp-block-paragraph\"><\/p>\n\n\n\n<p class=\"wp-block-paragraph\"><strong>Walddetektive &#8211; <\/strong>Mit allen Sinnen durch den Wald. Nach dem Spurensuchen mit Adleraugen, waren beim letzten Mal die Schnuppernasen gefordert. Welche D\u00fcfte passen zusammen? Die Hinweise zu den Verstecken fanden sich in den verschiedenen Aroma-Gl\u00e4sern. Die Fr\u00fchlingsschn\u00fcffler haben die \u201eGaben der Natur\u201c gefunden, Bl\u00fctenbrote zum Ap\u00e9ro vorbereitet und Elfensirup geschl\u00fcrft. Mmmh! Weiter wurden fleissig Schatzkarten gezeichnet und im Feuer mit einem geheimnisvollen, braunen Rand geschm\u00fcckt. Hui, muss man da aufpassen, dass die Karte nicht etwa verbrennt!<\/p>\n\n\n\n<div class=\"wp-block-media-text alignwide is-stacked-on-mobile is-style-rectangular\" style=\"grid-template-columns:51% auto;\"><figure class=\"wp-block-media-text__media\"><img loading=\"lazy\" decoding=\"async\" width=\"1080\" height=\"1080\" src=\"https:\/\/boeimigenaturprojektedotch.files.wordpress.com\/2022\/06\/2022_05_07_16_13_13_389.jpg?w=1024\" alt=\"\" class=\"wp-image-2237 size-full\" srcset=\"https:\/\/boeimige.ch\/wp-content\/uploads\/2022\/06\/2022_05_07_16_13_13_389.jpg 1080w, https:\/\/boeimige.ch\/wp-content\/uploads\/2022\/06\/2022_05_07_16_13_13_389-300x300.jpg 300w, https:\/\/boeimige.ch\/wp-content\/uploads\/2022\/06\/2022_05_07_16_13_13_389-1024x1024.jpg 1024w, https:\/\/boeimige.ch\/wp-content\/uploads\/2022\/06\/2022_05_07_16_13_13_389-150x150.jpg 150w, https:\/\/boeimige.ch\/wp-content\/uploads\/2022\/06\/2022_05_07_16_13_13_389-768x768.jpg 768w\" sizes=\"auto, (max-width: 1080px) 100vw, 1080px\" \/><\/figure><div class=\"wp-block-media-text__content\">\n<p class=\"wp-block-paragraph\"><\/p>\n<\/div><\/div>\n\n\n\n<p class=\"wp-block-paragraph\"><strong>Eltern-Kind-Nachmittage Himug\u00fcegeli<\/strong> &#8211; Im Mai war das Himug\u00fcegeli nicht alleine im Wald. Wer war denn da noch dabei? Unsere grosse Steinraupe und ganz viele Raupen der Pfaffenh\u00fctchen-Gespinstmotten, die sich ihrem Faden entlang hochhangelten. Faszinierend! <\/p>\n\n\n\n<div class=\"wp-block-jetpack-tiled-gallery aligncenter is-style-rectangular\"><div class=\"tiled-gallery__gallery\"><div class=\"tiled-gallery__row\"><div class=\"tiled-gallery__col\" style=\"flex-basis:70.42021%;\"><figure class=\"tiled-gallery__item\"><img decoding=\"async\" alt=\"\" data-height=\"2448\" data-id=\"2227\" data-link=\"https:\/\/boeimige.ch\/?attachment_id=2227\" data-url=\"https:\/\/boeimigenaturprojektedotch.files.wordpress.com\/2022\/06\/img_7263-2.jpg?w=1024\" data-width=\"3264\" src=\"https:\/\/boeimigenaturprojektedotch.files.wordpress.com\/2022\/06\/img_7263-2.jpg\" data-amp-layout=\"responsive\" \/><\/figure><\/div><div class=\"tiled-gallery__col\" style=\"flex-basis:29.57979%;\"><figure class=\"tiled-gallery__item\"><img decoding=\"async\" alt=\"\" data-height=\"1920\" data-id=\"2226\" data-link=\"https:\/\/boeimige.ch\/?attachment_id=2226\" data-url=\"https:\/\/boeimigenaturprojektedotch.files.wordpress.com\/2022\/06\/img_7264-1.jpg?w=572\" data-width=\"1072\" src=\"https:\/\/boeimigenaturprojektedotch.files.wordpress.com\/2022\/06\/img_7264-1.jpg\" data-amp-layout=\"responsive\" \/><\/figure><\/div><\/div><\/div><\/div>\n\n\n\n<p class=\"has-white-color has-text-color wp-block-paragraph\"><\/p>\n\n\n\n<p class=\"has-white-color has-text-color wp-block-paragraph\">a<\/p>\n\n\n\n<h3 class=\"wp-block-heading\" id=\"ausblick\">Ausblick<\/h3>\n\n\n\n<p class=\"wp-block-paragraph\"><strong>\u00dcbernachten im Wald &#8211; <\/strong>Vom <strong>Fr, 17. Juni, 18 Uhr bis am Sa, 18. Juni ca. 9.00 Uhr<\/strong> bauen wir unser Nachtlager auf, geniessen ein gemeinsam gekochtes Essen \u00fcber dem Feuer, gucken in die Sterne, tr\u00e4umen im Schlafsack bis uns das Konzert der V\u00f6gel am n\u00e4chsten Morgen wieder weckt. Ein feines Fr\u00fchst\u00fcck rundet den Anlass ab. Wir freuen uns! <a href=\"https:\/\/boeimige.ch\/angebot\/vereinsanlaesse\/\">Hier<\/a> geht es zur Ausschreibung.<\/p>\n\n\n\n<p class=\"wp-block-paragraph\"><strong>Waldspielgruppe<\/strong> &#8211; Am Do, 7. Juli verabschieden wir die b\u00f6imigen Kinder, welche nach den Sommerferien in den Kindergarten kommen &#8211; alles Gute! F\u00fcr den Spielgruppenstart im August konnten wir schon wieder alle 12 Pl\u00e4tze vergeben, die <a href=\"https:\/\/boeimige.ch\/angebot\/waldspielgruppe\/\">Waldspielgruppe <\/a>am Donnerstag ist also ausgebucht. Wir f\u00fchren eine Warteliste. Wenn gen\u00fcgend Interesse besteht, starten wir mit einer zus\u00e4tzlichen Gruppe an einem anderen Wochentag.<\/p>\n\n\n\n<p class=\"wp-block-paragraph\"><strong>Himug\u00fcegeli<\/strong> &#8211; Am <strong>Mi,<\/strong> <strong>26. Juni<\/strong> findet der letzte <a href=\"https:\/\/boeimige.ch\/angebot\/eltern-kindgruppe-himugueegeli\/\">Eltern-Kind-Nachmittag <\/a>mit Regula statt. Ab dem neuen Schuljahr \u00fcbernimmt Sarah dieses Angebot. Die ersten Daten sind der Mi, 24. August und der Mi, 21. September. Bekannte und neue Gesichter sind jederzeit herzlich willkommen!<\/p>\n\n\n\n<p class=\"wp-block-paragraph\"><strong>B\u00f6imige Walddetektive<\/strong> &#8211; Am<strong> Sa, 11. Juni <\/strong>und <strong>Sa, 25. Juni<\/strong> sind die <a href=\"https:\/\/boeimige.ch\/angebot\/walddetektive\/\">Detektive <\/a>wieder im Eggwald unterwegs. Im kommenden Schuljahr startet das Angebot am 10. September. Gesucht werden neue Detektive und Detektivinnen! Anmedungen f\u00fcr ein halbes oder ein ganzes Jahr nehmen wir gerne bis am 15. August entgegen. <\/p>\n\n\n\n<p class=\"wp-block-paragraph\"><strong>FerienSpass<\/strong> &#8211; <strong><a href=\"https:\/\/boeimige.ch\/angebot\/ferienspasstage\/\">Beerenrot<\/a>, Bl\u00e4ttergr\u00fcn und Kohleschwarz <br><\/strong>Am <strong> Do, 14. und Fr, 15. Juli<\/strong> finden drei Halbtageskurse zum Thema Naturfarben statt. <em> <\/em>Wir zerkleinern Steine im M\u00f6rser, sieben r\u00f6tliche Erde fein oder pressen Bl\u00e4tterbl\u00fcten aus, bis es eine wunderbare Saftfarbe gibt. Experimentieren, ausprobieren und entdecken \u2013 bist du dabei?<\/p>\n\n\n\n<p class=\"wp-block-paragraph\"><strong>FerienSpass<\/strong> &#8211; <strong><a href=\"https:\/\/boeimige.ch\/angebot\/ferienspasstage\/\">Hexenwerkstatt<\/a><br><\/strong>Am <strong>Mi, 10. August  <\/strong>werden Sch\u00f6nheitsrezepte aus der Natur preisgegeben. Wir r\u00fchren eine goldene Salbe, verwandeln uns in Bl\u00fctenelfen oder Kobolde f\u00fcr ein Fotoshooting. Ein feines Mittagessen und wundersame Geschichten werden ebenfalls nicht fehlen.<\/p>\n\n\n\n<p class=\"wp-block-paragraph\">&#8211;<\/p>\n\n\n\n<h3 class=\"wp-block-heading\" style=\"font-size:10px;\">In eigener Sache<\/h3>\n\n\n\n<div class=\"wp-block-media-text alignwide has-media-on-the-right is-stacked-on-mobile is-vertically-aligned-center\"><figure class=\"wp-block-media-text__media\"><img loading=\"lazy\" decoding=\"async\" width=\"407\" height=\"570\" src=\"https:\/\/boeimigenaturprojektedotch.files.wordpress.com\/2022\/06\/wir-suchen.png?w=407\" alt=\"\" class=\"wp-image-2239 size-full\" srcset=\"https:\/\/boeimige.ch\/wp-content\/uploads\/2022\/06\/wir-suchen.png 407w, https:\/\/boeimige.ch\/wp-content\/uploads\/2022\/06\/wir-suchen-214x300.png 214w\" sizes=\"auto, (max-width: 407px) 100vw, 407px\" \/><\/figure><div class=\"wp-block-media-text__content\">\n<p class=\"wp-block-paragraph\"><strong>Wir suchen Verst\u00e4rkung <\/strong>&#8211; Unsere liebe Nora tritt aus dem Vorstand aus, um neuen Projekten nachzugehen. Wir bedauern dies, weil wir eine tatkr\u00e4ftige Frau ziehen lassen m\u00fcssen. Um diese grosse L\u00fccke zu schliessen, suchen wir nun ein paar \u201eWaldtiere\u201c, die uns auf unserem weiteren Weg begleiten. Insbesondere suchen wir noch jemanden, der unsere <strong>Rechnungsstellung und\/oder Buchhaltung<\/strong> gegen eine kleine Entsch\u00e4digung macht. Vielleicht mag das eine oder andere Waldtier auch im Vorstand mitwirken? Mitmachen, weitersagen oder empfehlen ist sehr erw\u00fcnscht. Wir danken euch von Herzen.<\/p>\n<\/div><\/div>\n\n\n\n<div class=\"wp-block-media-text alignwide is-stacked-on-mobile\" style=\"grid-template-columns:45% auto;\"><figure class=\"wp-block-media-text__media\"><img loading=\"lazy\" decoding=\"async\" width=\"1080\" height=\"1080\" src=\"https:\/\/boeimigenaturprojektedotch.files.wordpress.com\/2022\/06\/2022_05_18_13_38_05_398-1.jpg?w=1024\" alt=\"\" class=\"wp-image-2249 size-full\" srcset=\"https:\/\/boeimige.ch\/wp-content\/uploads\/2022\/06\/2022_05_18_13_38_05_398-1.jpg 1080w, https:\/\/boeimige.ch\/wp-content\/uploads\/2022\/06\/2022_05_18_13_38_05_398-1-300x300.jpg 300w, https:\/\/boeimige.ch\/wp-content\/uploads\/2022\/06\/2022_05_18_13_38_05_398-1-1024x1024.jpg 1024w, https:\/\/boeimige.ch\/wp-content\/uploads\/2022\/06\/2022_05_18_13_38_05_398-1-150x150.jpg 150w, https:\/\/boeimige.ch\/wp-content\/uploads\/2022\/06\/2022_05_18_13_38_05_398-1-768x768.jpg 768w\" sizes=\"auto, (max-width: 1080px) 100vw, 1080px\" \/><\/figure><div class=\"wp-block-media-text__content\">\n<p class=\"wp-block-paragraph\">Liebe Nora &#8211; Du warst fleissig, wie eine Biene, schlau wie ein Fuchs, weitblickend, wie eine Eule, konntest klettern, wie ein Eichh\u00f6rnchen und nun hoffen wir, dass du uns gleichfalls ab und zu als \u201eliebes Reh\u201c erhalten bleibst. Wir freuen uns sehr, dass du weiterhin mit den Detektiven durch den Wald pirschst. Wir w\u00fcnschen dir viel Freude bei all deinen Projekten und nat\u00fcrlich ebenso bei uns im Eggwald. Regula, Marianne und Sarah<\/p>\n<\/div><\/div>\n\n\n\n<p class=\"wp-block-paragraph\">&#8211;<\/p>\n\n\n\n<h3 class=\"wp-block-heading\" id=\"eine-winteridee\">Eine Sommeridee<\/h3>\n\n\n\n<p class=\"wp-block-paragraph\"><strong>Auch die Gr\u00e4ser erz\u00e4hlen eine Geschichte<\/strong> &#8211; Leicht angetrocknet lassen sich die langen Halme gut zu einem Webst\u00fcck verarbeiten. Auf und ab, auf und ab, auf und ab\u2026 zusammenbinden \u2013 fertig ist das Kunstwerk. Wer Lust hat steckt Bl\u00fcten oder andere Natursch\u00e4tze in das Gewebe. Viel Spass!<\/p>\n\n\n\n<figure class=\"wp-block-image size-large\"><img loading=\"lazy\" decoding=\"async\" width=\"1080\" height=\"1080\" src=\"https:\/\/boeimigenaturprojektedotch.files.wordpress.com\/2022\/06\/2022_05_18_11_49_35_882.jpg?w=1024\" alt=\"\" class=\"wp-image-2241\" srcset=\"https:\/\/boeimige.ch\/wp-content\/uploads\/2022\/06\/2022_05_18_11_49_35_882.jpg 1080w, https:\/\/boeimige.ch\/wp-content\/uploads\/2022\/06\/2022_05_18_11_49_35_882-300x300.jpg 300w, https:\/\/boeimige.ch\/wp-content\/uploads\/2022\/06\/2022_05_18_11_49_35_882-1024x1024.jpg 1024w, https:\/\/boeimige.ch\/wp-content\/uploads\/2022\/06\/2022_05_18_11_49_35_882-150x150.jpg 150w, https:\/\/boeimige.ch\/wp-content\/uploads\/2022\/06\/2022_05_18_11_49_35_882-768x768.jpg 768w\" sizes=\"auto, (max-width: 1080px) 100vw, 1080px\" \/><\/figure>\n\n\n\n<p class=\"wp-block-paragraph\" style=\"font-size:10px;\"><\/p>\n","protected":false},"excerpt":{"rendered":"<p>R\u00fcckblick Waldspielgruppe &#8211; Mit den ersten Schneegl\u00f6ggli und Buschwindr\u00f6schen sind auch die Sonnenzwerge im Eggwald aufgetaucht. Wir haben viele Pfl\u00e4nzchen entdeckt und wissen nun, dass die Schl\u00fcsselblume den Himmel aufschliesst, um den Fr\u00fchling einzulassen. Mit Spiegeln haben wir selbst die &hellip; <a href=\"https:\/\/boeimige.ch\/?p=2210\">Weiterlesen <span class=\"meta-nav\">&rarr;<\/span><\/a><\/p>\n","protected":false},"author":1,"featured_media":0,"comment_status":"closed","ping_status":"closed","sticky":false,"template":"","format":"standard","meta":{"footnotes":""},"categories":[6],"tags":[],"class_list":["post-2210","post","type-post","status-publish","format-standard","hentry","category-waldpost"],"yoast_head":"<!-- This site is optimized with the Yoast SEO plugin v28.3 - https:\/\/yoast.com\/product\/yoast-seo-wordpress\/ -->\n<title>Waldpost 3 - 2021\/22 - B\u00f6imige Naturprojekte<\/title>\n<meta name=\"robots\" content=\"index, follow, max-snippet:-1, max-image-preview:large, max-video-preview:-1\" \/>\n<link rel=\"canonical\" href=\"https:\/\/boeimige.ch\/?p=2210\" \/>\n<meta property=\"og:locale\" content=\"de_DE\" \/>\n<meta property=\"og:type\" content=\"article\" \/>\n<meta property=\"og:title\" content=\"Waldpost 3 - 2021\/22 - B\u00f6imige Naturprojekte\" \/>\n<meta property=\"og:description\" content=\"R\u00fcckblick Waldspielgruppe &#8211; Mit den ersten Schneegl\u00f6ggli und Buschwindr\u00f6schen sind auch die Sonnenzwerge im Eggwald aufgetaucht. Wir haben viele Pfl\u00e4nzchen entdeckt und wissen nun, dass die Schl\u00fcsselblume den Himmel aufschliesst, um den Fr\u00fchling einzulassen. Mit Spiegeln haben wir selbst die &hellip; Weiterlesen &rarr;\" \/>\n<meta property=\"og:url\" content=\"https:\/\/boeimige.ch\/?p=2210\" \/>\n<meta property=\"og:site_name\" content=\"B\u00f6imige Naturprojekte\" \/>\n<meta property=\"article:publisher\" content=\"https:\/\/www.facebook.com\/Eggwald3076\" \/>\n<meta property=\"article:published_time\" content=\"2022-06-05T08:35:06+00:00\" \/>\n<meta property=\"og:image\" content=\"https:\/\/boeimige.ch\/wp-content\/uploads\/2017\/02\/waldpost_titel_neu.png\" \/>\n\t<meta property=\"og:image:width\" content=\"740\" \/>\n\t<meta property=\"og:image:height\" content=\"120\" \/>\n\t<meta property=\"og:image:type\" content=\"image\/png\" \/>\n<meta name=\"author\" content=\"admin\" \/>\n<meta name=\"twitter:card\" content=\"summary_large_image\" \/>\n<meta name=\"twitter:label1\" content=\"Verfasst von\" \/>\n\t<meta name=\"twitter:data1\" content=\"admin\" \/>\n\t<meta name=\"twitter:label2\" content=\"Gesch\u00e4tzte Lesezeit\" \/>\n\t<meta name=\"twitter:data2\" content=\"4\u00a0Minuten\" \/>\n<script type=\"application\/ld+json\" class=\"yoast-schema-graph\">{\"@context\":\"https:\\\/\\\/schema.org\",\"@graph\":[{\"@type\":\"Article\",\"@id\":\"https:\\\/\\\/boeimige.ch\\\/?p=2210#article\",\"isPartOf\":{\"@id\":\"https:\\\/\\\/boeimige.ch\\\/?p=2210\"},\"author\":{\"name\":\"admin\",\"@id\":\"https:\\\/\\\/boeimige.ch\\\/#\\\/schema\\\/person\\\/9228b199a4bf1a502c3b3e0e368604f8\"},\"headline\":\"Waldpost 3 &#8211; 2021\\\/22\",\"datePublished\":\"2022-06-05T08:35:06+00:00\",\"mainEntityOfPage\":{\"@id\":\"https:\\\/\\\/boeimige.ch\\\/?p=2210\"},\"wordCount\":763,\"publisher\":{\"@id\":\"https:\\\/\\\/boeimige.ch\\\/#organization\"},\"image\":{\"@id\":\"https:\\\/\\\/boeimige.ch\\\/?p=2210#primaryimage\"},\"thumbnailUrl\":\"https:\\\/\\\/boeimigenaturprojektedotch.files.wordpress.com\\\/2017\\\/02\\\/waldpost_titel_neu.png\",\"articleSection\":[\"Waldpost\"],\"inLanguage\":\"de\"},{\"@type\":\"WebPage\",\"@id\":\"https:\\\/\\\/boeimige.ch\\\/?p=2210\",\"url\":\"https:\\\/\\\/boeimige.ch\\\/?p=2210\",\"name\":\"Waldpost 3 - 2021\\\/22 - B\u00f6imige Naturprojekte\",\"isPartOf\":{\"@id\":\"https:\\\/\\\/boeimige.ch\\\/#website\"},\"primaryImageOfPage\":{\"@id\":\"https:\\\/\\\/boeimige.ch\\\/?p=2210#primaryimage\"},\"image\":{\"@id\":\"https:\\\/\\\/boeimige.ch\\\/?p=2210#primaryimage\"},\"thumbnailUrl\":\"https:\\\/\\\/boeimigenaturprojektedotch.files.wordpress.com\\\/2017\\\/02\\\/waldpost_titel_neu.png\",\"datePublished\":\"2022-06-05T08:35:06+00:00\",\"breadcrumb\":{\"@id\":\"https:\\\/\\\/boeimige.ch\\\/?p=2210#breadcrumb\"},\"inLanguage\":\"de\",\"potentialAction\":[{\"@type\":\"ReadAction\",\"target\":[\"https:\\\/\\\/boeimige.ch\\\/?p=2210\"]}]},{\"@type\":\"ImageObject\",\"inLanguage\":\"de\",\"@id\":\"https:\\\/\\\/boeimige.ch\\\/?p=2210#primaryimage\",\"url\":\"https:\\\/\\\/boeimigenaturprojektedotch.files.wordpress.com\\\/2017\\\/02\\\/waldpost_titel_neu.png\",\"contentUrl\":\"https:\\\/\\\/boeimigenaturprojektedotch.files.wordpress.com\\\/2017\\\/02\\\/waldpost_titel_neu.png\"},{\"@type\":\"BreadcrumbList\",\"@id\":\"https:\\\/\\\/boeimige.ch\\\/?p=2210#breadcrumb\",\"itemListElement\":[{\"@type\":\"ListItem\",\"position\":1,\"name\":\"Start\",\"item\":\"https:\\\/\\\/boeimige.ch\\\/\"},{\"@type\":\"ListItem\",\"position\":2,\"name\":\"Waldpost 3 &#8211; 2021\\\/22\"}]},{\"@type\":\"WebSite\",\"@id\":\"https:\\\/\\\/boeimige.ch\\\/#website\",\"url\":\"https:\\\/\\\/boeimige.ch\\\/\",\"name\":\"B\u00f6imige Naturprojekte\",\"description\":\"Waldspielgruppe und Walderlebnisse in Worb\",\"publisher\":{\"@id\":\"https:\\\/\\\/boeimige.ch\\\/#organization\"},\"potentialAction\":[{\"@type\":\"SearchAction\",\"target\":{\"@type\":\"EntryPoint\",\"urlTemplate\":\"https:\\\/\\\/boeimige.ch\\\/?s={search_term_string}\"},\"query-input\":{\"@type\":\"PropertyValueSpecification\",\"valueRequired\":true,\"valueName\":\"search_term_string\"}}],\"inLanguage\":\"de\"},{\"@type\":\"Organization\",\"@id\":\"https:\\\/\\\/boeimige.ch\\\/#organization\",\"name\":\"B\u00f6imige Naturprojekte\",\"url\":\"https:\\\/\\\/boeimige.ch\\\/\",\"logo\":{\"@type\":\"ImageObject\",\"inLanguage\":\"de\",\"@id\":\"https:\\\/\\\/boeimige.ch\\\/#\\\/schema\\\/logo\\\/image\\\/\",\"url\":\"https:\\\/\\\/boeimige.ch\\\/wp-content\\\/uploads\\\/2026\\\/08\\\/Logo-neu_farbig-scaled.png\",\"contentUrl\":\"https:\\\/\\\/boeimige.ch\\\/wp-content\\\/uploads\\\/2026\\\/08\\\/Logo-neu_farbig-scaled.png\",\"width\":2318,\"height\":2560,\"caption\":\"B\u00f6imige Naturprojekte\"},\"image\":{\"@id\":\"https:\\\/\\\/boeimige.ch\\\/#\\\/schema\\\/logo\\\/image\\\/\"},\"sameAs\":[\"https:\\\/\\\/www.facebook.com\\\/Eggwald3076\",\"https:\\\/\\\/www.instagram.com\\\/boeimige_waldspielgruppe?igsh=N2M2Ymt2bGVrYTEx&utm_source=qr\"]},{\"@type\":\"Person\",\"@id\":\"https:\\\/\\\/boeimige.ch\\\/#\\\/schema\\\/person\\\/9228b199a4bf1a502c3b3e0e368604f8\",\"name\":\"admin\",\"image\":{\"@type\":\"ImageObject\",\"inLanguage\":\"de\",\"@id\":\"https:\\\/\\\/secure.gravatar.com\\\/avatar\\\/b476a0bf638c3f6b12f015e2f56efbe5b26c86811ca104ed3790d31ece5b0833?s=96&d=mm&r=g\",\"url\":\"https:\\\/\\\/secure.gravatar.com\\\/avatar\\\/b476a0bf638c3f6b12f015e2f56efbe5b26c86811ca104ed3790d31ece5b0833?s=96&d=mm&r=g\",\"contentUrl\":\"https:\\\/\\\/secure.gravatar.com\\\/avatar\\\/b476a0bf638c3f6b12f015e2f56efbe5b26c86811ca104ed3790d31ece5b0833?s=96&d=mm&r=g\",\"caption\":\"admin\"},\"url\":\"https:\\\/\\\/boeimige.ch\\\/?author=1\"}]}<\/script>\n<!-- \/ Yoast SEO plugin. -->","yoast_head_json":{"title":"Waldpost 3 - 2021\/22 - B\u00f6imige Naturprojekte","robots":{"index":"index","follow":"follow","max-snippet":"max-snippet:-1","max-image-preview":"max-image-preview:large","max-video-preview":"max-video-preview:-1"},"canonical":"https:\/\/boeimige.ch\/?p=2210","og_locale":"de_DE","og_type":"article","og_title":"Waldpost 3 - 2021\/22 - B\u00f6imige Naturprojekte","og_description":"R\u00fcckblick Waldspielgruppe &#8211; Mit den ersten Schneegl\u00f6ggli und Buschwindr\u00f6schen sind auch die Sonnenzwerge im Eggwald aufgetaucht. Wir haben viele Pfl\u00e4nzchen entdeckt und wissen nun, dass die Schl\u00fcsselblume den Himmel aufschliesst, um den Fr\u00fchling einzulassen. Mit Spiegeln haben wir selbst die &hellip; Weiterlesen &rarr;","og_url":"https:\/\/boeimige.ch\/?p=2210","og_site_name":"B\u00f6imige Naturprojekte","article_publisher":"https:\/\/www.facebook.com\/Eggwald3076","article_published_time":"2022-06-05T08:35:06+00:00","og_image":[{"width":740,"height":120,"url":"https:\/\/boeimige.ch\/wp-content\/uploads\/2017\/02\/waldpost_titel_neu.png","type":"image\/png"}],"author":"admin","twitter_card":"summary_large_image","twitter_misc":{"Verfasst von":"admin","Gesch\u00e4tzte Lesezeit":"4\u00a0Minuten"},"schema":{"@context":"https:\/\/schema.org","@graph":[{"@type":"Article","@id":"https:\/\/boeimige.ch\/?p=2210#article","isPartOf":{"@id":"https:\/\/boeimige.ch\/?p=2210"},"author":{"name":"admin","@id":"https:\/\/boeimige.ch\/#\/schema\/person\/9228b199a4bf1a502c3b3e0e368604f8"},"headline":"Waldpost 3 &#8211; 2021\/22","datePublished":"2022-06-05T08:35:06+00:00","mainEntityOfPage":{"@id":"https:\/\/boeimige.ch\/?p=2210"},"wordCount":763,"publisher":{"@id":"https:\/\/boeimige.ch\/#organization"},"image":{"@id":"https:\/\/boeimige.ch\/?p=2210#primaryimage"},"thumbnailUrl":"https:\/\/boeimigenaturprojektedotch.files.wordpress.com\/2017\/02\/waldpost_titel_neu.png","articleSection":["Waldpost"],"inLanguage":"de"},{"@type":"WebPage","@id":"https:\/\/boeimige.ch\/?p=2210","url":"https:\/\/boeimige.ch\/?p=2210","name":"Waldpost 3 - 2021\/22 - B\u00f6imige Naturprojekte","isPartOf":{"@id":"https:\/\/boeimige.ch\/#website"},"primaryImageOfPage":{"@id":"https:\/\/boeimige.ch\/?p=2210#primaryimage"},"image":{"@id":"https:\/\/boeimige.ch\/?p=2210#primaryimage"},"thumbnailUrl":"https:\/\/boeimigenaturprojektedotch.files.wordpress.com\/2017\/02\/waldpost_titel_neu.png","datePublished":"2022-06-05T08:35:06+00:00","breadcrumb":{"@id":"https:\/\/boeimige.ch\/?p=2210#breadcrumb"},"inLanguage":"de","potentialAction":[{"@type":"ReadAction","target":["https:\/\/boeimige.ch\/?p=2210"]}]},{"@type":"ImageObject","inLanguage":"de","@id":"https:\/\/boeimige.ch\/?p=2210#primaryimage","url":"https:\/\/boeimigenaturprojektedotch.files.wordpress.com\/2017\/02\/waldpost_titel_neu.png","contentUrl":"https:\/\/boeimigenaturprojektedotch.files.wordpress.com\/2017\/02\/waldpost_titel_neu.png"},{"@type":"BreadcrumbList","@id":"https:\/\/boeimige.ch\/?p=2210#breadcrumb","itemListElement":[{"@type":"ListItem","position":1,"name":"Start","item":"https:\/\/boeimige.ch\/"},{"@type":"ListItem","position":2,"name":"Waldpost 3 &#8211; 2021\/22"}]},{"@type":"WebSite","@id":"https:\/\/boeimige.ch\/#website","url":"https:\/\/boeimige.ch\/","name":"B\u00f6imige Naturprojekte","description":"Waldspielgruppe und Walderlebnisse in Worb","publisher":{"@id":"https:\/\/boeimige.ch\/#organization"},"potentialAction":[{"@type":"SearchAction","target":{"@type":"EntryPoint","urlTemplate":"https:\/\/boeimige.ch\/?s={search_term_string}"},"query-input":{"@type":"PropertyValueSpecification","valueRequired":true,"valueName":"search_term_string"}}],"inLanguage":"de"},{"@type":"Organization","@id":"https:\/\/boeimige.ch\/#organization","name":"B\u00f6imige Naturprojekte","url":"https:\/\/boeimige.ch\/","logo":{"@type":"ImageObject","inLanguage":"de","@id":"https:\/\/boeimige.ch\/#\/schema\/logo\/image\/","url":"https:\/\/boeimige.ch\/wp-content\/uploads\/2026\/08\/Logo-neu_farbig-scaled.png","contentUrl":"https:\/\/boeimige.ch\/wp-content\/uploads\/2026\/08\/Logo-neu_farbig-scaled.png","width":2318,"height":2560,"caption":"B\u00f6imige Naturprojekte"},"image":{"@id":"https:\/\/boeimige.ch\/#\/schema\/logo\/image\/"},"sameAs":["https:\/\/www.facebook.com\/Eggwald3076","https:\/\/www.instagram.com\/boeimige_waldspielgruppe?igsh=N2M2Ymt2bGVrYTEx&utm_source=qr"]},{"@type":"Person","@id":"https:\/\/boeimige.ch\/#\/schema\/person\/9228b199a4bf1a502c3b3e0e368604f8","name":"admin","image":{"@type":"ImageObject","inLanguage":"de","@id":"https:\/\/secure.gravatar.com\/avatar\/b476a0bf638c3f6b12f015e2f56efbe5b26c86811ca104ed3790d31ece5b0833?s=96&d=mm&r=g","url":"https:\/\/secure.gravatar.com\/avatar\/b476a0bf638c3f6b12f015e2f56efbe5b26c86811ca104ed3790d31ece5b0833?s=96&d=mm&r=g","contentUrl":"https:\/\/secure.gravatar.com\/avatar\/b476a0bf638c3f6b12f015e2f56efbe5b26c86811ca104ed3790d31ece5b0833?s=96&d=mm&r=g","caption":"admin"},"url":"https:\/\/boeimige.ch\/?author=1"}]}},"_links":{"self":[{"href":"https:\/\/boeimige.ch\/index.php?rest_route=\/wp\/v2\/posts\/2210","targetHints":{"allow":["GET"]}}],"collection":[{"href":"https:\/\/boeimige.ch\/index.php?rest_route=\/wp\/v2\/posts"}],"about":[{"href":"https:\/\/boeimige.ch\/index.php?rest_route=\/wp\/v2\/types\/post"}],"author":[{"embeddable":true,"href":"https:\/\/boeimige.ch\/index.php?rest_route=\/wp\/v2\/users\/1"}],"replies":[{"embeddable":true,"href":"https:\/\/boeimige.ch\/index.php?rest_route=%2Fwp%2Fv2%2Fcomments&post=2210"}],"version-history":[{"count":0,"href":"https:\/\/boeimige.ch\/index.php?rest_route=\/wp\/v2\/posts\/2210\/revisions"}],"wp:attachment":[{"href":"https:\/\/boeimige.ch\/index.php?rest_route=%2Fwp%2Fv2%2Fmedia&parent=2210"}],"wp:term":[{"taxonomy":"category","embeddable":true,"href":"https:\/\/boeimige.ch\/index.php?rest_route=%2Fwp%2Fv2%2Fcategories&post=2210"},{"taxonomy":"post_tag","embeddable":true,"href":"https:\/\/boeimige.ch\/index.php?rest_route=%2Fwp%2Fv2%2Ftags&post=2210"}],"curies":[{"name":"wp","href":"https:\/\/api.w.org\/{rel}","templated":true}]}}