{"id":2303,"date":"2022-09-17T13:38:11","date_gmt":"2022-09-17T12:38:11","guid":{"rendered":"https:\/\/boeimige.ch\/?p=2303"},"modified":"2022-09-17T13:38:11","modified_gmt":"2022-09-17T12:38:11","slug":"waldpost-1-2022-23","status":"publish","type":"post","link":"https:\/\/boeimige.ch\/?p=2303","title":{"rendered":"Waldpost 1 &#8211; 2022\/23"},"content":{"rendered":"\n<figure class=\"wp-block-image\"><img loading=\"lazy\" decoding=\"async\" width=\"740\" height=\"120\" src=\"https:\/\/boeimigenaturprojektedotch.files.wordpress.com\/2017\/02\/waldpost_titel_neu.png\" alt=\"waldpost_titel_neu\" class=\"wp-image-569\" srcset=\"https:\/\/boeimige.ch\/wp-content\/uploads\/2017\/02\/waldpost_titel_neu.png 740w, https:\/\/boeimige.ch\/wp-content\/uploads\/2017\/02\/waldpost_titel_neu-300x49.png 300w\" sizes=\"auto, (max-width: 740px) 100vw, 740px\" \/><\/figure>\n\n\n\n<h3 class=\"wp-block-heading\" id=\"ruckblick\">R\u00fcckblick<\/h3>\n\n\n\n<p class=\"wp-block-paragraph\"><strong>\u00dcbernachten im Wald \u2013 <\/strong>Bei sch\u00f6nstem Wetter konnten wir im Juni eine sternenklare, ruhige Nacht im Eggwald verbringen. Einzig die l\u00e4stigen M\u00fccken haben die Idylle etwas gest\u00f6rt; zum Gl\u00fcck hatten wir ein Moskitonetz dabei. Regula hat eine zauberhafte Gute-Nacht-Geschichte mit richtigem Sternenstaub erz\u00e4hlt, hui wie das glitzerte! Die Early-Birds haben am Morgen das Feuer wieder geweckt und bald duftete es nach Kaffee und ein feines Fr\u00fchst\u00fcck hat uns fit f\u00fcr den neuen Tag gemacht. Sch\u00f6n war\u2019s.<\/p>\n\n\n<div class=\"wp-block-image\">\n<figure class=\"aligncenter size-large is-resized\"><img loading=\"lazy\" decoding=\"async\" src=\"https:\/\/boeimigenaturprojektedotch.files.wordpress.com\/2022\/09\/uebernachten.jpg?w=526\" alt=\"\" class=\"wp-image-2315\" width=\"393\" height=\"396\" \/><\/figure>\n<\/div>\n\n\n<p class=\"wp-block-paragraph\"><\/p>\n\n\n\n<div class=\"wp-block-columns are-vertically-aligned-top is-layout-flex wp-container-core-columns-is-layout-8f761849 wp-block-columns-is-layout-flex\">\n<div class=\"wp-block-column is-vertically-aligned-top is-layout-flow wp-block-column-is-layout-flow\" style=\"flex-basis:50%;\">\n<p class=\"wp-block-paragraph\"><strong>Waldspielgruppe<\/strong> &#8211; Am 7. Juli verabschieden wir mit einem grossen Mandala als Schlusspunkt und einem fr\u00f6hlichen K\u00e4ferfest die b\u00f6imigen Waldkinder, welche nach den Sommerferien in den Kindergarten kamen. In den Sommerferien wurden alle Utensilien, die wir f\u00fcr den Spielgruppenalltag ben\u00f6tigen, gereinigt, erg\u00e4nzt und wieder einger\u00e4umt.<\/p>\n<\/div>\n\n\n\n<div class=\"wp-block-column is-vertically-aligned-top is-layout-flow wp-block-column-is-layout-flow\" style=\"flex-basis:50%;\">\n<figure class=\"wp-block-image size-large is-resized\"><img loading=\"lazy\" decoding=\"async\" src=\"https:\/\/boeimigenaturprojektedotch.files.wordpress.com\/2022\/09\/kaeferfest-1.jpg?w=526\" alt=\"\" class=\"wp-image-2313\" width=\"260\" height=\"268\" \/><\/figure>\n<\/div>\n<\/div>\n\n\n\n<p class=\"wp-block-paragraph\"><strong>Ferienspass Naturfarben<\/strong> <strong>&#8211;<\/strong> In der ersten Sommerferienwoche war eine Gruppe Kinder vom Ferienspass Konolfingen im Eggwald zu Besuch. Wir haben Farben gesucht,<strong> <\/strong>Steine im M\u00f6rser zerstossen, Erde gesiebt und Bl\u00fctenbl\u00e4tter ausgepresst. Das Thema Naturfarben hat zum Experimentieren und Ausprobieren angeregt, in einer &#8222;gschaffigen&#8220; Stimmung sind wunderbare Kunstwerke entstanden. <\/p>\n\n\n\n<figure class=\"wp-block-gallery has-nested-images columns-default is-cropped wp-block-gallery-1 is-layout-flex wp-block-gallery-is-layout-flex\">\n<figure class=\"wp-block-image size-large\"><img decoding=\"async\" data-id=\"2320\" src=\"https:\/\/boeimigenaturprojektedotch.files.wordpress.com\/2022\/09\/img_7559.jpg?w=1024\" alt=\"\" class=\"wp-image-2320\" \/><\/figure>\n\n\n\n<figure class=\"wp-block-image size-large\"><img decoding=\"async\" data-id=\"2319\" src=\"https:\/\/boeimigenaturprojektedotch.files.wordpress.com\/2022\/09\/img_7570.jpg?w=1024\" alt=\"\" class=\"wp-image-2319\" \/><\/figure>\n\n\n\n<figure class=\"wp-block-image size-large\"><img decoding=\"async\" data-id=\"2321\" src=\"https:\/\/boeimigenaturprojektedotch.files.wordpress.com\/2022\/09\/img_7583.jpg?w=768\" alt=\"\" class=\"wp-image-2321\" \/><\/figure>\n<\/figure>\n\n\n\n<div class=\"wp-block-columns is-layout-flex wp-container-core-columns-is-layout-8f761849 wp-block-columns-is-layout-flex\">\n<div class=\"wp-block-column is-layout-flow wp-block-column-is-layout-flow\" style=\"flex-basis:50%;\">\n<p class=\"wp-block-paragraph\"><strong><br>Ferienspass Hexenwerkstatt<\/strong>&#8211; Am 10. August hat sich eine motivierte und interessierte Kinderschar im Waldsofa eingefunden, um mit dem Kochl\u00f6ffel, \u00e4h\u2026 Zauberstab, eine goldene Ringelblumen-Salbe zu r\u00fchren. Weiter haben wir eine Autsch-Salbe mit Spitzwegereich fabriziert und in T\u00f6pfli abgef\u00fcllt. Fr\u00f6hlich und inspiriert sind die Bl\u00fctenelfen und -kobolde mit diesen Naturgeschenken wieder heimgekehrt.<\/p>\n<\/div>\n\n\n\n<div class=\"wp-block-column is-layout-flow wp-block-column-is-layout-flow\" style=\"flex-basis:50%;\">\n<figure class=\"wp-block-image size-large\"><img loading=\"lazy\" decoding=\"async\" width=\"526\" height=\"526\" src=\"https:\/\/boeimigenaturprojektedotch.files.wordpress.com\/2022\/09\/hexenwerkstatt.jpg?w=526\" alt=\"\" class=\"wp-image-2324\" srcset=\"https:\/\/boeimige.ch\/wp-content\/uploads\/2022\/09\/hexenwerkstatt.jpg 526w, https:\/\/boeimige.ch\/wp-content\/uploads\/2022\/09\/hexenwerkstatt-300x300.jpg 300w, https:\/\/boeimige.ch\/wp-content\/uploads\/2022\/09\/hexenwerkstatt-150x150.jpg 150w\" sizes=\"auto, (max-width: 526px) 100vw, 526px\" \/><\/figure>\n<\/div>\n<\/div>\n\n\n\n<div class=\"wp-block-columns is-layout-flex wp-container-core-columns-is-layout-8f761849 wp-block-columns-is-layout-flex\">\n<div class=\"wp-block-column is-layout-flow wp-block-column-is-layout-flow\" style=\"flex-basis:66.66%;\">\n<figure class=\"wp-block-image size-large is-resized\"><img loading=\"lazy\" decoding=\"async\" src=\"https:\/\/boeimigenaturprojektedotch.files.wordpress.com\/2022\/09\/img_8069.jpg?w=1024\" alt=\"\" class=\"wp-image-2348\" width=\"362\" height=\"271\" \/><\/figure>\n<\/div>\n\n\n\n<div class=\"wp-block-column is-layout-flow wp-block-column-is-layout-flow\" style=\"flex-basis:33.33%;\">\n<p class=\"wp-block-paragraph\"><strong>Gernerationenfest Worb <\/strong>&#8211; Wir waren am Sa, 3. September mit einem bunten Stand am Fest dabei. Da gab es etwas f\u00fcr alle Sinne: Tasts\u00e4ckli, H\u00f6rmemory, Riechr\u00e4tsel, Knackn\u00fcsse sowie eine allerliebste Guckkiste.  <\/p>\n<\/div>\n<\/div>\n\n\n\n<div class=\"wp-block-columns is-layout-flex wp-container-core-columns-is-layout-8f761849 wp-block-columns-is-layout-flex\">\n<div class=\"wp-block-column is-layout-flow wp-block-column-is-layout-flow\" style=\"flex-basis:50%;\">\n<p class=\"wp-block-paragraph\"><strong>B\u00f6imige Walddetektive<\/strong> \u2013 Am 10. September sind die Walddetektive wieder im Eggwald auf Spurensuche gegangen. Sie haben bereits das erste R\u00e4tsel gel\u00f6st. Das &#8222;Ding&#8220; auf dem roten Tuch sah aus wie eine kleine Gurke, es war aber giftig. Als beim Aufschneiden Kerne herauspurzelten, war klar, dass es sich um einen Samenstand handelte. Doch von welcher Pflanze? Eine Schwertlilie war es. Zum Thema Samen gab es viel zu entdecken, sammeln und basteln. <\/p>\n<\/div>\n\n\n\n<div class=\"wp-block-column is-layout-flow wp-block-column-is-layout-flow\" style=\"flex-basis:50%;\">\n<div class=\"wp-block-jetpack-tiled-gallery aligncenter is-style-rectangular\"><div class=\"tiled-gallery__gallery\"><div class=\"tiled-gallery__row\"><div class=\"tiled-gallery__col\" style=\"flex-basis:100%;\"><figure class=\"tiled-gallery__item\"><img decoding=\"async\" alt=\"\" data-height=\"526\" data-id=\"2308\" data-link=\"https:\/\/boeimige.ch\/?attachment_id=2308\" data-url=\"https:\/\/boeimigenaturprojektedotch.files.wordpress.com\/2022\/09\/306183867_582424536913219_7527867429635399452_n.jpg?w=526\" data-width=\"526\" src=\"https:\/\/boeimigenaturprojektedotch.files.wordpress.com\/2022\/09\/306183867_582424536913219_7527867429635399452_n.jpg\" \/><\/figure><\/div><\/div><\/div><\/div>\n<\/div>\n<\/div>\n\n\n\n<p class=\"has-white-color has-text-color wp-block-paragraph\"><\/p>\n\n\n\n<p class=\"wp-block-paragraph\">&#8212;<\/p>\n\n\n\n<h3 class=\"wp-block-heading\" id=\"ausblick\">Ausblick<\/h3>\n\n\n\n<p class=\"wp-block-paragraph\"><strong>Himug\u00fcegeli<\/strong> \u2013 Am <strong>Mi,<\/strong> <strong>21. September<\/strong>, 26. Oktober, 23. November und 21. Dezember finden die n\u00e4chsten <a href=\"https:\/\/boeimige.ch\/angebot\/eltern-kindgruppe-himugueegeli\/\">Eltern-Kind-Nachmittage <\/a>mit Sarah statt. Bekannte und neue Gesichter sind jederzeit herzlich willkommen!<\/p>\n\n\n\n<p class=\"wp-block-paragraph\"><strong><strong>Waldspielgruppe<\/strong> \u2013 <\/strong>Das M\u00fcsli und der Brumlistein haben nach den Sommerferien beim nahen Baumstrunk ein Holzkind entdeckt. Es war sehr still und sch\u00fcchtern und unsere beiden Freunde brauchten die Hilfe der Waldkinder, um es ganz behutsam zu wecken. Wir haben ihm ein weiches Bett bereitet, haben ihm einen Waldfr\u00fcchtekuchen gebacken und es zu uns ins Waldsofa geholt. Vielleicht beginnt es ja bald zu sprechen\u2026 wer weiss? <\/p>\n\n\n\n<p class=\"wp-block-paragraph\">Ob der Herbst so pilzreich wie jetzt weitergeht und wir nach den Ferien die grossen Pilze beim Waldsofa oder die &#8222;gchruseleti Gluggere&#8220; nochmals finden werden?<\/p>\n\n\n\n<div class=\"wp-block-columns is-layout-flex wp-container-core-columns-is-layout-8f761849 wp-block-columns-is-layout-flex\">\n<div class=\"wp-block-column is-layout-flow wp-block-column-is-layout-flow\" style=\"flex-basis:100%;\">\n<div class=\"wp-block-jetpack-tiled-gallery aligncenter is-style-rectangular\"><div class=\"tiled-gallery__gallery\"><div class=\"tiled-gallery__row\"><div class=\"tiled-gallery__col\" style=\"flex-basis:60.18272%;\"><figure class=\"tiled-gallery__item\"><img decoding=\"async\" alt=\"\" data-height=\"526\" data-id=\"2333\" data-link=\"https:\/\/boeimige.ch\/?attachment_id=2333\" data-url=\"https:\/\/boeimigenaturprojektedotch.files.wordpress.com\/2022\/09\/holzkind.jpg?w=526\" data-width=\"526\" src=\"https:\/\/boeimigenaturprojektedotch.files.wordpress.com\/2022\/09\/holzkind.jpg\" \/><\/figure><\/div><div class=\"tiled-gallery__col\" style=\"flex-basis:39.81728%;\"><figure class=\"tiled-gallery__item\"><img decoding=\"async\" alt=\"\" data-height=\"2448\" data-id=\"2336\" data-link=\"https:\/\/boeimige.ch\/?attachment_id=2336\" data-url=\"https:\/\/boeimigenaturprojektedotch.files.wordpress.com\/2022\/09\/img_81481.jpg?w=1024\" data-width=\"3264\" src=\"https:\/\/boeimigenaturprojektedotch.files.wordpress.com\/2022\/09\/img_81481.jpg\" \/><\/figure><figure class=\"tiled-gallery__item\"><img decoding=\"async\" alt=\"\" data-height=\"2448\" data-id=\"2337\" data-link=\"https:\/\/boeimige.ch\/?attachment_id=2337\" data-url=\"https:\/\/boeimigenaturprojektedotch.files.wordpress.com\/2022\/09\/img_81371.jpg?w=1024\" data-width=\"3264\" src=\"https:\/\/boeimigenaturprojektedotch.files.wordpress.com\/2022\/09\/img_81371.jpg\" \/><\/figure><\/div><\/div><\/div><\/div>\n<\/div>\n<\/div>\n\n\n\n<p class=\"wp-block-paragraph\"><\/p>\n\n\n\n<p class=\"wp-block-paragraph\"><strong>B\u00f6imige Walddetektive<\/strong> &#8211; Welches R\u00e4tsel wird wohl das n\u00e4chste Mal am <strong>Sa, 5. November<\/strong> auf dem roten Tuch liegen und die B\u00f6imigen DetektivInnen besch\u00e4ftigen? Es gibt noch <a href=\"https:\/\/boeimige.ch\/angebot\/walddetektive\/\">freie Pl\u00e4tze<\/a> und ein Schnuppertag ist jederzeit m\u00f6glich. <\/p>\n\n\n\n<p class=\"wp-block-paragraph\"><strong>Ferienspass Herbst \u2013 <\/strong>&nbsp;Der Nachmittag zum Thema Feuer und Flamme am <strong>Fr, 14. Oktober<\/strong> ist ausgebucht. Wir freuen uns, Zunder zu sammeln, ohne Z\u00fcndh\u00f6lzi Feuer zu entfachen und \u00fcber dem Feuer ein Zvieri zu kochen. <\/p>\n\n\n\n<p class=\"wp-block-paragraph\"><strong>Tag der Vereine <\/strong>\u2013 am <strong>Sa, 15. Oktober <\/strong>findet in Worb der <a href=\"https:\/\/www.worb.ch\/anlaesseaktuelles\/5086354\">Tag der Vereine <\/a>statt, wo wir zusammen mit der Spielerei einen Stand betreiben. Kommt vorbei und lasst euch \u00fcberraschen!<\/p>\n\n\n\n<p class=\"wp-block-paragraph\"><strong>Waldsofa-Renovation und Mitgliederversammlung<\/strong> &#8211; Am<strong> Sa, 29. Oktober <\/strong>renovieren wir ab 13.30 Uhr das Waldsofa und um 17.00 Uhr findet unsere j\u00e4hrliche <a href=\"https:\/\/boeimige.ch\/angebot\/vereinsanlaesse\/\">Mitgliederversammlung <\/a>statt. Wir informieren \u00fcber unsere T\u00e4tigkeiten im letzten Jahr und offerieren ein Ap\u00e9ro vom Feuer. Danke f\u00fcr eure tatkr\u00e4ftige Unterst\u00fctzung! <\/p>\n\n\n\n<p class=\"wp-block-paragraph\">&#8212;<\/p>\n\n\n\n<h3 class=\"wp-block-heading\" style=\"font-size:10px;\">In eigener Sache<\/h3>\n\n\n\n<p class=\"wp-block-paragraph\">Wir haben Verst\u00e4rkung gesucht und gefunden. Wir freuen uns auf die Zusammenarbeit mit euch! <\/p>\n\n\n\n<p class=\"wp-block-paragraph\">Eine <strong>fleissige Biene<\/strong> f\u00fcr die Finanzbuchhaltung und Administration: <strong>Pia Oberholzer<\/strong><\/p>\n\n\n\n<div class=\"wp-block-columns is-layout-flex wp-container-core-columns-is-layout-8f761849 wp-block-columns-is-layout-flex\">\n<div class=\"wp-block-column is-layout-flow wp-block-column-is-layout-flow\" style=\"flex-basis:33.33%;\">\n<figure class=\"wp-block-image size-large\"><img loading=\"lazy\" decoding=\"async\" width=\"153\" height=\"240\" src=\"https:\/\/boeimigenaturprojektedotch.files.wordpress.com\/2022\/09\/grafik-2.png?w=153\" alt=\"\" class=\"wp-image-2344\" \/><\/figure>\n<\/div>\n\n\n\n<div class=\"wp-block-column is-layout-flow wp-block-column-is-layout-flow\" style=\"flex-basis:66.66%;\">\n<p class=\"wp-block-paragraph\">&#8222;Es freut mich sehr, neu im Boot der B\u00f6imigen Naturprojekte zu sein, um die Administration f\u00fcr die Waldspielgruppe und der Walddetektive abzuwickeln.<br>Ich komme aus Grossh\u00f6chstetten und bin die Mutter von Niels und Jonas. Die beiden Buben durften vom Angebot der B\u00e4umigen Naturprojekte profitieren, das wir sehr sch\u00e4tzten und weiterempfehlen! Es war immer eine Bereicherung f\u00fcr sie. Ich w\u00fcnsche allen Kindern einen gro\u00dfartigen Start im Wald mit vielen spannenden Entdeckungen und Erlebnissen!&#8220;<\/p>\n<\/div>\n<\/div>\n\n\n\n<p class=\"wp-block-paragraph\">Eine <strong>schlaue F\u00fcchsin<\/strong> f\u00fcr das Fundraising: <strong>Angela Heule<\/strong><\/p>\n\n\n\n<div class=\"wp-block-columns is-layout-flex wp-container-core-columns-is-layout-8f761849 wp-block-columns-is-layout-flex\">\n<div class=\"wp-block-column is-layout-flow wp-block-column-is-layout-flow\" style=\"flex-basis:33.33%;\">\n<figure class=\"wp-block-image size-large is-resized\"><img loading=\"lazy\" decoding=\"async\" src=\"https:\/\/boeimigenaturprojektedotch.files.wordpress.com\/2022\/09\/grafik-7.png?w=269\" alt=\"\" class=\"wp-image-2363\" width=\"147\" height=\"244\" \/><\/figure>\n<\/div>\n\n\n\n<div class=\"wp-block-column is-vertically-aligned-center is-layout-flow wp-block-column-is-layout-flow\" style=\"flex-basis:66.66%;\">\n<p class=\"wp-block-paragraph\">&#8222;Meine drei T\u00f6chter haben die Waldspielgruppe der B\u00f6imigen besucht. Dabei machten sie viele wertvolle Erfahrungen im Wald und in der Gruppe. Als Worberin ist es mir ein Anliegen, dass viele weitere Kinder aus Worb und Umgebung von diesem Fr\u00fchf\u00f6rderungsangebot profitieren d\u00fcrfen, denn die B\u00f6imigen leisten einen wichtigen Beitrag zu einem nachhaltigem und respektvollen Umgang mit Natur und Gesellschaft.&#8220;<\/p>\n<\/div>\n<\/div>\n\n\n\n<div class=\"wp-block-columns is-layout-flex wp-container-core-columns-is-layout-8f761849 wp-block-columns-is-layout-flex\"><\/div>\n\n\n\n<div class=\"wp-block-columns is-layout-flex wp-container-core-columns-is-layout-8f761849 wp-block-columns-is-layout-flex\">\n<div class=\"wp-block-column is-layout-flow wp-block-column-is-layout-flow\" style=\"flex-basis:50%;\">\n<p class=\"wp-block-paragraph\"><strong>Martin Saxer<\/strong> versteht es wie ein <strong>Eichh\u00f6rnchen<\/strong> auf die B\u00e4ume zu klettern und ist bestens vertraut mir der Seiltechnik. Wir sind froh, dass er unsere Blache professionell ab- und wieder aufgeh\u00e4ngt hat. DANKE.<\/p>\n<\/div>\n\n\n\n<div class=\"wp-block-column is-layout-flow wp-block-column-is-layout-flow\" style=\"flex-basis:50%;\"><div class=\"wp-block-image\">\n<figure class=\"alignright size-large is-resized\"><img loading=\"lazy\" decoding=\"async\" src=\"https:\/\/boeimigenaturprojektedotch.files.wordpress.com\/2022\/09\/eichhoernchen-1.jpg?w=766\" alt=\"\" class=\"wp-image-2405\" width=\"132\" height=\"182\" \/><\/figure>\n<\/div><\/div>\n<\/div>\n\n\n\n<p class=\"wp-block-paragraph\">&#8211;<\/p>\n\n\n\n<h3 class=\"wp-block-heading\" id=\"eine-winteridee\">EINE HERBSTIDEE<\/h3>\n\n\n\n<p class=\"wp-block-paragraph\"><strong>Farbpalette <\/strong>&#8211; Langsam verf\u00e4rbt sich der Wald wieder bunt, wir finden hier ein gelbes Bl\u00e4ttchen, da eine orange Beere oder eine gr\u00fcne Nadel. Eichelh\u00fctchen eignen sich wunderbar, um kleine Farbakzente zu sammeln.<br>Wir w\u00fcnschen euch eine kunterbunte Herbstzeit!<\/p>\n\n\n\n<figure class=\"wp-block-image size-large\"><img loading=\"lazy\" decoding=\"async\" width=\"141\" height=\"158\" src=\"https:\/\/boeimigenaturprojektedotch.files.wordpress.com\/2022\/09\/grafik.png?w=141\" alt=\"\" class=\"wp-image-2328\" \/><\/figure>\n","protected":false},"excerpt":{"rendered":"<p>R\u00fcckblick \u00dcbernachten im Wald \u2013 Bei sch\u00f6nstem Wetter konnten wir im Juni eine sternenklare, ruhige Nacht im Eggwald verbringen. Einzig die l\u00e4stigen M\u00fccken haben die Idylle etwas gest\u00f6rt; zum Gl\u00fcck hatten wir ein Moskitonetz dabei. Regula hat eine zauberhafte Gute-Nacht-Geschichte &hellip; <a href=\"https:\/\/boeimige.ch\/?p=2303\">Weiterlesen <span class=\"meta-nav\">&rarr;<\/span><\/a><\/p>\n","protected":false},"author":1,"featured_media":0,"comment_status":"closed","ping_status":"closed","sticky":false,"template":"","format":"standard","meta":{"footnotes":""},"categories":[6],"tags":[],"class_list":["post-2303","post","type-post","status-publish","format-standard","hentry","category-waldpost"],"yoast_head":"<!-- This site is optimized with the Yoast SEO plugin v28.3 - https:\/\/yoast.com\/product\/yoast-seo-wordpress\/ -->\n<title>Waldpost 1 - 2022\/23 - B\u00f6imige Naturprojekte<\/title>\n<meta name=\"robots\" content=\"index, follow, max-snippet:-1, max-image-preview:large, max-video-preview:-1\" \/>\n<link rel=\"canonical\" href=\"https:\/\/boeimige.ch\/?p=2303\" \/>\n<meta property=\"og:locale\" content=\"de_DE\" \/>\n<meta property=\"og:type\" content=\"article\" \/>\n<meta property=\"og:title\" content=\"Waldpost 1 - 2022\/23 - B\u00f6imige Naturprojekte\" \/>\n<meta property=\"og:description\" content=\"R\u00fcckblick \u00dcbernachten im Wald \u2013 Bei sch\u00f6nstem Wetter konnten wir im Juni eine sternenklare, ruhige Nacht im Eggwald verbringen. Einzig die l\u00e4stigen M\u00fccken haben die Idylle etwas gest\u00f6rt; zum Gl\u00fcck hatten wir ein Moskitonetz dabei. Regula hat eine zauberhafte Gute-Nacht-Geschichte &hellip; Weiterlesen &rarr;\" \/>\n<meta property=\"og:url\" content=\"https:\/\/boeimige.ch\/?p=2303\" \/>\n<meta property=\"og:site_name\" content=\"B\u00f6imige Naturprojekte\" \/>\n<meta property=\"article:publisher\" content=\"https:\/\/www.facebook.com\/Eggwald3076\" \/>\n<meta property=\"article:published_time\" content=\"2022-09-17T12:38:11+00:00\" \/>\n<meta property=\"og:image\" content=\"https:\/\/boeimige.ch\/wp-content\/uploads\/2017\/02\/waldpost_titel_neu.png\" \/>\n\t<meta property=\"og:image:width\" content=\"740\" \/>\n\t<meta property=\"og:image:height\" content=\"120\" \/>\n\t<meta property=\"og:image:type\" content=\"image\/png\" \/>\n<meta name=\"author\" content=\"admin\" \/>\n<meta name=\"twitter:card\" content=\"summary_large_image\" \/>\n<meta name=\"twitter:label1\" content=\"Verfasst von\" \/>\n\t<meta name=\"twitter:data1\" content=\"admin\" \/>\n\t<meta name=\"twitter:label2\" content=\"Gesch\u00e4tzte Lesezeit\" \/>\n\t<meta name=\"twitter:data2\" content=\"4\u00a0Minuten\" \/>\n<script type=\"application\/ld+json\" class=\"yoast-schema-graph\">{\"@context\":\"https:\\\/\\\/schema.org\",\"@graph\":[{\"@type\":\"Article\",\"@id\":\"https:\\\/\\\/boeimige.ch\\\/?p=2303#article\",\"isPartOf\":{\"@id\":\"https:\\\/\\\/boeimige.ch\\\/?p=2303\"},\"author\":{\"name\":\"admin\",\"@id\":\"https:\\\/\\\/boeimige.ch\\\/#\\\/schema\\\/person\\\/9228b199a4bf1a502c3b3e0e368604f8\"},\"headline\":\"Waldpost 1 &#8211; 2022\\\/23\",\"datePublished\":\"2022-09-17T12:38:11+00:00\",\"mainEntityOfPage\":{\"@id\":\"https:\\\/\\\/boeimige.ch\\\/?p=2303\"},\"wordCount\":893,\"publisher\":{\"@id\":\"https:\\\/\\\/boeimige.ch\\\/#organization\"},\"image\":{\"@id\":\"https:\\\/\\\/boeimige.ch\\\/?p=2303#primaryimage\"},\"thumbnailUrl\":\"https:\\\/\\\/boeimigenaturprojektedotch.files.wordpress.com\\\/2017\\\/02\\\/waldpost_titel_neu.png\",\"articleSection\":[\"Waldpost\"],\"inLanguage\":\"de\"},{\"@type\":\"WebPage\",\"@id\":\"https:\\\/\\\/boeimige.ch\\\/?p=2303\",\"url\":\"https:\\\/\\\/boeimige.ch\\\/?p=2303\",\"name\":\"Waldpost 1 - 2022\\\/23 - B\u00f6imige Naturprojekte\",\"isPartOf\":{\"@id\":\"https:\\\/\\\/boeimige.ch\\\/#website\"},\"primaryImageOfPage\":{\"@id\":\"https:\\\/\\\/boeimige.ch\\\/?p=2303#primaryimage\"},\"image\":{\"@id\":\"https:\\\/\\\/boeimige.ch\\\/?p=2303#primaryimage\"},\"thumbnailUrl\":\"https:\\\/\\\/boeimigenaturprojektedotch.files.wordpress.com\\\/2017\\\/02\\\/waldpost_titel_neu.png\",\"datePublished\":\"2022-09-17T12:38:11+00:00\",\"breadcrumb\":{\"@id\":\"https:\\\/\\\/boeimige.ch\\\/?p=2303#breadcrumb\"},\"inLanguage\":\"de\",\"potentialAction\":[{\"@type\":\"ReadAction\",\"target\":[\"https:\\\/\\\/boeimige.ch\\\/?p=2303\"]}]},{\"@type\":\"ImageObject\",\"inLanguage\":\"de\",\"@id\":\"https:\\\/\\\/boeimige.ch\\\/?p=2303#primaryimage\",\"url\":\"https:\\\/\\\/boeimigenaturprojektedotch.files.wordpress.com\\\/2017\\\/02\\\/waldpost_titel_neu.png\",\"contentUrl\":\"https:\\\/\\\/boeimigenaturprojektedotch.files.wordpress.com\\\/2017\\\/02\\\/waldpost_titel_neu.png\"},{\"@type\":\"BreadcrumbList\",\"@id\":\"https:\\\/\\\/boeimige.ch\\\/?p=2303#breadcrumb\",\"itemListElement\":[{\"@type\":\"ListItem\",\"position\":1,\"name\":\"Start\",\"item\":\"https:\\\/\\\/boeimige.ch\\\/\"},{\"@type\":\"ListItem\",\"position\":2,\"name\":\"Waldpost 1 &#8211; 2022\\\/23\"}]},{\"@type\":\"WebSite\",\"@id\":\"https:\\\/\\\/boeimige.ch\\\/#website\",\"url\":\"https:\\\/\\\/boeimige.ch\\\/\",\"name\":\"B\u00f6imige Naturprojekte\",\"description\":\"Waldspielgruppe und Walderlebnisse in Worb\",\"publisher\":{\"@id\":\"https:\\\/\\\/boeimige.ch\\\/#organization\"},\"potentialAction\":[{\"@type\":\"SearchAction\",\"target\":{\"@type\":\"EntryPoint\",\"urlTemplate\":\"https:\\\/\\\/boeimige.ch\\\/?s={search_term_string}\"},\"query-input\":{\"@type\":\"PropertyValueSpecification\",\"valueRequired\":true,\"valueName\":\"search_term_string\"}}],\"inLanguage\":\"de\"},{\"@type\":\"Organization\",\"@id\":\"https:\\\/\\\/boeimige.ch\\\/#organization\",\"name\":\"B\u00f6imige Naturprojekte\",\"url\":\"https:\\\/\\\/boeimige.ch\\\/\",\"logo\":{\"@type\":\"ImageObject\",\"inLanguage\":\"de\",\"@id\":\"https:\\\/\\\/boeimige.ch\\\/#\\\/schema\\\/logo\\\/image\\\/\",\"url\":\"https:\\\/\\\/boeimige.ch\\\/wp-content\\\/uploads\\\/2026\\\/08\\\/Logo-neu_farbig-scaled.png\",\"contentUrl\":\"https:\\\/\\\/boeimige.ch\\\/wp-content\\\/uploads\\\/2026\\\/08\\\/Logo-neu_farbig-scaled.png\",\"width\":2318,\"height\":2560,\"caption\":\"B\u00f6imige Naturprojekte\"},\"image\":{\"@id\":\"https:\\\/\\\/boeimige.ch\\\/#\\\/schema\\\/logo\\\/image\\\/\"},\"sameAs\":[\"https:\\\/\\\/www.facebook.com\\\/Eggwald3076\",\"https:\\\/\\\/www.instagram.com\\\/boeimige_waldspielgruppe?igsh=N2M2Ymt2bGVrYTEx&utm_source=qr\"]},{\"@type\":\"Person\",\"@id\":\"https:\\\/\\\/boeimige.ch\\\/#\\\/schema\\\/person\\\/9228b199a4bf1a502c3b3e0e368604f8\",\"name\":\"admin\",\"image\":{\"@type\":\"ImageObject\",\"inLanguage\":\"de\",\"@id\":\"https:\\\/\\\/secure.gravatar.com\\\/avatar\\\/b476a0bf638c3f6b12f015e2f56efbe5b26c86811ca104ed3790d31ece5b0833?s=96&d=mm&r=g\",\"url\":\"https:\\\/\\\/secure.gravatar.com\\\/avatar\\\/b476a0bf638c3f6b12f015e2f56efbe5b26c86811ca104ed3790d31ece5b0833?s=96&d=mm&r=g\",\"contentUrl\":\"https:\\\/\\\/secure.gravatar.com\\\/avatar\\\/b476a0bf638c3f6b12f015e2f56efbe5b26c86811ca104ed3790d31ece5b0833?s=96&d=mm&r=g\",\"caption\":\"admin\"},\"url\":\"https:\\\/\\\/boeimige.ch\\\/?author=1\"}]}<\/script>\n<!-- \/ Yoast SEO plugin. -->","yoast_head_json":{"title":"Waldpost 1 - 2022\/23 - B\u00f6imige Naturprojekte","robots":{"index":"index","follow":"follow","max-snippet":"max-snippet:-1","max-image-preview":"max-image-preview:large","max-video-preview":"max-video-preview:-1"},"canonical":"https:\/\/boeimige.ch\/?p=2303","og_locale":"de_DE","og_type":"article","og_title":"Waldpost 1 - 2022\/23 - B\u00f6imige Naturprojekte","og_description":"R\u00fcckblick \u00dcbernachten im Wald \u2013 Bei sch\u00f6nstem Wetter konnten wir im Juni eine sternenklare, ruhige Nacht im Eggwald verbringen. Einzig die l\u00e4stigen M\u00fccken haben die Idylle etwas gest\u00f6rt; zum Gl\u00fcck hatten wir ein Moskitonetz dabei. Regula hat eine zauberhafte Gute-Nacht-Geschichte &hellip; Weiterlesen &rarr;","og_url":"https:\/\/boeimige.ch\/?p=2303","og_site_name":"B\u00f6imige Naturprojekte","article_publisher":"https:\/\/www.facebook.com\/Eggwald3076","article_published_time":"2022-09-17T12:38:11+00:00","og_image":[{"width":740,"height":120,"url":"https:\/\/boeimige.ch\/wp-content\/uploads\/2017\/02\/waldpost_titel_neu.png","type":"image\/png"}],"author":"admin","twitter_card":"summary_large_image","twitter_misc":{"Verfasst von":"admin","Gesch\u00e4tzte Lesezeit":"4\u00a0Minuten"},"schema":{"@context":"https:\/\/schema.org","@graph":[{"@type":"Article","@id":"https:\/\/boeimige.ch\/?p=2303#article","isPartOf":{"@id":"https:\/\/boeimige.ch\/?p=2303"},"author":{"name":"admin","@id":"https:\/\/boeimige.ch\/#\/schema\/person\/9228b199a4bf1a502c3b3e0e368604f8"},"headline":"Waldpost 1 &#8211; 2022\/23","datePublished":"2022-09-17T12:38:11+00:00","mainEntityOfPage":{"@id":"https:\/\/boeimige.ch\/?p=2303"},"wordCount":893,"publisher":{"@id":"https:\/\/boeimige.ch\/#organization"},"image":{"@id":"https:\/\/boeimige.ch\/?p=2303#primaryimage"},"thumbnailUrl":"https:\/\/boeimigenaturprojektedotch.files.wordpress.com\/2017\/02\/waldpost_titel_neu.png","articleSection":["Waldpost"],"inLanguage":"de"},{"@type":"WebPage","@id":"https:\/\/boeimige.ch\/?p=2303","url":"https:\/\/boeimige.ch\/?p=2303","name":"Waldpost 1 - 2022\/23 - B\u00f6imige Naturprojekte","isPartOf":{"@id":"https:\/\/boeimige.ch\/#website"},"primaryImageOfPage":{"@id":"https:\/\/boeimige.ch\/?p=2303#primaryimage"},"image":{"@id":"https:\/\/boeimige.ch\/?p=2303#primaryimage"},"thumbnailUrl":"https:\/\/boeimigenaturprojektedotch.files.wordpress.com\/2017\/02\/waldpost_titel_neu.png","datePublished":"2022-09-17T12:38:11+00:00","breadcrumb":{"@id":"https:\/\/boeimige.ch\/?p=2303#breadcrumb"},"inLanguage":"de","potentialAction":[{"@type":"ReadAction","target":["https:\/\/boeimige.ch\/?p=2303"]}]},{"@type":"ImageObject","inLanguage":"de","@id":"https:\/\/boeimige.ch\/?p=2303#primaryimage","url":"https:\/\/boeimigenaturprojektedotch.files.wordpress.com\/2017\/02\/waldpost_titel_neu.png","contentUrl":"https:\/\/boeimigenaturprojektedotch.files.wordpress.com\/2017\/02\/waldpost_titel_neu.png"},{"@type":"BreadcrumbList","@id":"https:\/\/boeimige.ch\/?p=2303#breadcrumb","itemListElement":[{"@type":"ListItem","position":1,"name":"Start","item":"https:\/\/boeimige.ch\/"},{"@type":"ListItem","position":2,"name":"Waldpost 1 &#8211; 2022\/23"}]},{"@type":"WebSite","@id":"https:\/\/boeimige.ch\/#website","url":"https:\/\/boeimige.ch\/","name":"B\u00f6imige Naturprojekte","description":"Waldspielgruppe und Walderlebnisse in Worb","publisher":{"@id":"https:\/\/boeimige.ch\/#organization"},"potentialAction":[{"@type":"SearchAction","target":{"@type":"EntryPoint","urlTemplate":"https:\/\/boeimige.ch\/?s={search_term_string}"},"query-input":{"@type":"PropertyValueSpecification","valueRequired":true,"valueName":"search_term_string"}}],"inLanguage":"de"},{"@type":"Organization","@id":"https:\/\/boeimige.ch\/#organization","name":"B\u00f6imige Naturprojekte","url":"https:\/\/boeimige.ch\/","logo":{"@type":"ImageObject","inLanguage":"de","@id":"https:\/\/boeimige.ch\/#\/schema\/logo\/image\/","url":"https:\/\/boeimige.ch\/wp-content\/uploads\/2026\/08\/Logo-neu_farbig-scaled.png","contentUrl":"https:\/\/boeimige.ch\/wp-content\/uploads\/2026\/08\/Logo-neu_farbig-scaled.png","width":2318,"height":2560,"caption":"B\u00f6imige Naturprojekte"},"image":{"@id":"https:\/\/boeimige.ch\/#\/schema\/logo\/image\/"},"sameAs":["https:\/\/www.facebook.com\/Eggwald3076","https:\/\/www.instagram.com\/boeimige_waldspielgruppe?igsh=N2M2Ymt2bGVrYTEx&utm_source=qr"]},{"@type":"Person","@id":"https:\/\/boeimige.ch\/#\/schema\/person\/9228b199a4bf1a502c3b3e0e368604f8","name":"admin","image":{"@type":"ImageObject","inLanguage":"de","@id":"https:\/\/secure.gravatar.com\/avatar\/b476a0bf638c3f6b12f015e2f56efbe5b26c86811ca104ed3790d31ece5b0833?s=96&d=mm&r=g","url":"https:\/\/secure.gravatar.com\/avatar\/b476a0bf638c3f6b12f015e2f56efbe5b26c86811ca104ed3790d31ece5b0833?s=96&d=mm&r=g","contentUrl":"https:\/\/secure.gravatar.com\/avatar\/b476a0bf638c3f6b12f015e2f56efbe5b26c86811ca104ed3790d31ece5b0833?s=96&d=mm&r=g","caption":"admin"},"url":"https:\/\/boeimige.ch\/?author=1"}]}},"_links":{"self":[{"href":"https:\/\/boeimige.ch\/index.php?rest_route=\/wp\/v2\/posts\/2303","targetHints":{"allow":["GET"]}}],"collection":[{"href":"https:\/\/boeimige.ch\/index.php?rest_route=\/wp\/v2\/posts"}],"about":[{"href":"https:\/\/boeimige.ch\/index.php?rest_route=\/wp\/v2\/types\/post"}],"author":[{"embeddable":true,"href":"https:\/\/boeimige.ch\/index.php?rest_route=\/wp\/v2\/users\/1"}],"replies":[{"embeddable":true,"href":"https:\/\/boeimige.ch\/index.php?rest_route=%2Fwp%2Fv2%2Fcomments&post=2303"}],"version-history":[{"count":0,"href":"https:\/\/boeimige.ch\/index.php?rest_route=\/wp\/v2\/posts\/2303\/revisions"}],"wp:attachment":[{"href":"https:\/\/boeimige.ch\/index.php?rest_route=%2Fwp%2Fv2%2Fmedia&parent=2303"}],"wp:term":[{"taxonomy":"category","embeddable":true,"href":"https:\/\/boeimige.ch\/index.php?rest_route=%2Fwp%2Fv2%2Fcategories&post=2303"},{"taxonomy":"post_tag","embeddable":true,"href":"https:\/\/boeimige.ch\/index.php?rest_route=%2Fwp%2Fv2%2Ftags&post=2303"}],"curies":[{"name":"wp","href":"https:\/\/api.w.org\/{rel}","templated":true}]}}