{"id":2415,"date":"2022-10-23T14:48:38","date_gmt":"2022-10-23T13:48:38","guid":{"rendered":"https:\/\/boeimige.ch\/?p=2415"},"modified":"2022-10-23T14:48:38","modified_gmt":"2022-10-23T13:48:38","slug":"winterverstarkung-gesucht","status":"publish","type":"post","link":"https:\/\/boeimige.ch\/?p=2415","title":{"rendered":"Winterverst\u00e4rkung gesucht"},"content":{"rendered":"\n<p class=\"wp-block-paragraph\">Wer unterst\u00fctzt uns als liebevolles Reh in der Waldspielgruppe durch den Winter? Das Feuer h\u00fcten, Zmittag sch\u00f6pfen, M\u00fctzen \u00fcber die Ohren ziehen und vor allem aufmerksam mit den Kindern im Spielgruppenalltag unterwegs sein. <\/p>\n\n\n\n<p class=\"wp-block-paragraph\">Die Eins\u00e4tze basieren auf freiwilligem Engagement und sind jeweils am Donnerstag. Sie dauern von 9 und 14h oder nach Absprache auch k\u00fcrzer. <\/p>\n\n\n\n<p class=\"wp-block-paragraph\">F\u00fcr Fragen steht Regula gerne zur Verf\u00fcgung: <a href=\"info@boeimige.ch\" target=\"_blank\" rel=\"noreferrer noopener\">info@boeimige.ch <\/a>oder 079 306 26 07<\/p>\n\n\n\n<figure class=\"wp-block-image size-large is-resized\"><img loading=\"lazy\" decoding=\"async\" src=\"https:\/\/boeimigenaturprojektedotch.files.wordpress.com\/2022\/10\/grafik.png?w=342\" alt=\"\" class=\"wp-image-2421\" width=\"250\" height=\"339\" \/><\/figure>\n","protected":false},"excerpt":{"rendered":"<p>Wer unterst\u00fctzt uns als liebevolles Reh in der Waldspielgruppe durch den Winter? Das Feuer h\u00fcten, Zmittag sch\u00f6pfen, M\u00fctzen \u00fcber die Ohren ziehen und vor allem aufmerksam mit den Kindern im Spielgruppenalltag unterwegs sein. Die Eins\u00e4tze basieren auf freiwilligem Engagement und &hellip; <a href=\"https:\/\/boeimige.ch\/?p=2415\">Weiterlesen <span class=\"meta-nav\">&rarr;<\/span><\/a><\/p>\n","protected":false},"author":1,"featured_media":0,"comment_status":"closed","ping_status":"closed","sticky":false,"template":"","format":"standard","meta":{"footnotes":""},"categories":[5],"tags":[],"class_list":["post-2415","post","type-post","status-publish","format-standard","hentry","category-allgemein"],"yoast_head":"<!-- This site is optimized with the Yoast SEO plugin v28.3 - https:\/\/yoast.com\/product\/yoast-seo-wordpress\/ -->\n<title>Winterverst\u00e4rkung gesucht - B\u00f6imige Naturprojekte<\/title>\n<meta name=\"robots\" content=\"index, follow, max-snippet:-1, max-image-preview:large, max-video-preview:-1\" \/>\n<link rel=\"canonical\" href=\"https:\/\/boeimige.ch\/?p=2415\" \/>\n<meta property=\"og:locale\" content=\"de_DE\" \/>\n<meta property=\"og:type\" content=\"article\" \/>\n<meta property=\"og:title\" content=\"Winterverst\u00e4rkung gesucht - B\u00f6imige Naturprojekte\" \/>\n<meta property=\"og:description\" content=\"Wer unterst\u00fctzt uns als liebevolles Reh in der Waldspielgruppe durch den Winter? Das Feuer h\u00fcten, Zmittag sch\u00f6pfen, M\u00fctzen \u00fcber die Ohren ziehen und vor allem aufmerksam mit den Kindern im Spielgruppenalltag unterwegs sein. Die Eins\u00e4tze basieren auf freiwilligem Engagement und &hellip; Weiterlesen &rarr;\" \/>\n<meta property=\"og:url\" content=\"https:\/\/boeimige.ch\/?p=2415\" \/>\n<meta property=\"og:site_name\" content=\"B\u00f6imige Naturprojekte\" \/>\n<meta property=\"article:publisher\" content=\"https:\/\/www.facebook.com\/Eggwald3076\" \/>\n<meta property=\"article:published_time\" content=\"2022-10-23T13:48:38+00:00\" \/>\n<meta property=\"og:image\" content=\"https:\/\/boeimige.ch\/wp-content\/uploads\/2022\/10\/grafik.png\" \/>\n\t<meta property=\"og:image:width\" content=\"342\" \/>\n\t<meta property=\"og:image:height\" content=\"456\" \/>\n\t<meta property=\"og:image:type\" content=\"image\/png\" \/>\n<meta name=\"author\" content=\"admin\" \/>\n<meta name=\"twitter:card\" content=\"summary_large_image\" \/>\n<meta name=\"twitter:label1\" content=\"Verfasst von\" \/>\n\t<meta name=\"twitter:data1\" content=\"admin\" \/>\n<script type=\"application\/ld+json\" class=\"yoast-schema-graph\">{\"@context\":\"https:\\\/\\\/schema.org\",\"@graph\":[{\"@type\":\"Article\",\"@id\":\"https:\\\/\\\/boeimige.ch\\\/?p=2415#article\",\"isPartOf\":{\"@id\":\"https:\\\/\\\/boeimige.ch\\\/?p=2415\"},\"author\":{\"name\":\"admin\",\"@id\":\"https:\\\/\\\/boeimige.ch\\\/#\\\/schema\\\/person\\\/9228b199a4bf1a502c3b3e0e368604f8\"},\"headline\":\"Winterverst\u00e4rkung gesucht\",\"datePublished\":\"2022-10-23T13:48:38+00:00\",\"mainEntityOfPage\":{\"@id\":\"https:\\\/\\\/boeimige.ch\\\/?p=2415\"},\"wordCount\":76,\"publisher\":{\"@id\":\"https:\\\/\\\/boeimige.ch\\\/#organization\"},\"image\":{\"@id\":\"https:\\\/\\\/boeimige.ch\\\/?p=2415#primaryimage\"},\"thumbnailUrl\":\"https:\\\/\\\/boeimigenaturprojektedotch.files.wordpress.com\\\/2022\\\/10\\\/grafik.png?w=342\",\"inLanguage\":\"de\"},{\"@type\":\"WebPage\",\"@id\":\"https:\\\/\\\/boeimige.ch\\\/?p=2415\",\"url\":\"https:\\\/\\\/boeimige.ch\\\/?p=2415\",\"name\":\"Winterverst\u00e4rkung gesucht - B\u00f6imige Naturprojekte\",\"isPartOf\":{\"@id\":\"https:\\\/\\\/boeimige.ch\\\/#website\"},\"primaryImageOfPage\":{\"@id\":\"https:\\\/\\\/boeimige.ch\\\/?p=2415#primaryimage\"},\"image\":{\"@id\":\"https:\\\/\\\/boeimige.ch\\\/?p=2415#primaryimage\"},\"thumbnailUrl\":\"https:\\\/\\\/boeimigenaturprojektedotch.files.wordpress.com\\\/2022\\\/10\\\/grafik.png?w=342\",\"datePublished\":\"2022-10-23T13:48:38+00:00\",\"breadcrumb\":{\"@id\":\"https:\\\/\\\/boeimige.ch\\\/?p=2415#breadcrumb\"},\"inLanguage\":\"de\",\"potentialAction\":[{\"@type\":\"ReadAction\",\"target\":[\"https:\\\/\\\/boeimige.ch\\\/?p=2415\"]}]},{\"@type\":\"ImageObject\",\"inLanguage\":\"de\",\"@id\":\"https:\\\/\\\/boeimige.ch\\\/?p=2415#primaryimage\",\"url\":\"https:\\\/\\\/boeimigenaturprojektedotch.files.wordpress.com\\\/2022\\\/10\\\/grafik.png?w=342\",\"contentUrl\":\"https:\\\/\\\/boeimigenaturprojektedotch.files.wordpress.com\\\/2022\\\/10\\\/grafik.png?w=342\"},{\"@type\":\"BreadcrumbList\",\"@id\":\"https:\\\/\\\/boeimige.ch\\\/?p=2415#breadcrumb\",\"itemListElement\":[{\"@type\":\"ListItem\",\"position\":1,\"name\":\"Start\",\"item\":\"https:\\\/\\\/boeimige.ch\\\/\"},{\"@type\":\"ListItem\",\"position\":2,\"name\":\"Winterverst\u00e4rkung gesucht\"}]},{\"@type\":\"WebSite\",\"@id\":\"https:\\\/\\\/boeimige.ch\\\/#website\",\"url\":\"https:\\\/\\\/boeimige.ch\\\/\",\"name\":\"B\u00f6imige Naturprojekte\",\"description\":\"Waldspielgruppe und Walderlebnisse in Worb\",\"publisher\":{\"@id\":\"https:\\\/\\\/boeimige.ch\\\/#organization\"},\"potentialAction\":[{\"@type\":\"SearchAction\",\"target\":{\"@type\":\"EntryPoint\",\"urlTemplate\":\"https:\\\/\\\/boeimige.ch\\\/?s={search_term_string}\"},\"query-input\":{\"@type\":\"PropertyValueSpecification\",\"valueRequired\":true,\"valueName\":\"search_term_string\"}}],\"inLanguage\":\"de\"},{\"@type\":\"Organization\",\"@id\":\"https:\\\/\\\/boeimige.ch\\\/#organization\",\"name\":\"B\u00f6imige Naturprojekte\",\"url\":\"https:\\\/\\\/boeimige.ch\\\/\",\"logo\":{\"@type\":\"ImageObject\",\"inLanguage\":\"de\",\"@id\":\"https:\\\/\\\/boeimige.ch\\\/#\\\/schema\\\/logo\\\/image\\\/\",\"url\":\"https:\\\/\\\/boeimige.ch\\\/wp-content\\\/uploads\\\/2026\\\/08\\\/Logo-neu_farbig-scaled.png\",\"contentUrl\":\"https:\\\/\\\/boeimige.ch\\\/wp-content\\\/uploads\\\/2026\\\/08\\\/Logo-neu_farbig-scaled.png\",\"width\":2318,\"height\":2560,\"caption\":\"B\u00f6imige Naturprojekte\"},\"image\":{\"@id\":\"https:\\\/\\\/boeimige.ch\\\/#\\\/schema\\\/logo\\\/image\\\/\"},\"sameAs\":[\"https:\\\/\\\/www.facebook.com\\\/Eggwald3076\",\"https:\\\/\\\/www.instagram.com\\\/boeimige_waldspielgruppe?igsh=N2M2Ymt2bGVrYTEx&utm_source=qr\"]},{\"@type\":\"Person\",\"@id\":\"https:\\\/\\\/boeimige.ch\\\/#\\\/schema\\\/person\\\/9228b199a4bf1a502c3b3e0e368604f8\",\"name\":\"admin\",\"image\":{\"@type\":\"ImageObject\",\"inLanguage\":\"de\",\"@id\":\"https:\\\/\\\/secure.gravatar.com\\\/avatar\\\/b476a0bf638c3f6b12f015e2f56efbe5b26c86811ca104ed3790d31ece5b0833?s=96&d=mm&r=g\",\"url\":\"https:\\\/\\\/secure.gravatar.com\\\/avatar\\\/b476a0bf638c3f6b12f015e2f56efbe5b26c86811ca104ed3790d31ece5b0833?s=96&d=mm&r=g\",\"contentUrl\":\"https:\\\/\\\/secure.gravatar.com\\\/avatar\\\/b476a0bf638c3f6b12f015e2f56efbe5b26c86811ca104ed3790d31ece5b0833?s=96&d=mm&r=g\",\"caption\":\"admin\"},\"url\":\"https:\\\/\\\/boeimige.ch\\\/?author=1\"}]}<\/script>\n<!-- \/ Yoast SEO plugin. -->","yoast_head_json":{"title":"Winterverst\u00e4rkung gesucht - B\u00f6imige Naturprojekte","robots":{"index":"index","follow":"follow","max-snippet":"max-snippet:-1","max-image-preview":"max-image-preview:large","max-video-preview":"max-video-preview:-1"},"canonical":"https:\/\/boeimige.ch\/?p=2415","og_locale":"de_DE","og_type":"article","og_title":"Winterverst\u00e4rkung gesucht - B\u00f6imige Naturprojekte","og_description":"Wer unterst\u00fctzt uns als liebevolles Reh in der Waldspielgruppe durch den Winter? Das Feuer h\u00fcten, Zmittag sch\u00f6pfen, M\u00fctzen \u00fcber die Ohren ziehen und vor allem aufmerksam mit den Kindern im Spielgruppenalltag unterwegs sein. Die Eins\u00e4tze basieren auf freiwilligem Engagement und &hellip; Weiterlesen &rarr;","og_url":"https:\/\/boeimige.ch\/?p=2415","og_site_name":"B\u00f6imige Naturprojekte","article_publisher":"https:\/\/www.facebook.com\/Eggwald3076","article_published_time":"2022-10-23T13:48:38+00:00","og_image":[{"width":342,"height":456,"url":"https:\/\/boeimige.ch\/wp-content\/uploads\/2022\/10\/grafik.png","type":"image\/png"}],"author":"admin","twitter_card":"summary_large_image","twitter_misc":{"Verfasst von":"admin"},"schema":{"@context":"https:\/\/schema.org","@graph":[{"@type":"Article","@id":"https:\/\/boeimige.ch\/?p=2415#article","isPartOf":{"@id":"https:\/\/boeimige.ch\/?p=2415"},"author":{"name":"admin","@id":"https:\/\/boeimige.ch\/#\/schema\/person\/9228b199a4bf1a502c3b3e0e368604f8"},"headline":"Winterverst\u00e4rkung gesucht","datePublished":"2022-10-23T13:48:38+00:00","mainEntityOfPage":{"@id":"https:\/\/boeimige.ch\/?p=2415"},"wordCount":76,"publisher":{"@id":"https:\/\/boeimige.ch\/#organization"},"image":{"@id":"https:\/\/boeimige.ch\/?p=2415#primaryimage"},"thumbnailUrl":"https:\/\/boeimigenaturprojektedotch.files.wordpress.com\/2022\/10\/grafik.png?w=342","inLanguage":"de"},{"@type":"WebPage","@id":"https:\/\/boeimige.ch\/?p=2415","url":"https:\/\/boeimige.ch\/?p=2415","name":"Winterverst\u00e4rkung gesucht - B\u00f6imige Naturprojekte","isPartOf":{"@id":"https:\/\/boeimige.ch\/#website"},"primaryImageOfPage":{"@id":"https:\/\/boeimige.ch\/?p=2415#primaryimage"},"image":{"@id":"https:\/\/boeimige.ch\/?p=2415#primaryimage"},"thumbnailUrl":"https:\/\/boeimigenaturprojektedotch.files.wordpress.com\/2022\/10\/grafik.png?w=342","datePublished":"2022-10-23T13:48:38+00:00","breadcrumb":{"@id":"https:\/\/boeimige.ch\/?p=2415#breadcrumb"},"inLanguage":"de","potentialAction":[{"@type":"ReadAction","target":["https:\/\/boeimige.ch\/?p=2415"]}]},{"@type":"ImageObject","inLanguage":"de","@id":"https:\/\/boeimige.ch\/?p=2415#primaryimage","url":"https:\/\/boeimigenaturprojektedotch.files.wordpress.com\/2022\/10\/grafik.png?w=342","contentUrl":"https:\/\/boeimigenaturprojektedotch.files.wordpress.com\/2022\/10\/grafik.png?w=342"},{"@type":"BreadcrumbList","@id":"https:\/\/boeimige.ch\/?p=2415#breadcrumb","itemListElement":[{"@type":"ListItem","position":1,"name":"Start","item":"https:\/\/boeimige.ch\/"},{"@type":"ListItem","position":2,"name":"Winterverst\u00e4rkung gesucht"}]},{"@type":"WebSite","@id":"https:\/\/boeimige.ch\/#website","url":"https:\/\/boeimige.ch\/","name":"B\u00f6imige Naturprojekte","description":"Waldspielgruppe und Walderlebnisse in Worb","publisher":{"@id":"https:\/\/boeimige.ch\/#organization"},"potentialAction":[{"@type":"SearchAction","target":{"@type":"EntryPoint","urlTemplate":"https:\/\/boeimige.ch\/?s={search_term_string}"},"query-input":{"@type":"PropertyValueSpecification","valueRequired":true,"valueName":"search_term_string"}}],"inLanguage":"de"},{"@type":"Organization","@id":"https:\/\/boeimige.ch\/#organization","name":"B\u00f6imige Naturprojekte","url":"https:\/\/boeimige.ch\/","logo":{"@type":"ImageObject","inLanguage":"de","@id":"https:\/\/boeimige.ch\/#\/schema\/logo\/image\/","url":"https:\/\/boeimige.ch\/wp-content\/uploads\/2026\/08\/Logo-neu_farbig-scaled.png","contentUrl":"https:\/\/boeimige.ch\/wp-content\/uploads\/2026\/08\/Logo-neu_farbig-scaled.png","width":2318,"height":2560,"caption":"B\u00f6imige Naturprojekte"},"image":{"@id":"https:\/\/boeimige.ch\/#\/schema\/logo\/image\/"},"sameAs":["https:\/\/www.facebook.com\/Eggwald3076","https:\/\/www.instagram.com\/boeimige_waldspielgruppe?igsh=N2M2Ymt2bGVrYTEx&utm_source=qr"]},{"@type":"Person","@id":"https:\/\/boeimige.ch\/#\/schema\/person\/9228b199a4bf1a502c3b3e0e368604f8","name":"admin","image":{"@type":"ImageObject","inLanguage":"de","@id":"https:\/\/secure.gravatar.com\/avatar\/b476a0bf638c3f6b12f015e2f56efbe5b26c86811ca104ed3790d31ece5b0833?s=96&d=mm&r=g","url":"https:\/\/secure.gravatar.com\/avatar\/b476a0bf638c3f6b12f015e2f56efbe5b26c86811ca104ed3790d31ece5b0833?s=96&d=mm&r=g","contentUrl":"https:\/\/secure.gravatar.com\/avatar\/b476a0bf638c3f6b12f015e2f56efbe5b26c86811ca104ed3790d31ece5b0833?s=96&d=mm&r=g","caption":"admin"},"url":"https:\/\/boeimige.ch\/?author=1"}]}},"_links":{"self":[{"href":"https:\/\/boeimige.ch\/index.php?rest_route=\/wp\/v2\/posts\/2415","targetHints":{"allow":["GET"]}}],"collection":[{"href":"https:\/\/boeimige.ch\/index.php?rest_route=\/wp\/v2\/posts"}],"about":[{"href":"https:\/\/boeimige.ch\/index.php?rest_route=\/wp\/v2\/types\/post"}],"author":[{"embeddable":true,"href":"https:\/\/boeimige.ch\/index.php?rest_route=\/wp\/v2\/users\/1"}],"replies":[{"embeddable":true,"href":"https:\/\/boeimige.ch\/index.php?rest_route=%2Fwp%2Fv2%2Fcomments&post=2415"}],"version-history":[{"count":0,"href":"https:\/\/boeimige.ch\/index.php?rest_route=\/wp\/v2\/posts\/2415\/revisions"}],"wp:attachment":[{"href":"https:\/\/boeimige.ch\/index.php?rest_route=%2Fwp%2Fv2%2Fmedia&parent=2415"}],"wp:term":[{"taxonomy":"category","embeddable":true,"href":"https:\/\/boeimige.ch\/index.php?rest_route=%2Fwp%2Fv2%2Fcategories&post=2415"},{"taxonomy":"post_tag","embeddable":true,"href":"https:\/\/boeimige.ch\/index.php?rest_route=%2Fwp%2Fv2%2Ftags&post=2415"}],"curies":[{"name":"wp","href":"https:\/\/api.w.org\/{rel}","templated":true}]}}