{"id":2507,"date":"2022-12-18T12:15:29","date_gmt":"2022-12-18T11:15:29","guid":{"rendered":"https:\/\/boeimige.ch\/?p=2507"},"modified":"2022-12-18T12:15:29","modified_gmt":"2022-12-18T11:15:29","slug":"waldpost-2-2022-23","status":"publish","type":"post","link":"https:\/\/boeimige.ch\/?p=2507","title":{"rendered":"Waldpost 2 &#8211; 2022\/23"},"content":{"rendered":"\n<figure class=\"wp-block-image\"><img loading=\"lazy\" decoding=\"async\" width=\"740\" height=\"120\" src=\"https:\/\/boeimigenaturprojektedotch.files.wordpress.com\/2017\/02\/waldpost_titel_neu.png\" alt=\"waldpost_titel_neu\" class=\"wp-image-569\" srcset=\"https:\/\/boeimige.ch\/wp-content\/uploads\/2017\/02\/waldpost_titel_neu.png 740w, https:\/\/boeimige.ch\/wp-content\/uploads\/2017\/02\/waldpost_titel_neu-300x49.png 300w\" sizes=\"auto, (max-width: 740px) 100vw, 740px\" \/><\/figure>\n\n\n\n<h3 class=\"wp-block-heading\" id=\"ruckblick\">R\u00fcckblick<\/h3>\n\n\n\n<p class=\"wp-block-paragraph\"><strong>Waldspielgruppe<\/strong> &#8211; Unsere fr\u00f6hliche Kinderschar staunte immer wieder, welche besonderen Sch\u00e4tze das M\u00fcsli und der Brumlistein aus dem kleinsten S\u00e4ckli zogen. Ein Eichelh\u00fctchen, ein goldenes Blatt, ein Ahornpropellerli, eine Baumnuss und einmal war sogar der Wind drin \u2013 hui, wie schnell der rausgeschl\u00fcpft ist! Mit all den Sachen haben wir gespielt, gebastelt und neues ausprobiert. Weiter hatten wir die Waldlinge zu Gast, die uns von ihren Erlebnissen im Wald erz\u00e4hlt haben. Sie weilen nun unter unseren B\u00e4umen in kleinen H\u00e4uschen und die Kinder betreuen vor allem die kleinen N\u00fcsslinge sehr herzlich. <\/p>\n\n\n\n<figure class=\"wp-block-gallery has-nested-images columns-default is-cropped wp-block-gallery-1 is-layout-flex wp-block-gallery-is-layout-flex\">\n<figure class=\"wp-block-image size-large\"><img decoding=\"async\" data-id=\"2519\" src=\"https:\/\/boeimigenaturprojektedotch.files.wordpress.com\/2022\/12\/img_8465.jpg?w=1024\" alt=\"\" class=\"wp-image-2519\" \/><\/figure>\n\n\n\n<figure class=\"wp-block-image size-large\"><img decoding=\"async\" data-id=\"2531\" src=\"https:\/\/boeimigenaturprojektedotch.files.wordpress.com\/2022\/12\/img_20221103_102430_1.jpg?w=766\" alt=\"\" class=\"wp-image-2531\" \/><\/figure>\n\n\n\n<figure class=\"wp-block-image size-large\"><img decoding=\"async\" data-id=\"2530\" src=\"https:\/\/boeimigenaturprojektedotch.files.wordpress.com\/2022\/12\/img_20221020_135735.jpg?w=1024\" alt=\"\" class=\"wp-image-2530\" \/><\/figure>\n<\/figure>\n\n\n\n<p class=\"has-white-color has-text-color wp-block-paragraph\"><\/p>\n\n\n\n<div class=\"wp-block-columns is-layout-flex wp-container-core-columns-is-layout-8f761849 wp-block-columns-is-layout-flex\">\n<div class=\"wp-block-column is-layout-flow wp-block-column-is-layout-flow\" style=\"flex-basis:100%\">\n<p class=\"wp-block-paragraph\"><\/p>\n\n\n\n<div class=\"wp-block-media-text alignwide is-stacked-on-mobile\"><figure class=\"wp-block-media-text__media\"><img loading=\"lazy\" decoding=\"async\" width=\"1080\" height=\"1080\" src=\"https:\/\/boeimigenaturprojektedotch.files.wordpress.com\/2022\/12\/2022_10_16_08_41_02_832.jpg?w=1024\" alt=\"\" class=\"wp-image-2545 size-full\" srcset=\"https:\/\/boeimige.ch\/wp-content\/uploads\/2022\/12\/2022_10_16_08_41_02_832.jpg 1080w, https:\/\/boeimige.ch\/wp-content\/uploads\/2022\/12\/2022_10_16_08_41_02_832-300x300.jpg 300w, https:\/\/boeimige.ch\/wp-content\/uploads\/2022\/12\/2022_10_16_08_41_02_832-1024x1024.jpg 1024w, https:\/\/boeimige.ch\/wp-content\/uploads\/2022\/12\/2022_10_16_08_41_02_832-150x150.jpg 150w, https:\/\/boeimige.ch\/wp-content\/uploads\/2022\/12\/2022_10_16_08_41_02_832-768x768.jpg 768w\" sizes=\"auto, (max-width: 1080px) 100vw, 1080px\" \/><\/figure><div class=\"wp-block-media-text__content\">\n<p class=\"wp-block-paragraph\"><strong>Ferienspass <\/strong>&#8211; Im Oktober hat sich eine grosse Gruppe begeisterter Kinder im Eggwald eingefunden, um ohne Z\u00fcndh\u00f6lzli Feuer zu machen. Funken zu schlagen war schnell gelernt. Doch wie schaffen wir es, die Funken zum Glimmen und dann zum Brennen zu bringen? Das ist gar nicht so einfach. Doch gemeinsam haben wir es geschafft, so dass wir zum Zvieri auf dem eigenen Feuer Popcorn und Schoggibr\u00f6tli machen konnten. <\/p>\n<\/div><\/div>\n<\/div>\n<\/div>\n\n\n\n<div class=\"wp-block-columns is-layout-flex wp-container-core-columns-is-layout-8f761849 wp-block-columns-is-layout-flex\">\n<div class=\"wp-block-column is-vertically-aligned-center is-layout-flow wp-block-column-is-layout-flow\" style=\"flex-basis:33.33%\">\n<p class=\"wp-block-paragraph\"> <\/p>\n<\/div>\n\n\n\n<div class=\"wp-block-column is-layout-flow wp-block-column-is-layout-flow\" style=\"flex-basis:65%\">\n<p class=\"wp-block-paragraph\"><\/p>\n<\/div>\n<\/div>\n\n\n\n<div class=\"wp-block-columns alignwide are-vertically-aligned-top is-layout-flex wp-container-core-columns-is-layout-8f761849 wp-block-columns-is-layout-flex\">\n<div class=\"wp-block-column is-layout-flow wp-block-column-is-layout-flow\" style=\"flex-basis:66.66%\">\n<p class=\"wp-block-paragraph\"><strong>Tag der Vereine<\/strong> &#8211; Es war wohl noch selten so viel Betrieb auf dem B\u00e4renplatz \u2013 eine Freude! Viele Vereine waren vor Ort und wir haben die Gelegenheit genutzt, uns zu vernetzen. Mit interessierten Leuten haben wir einen Baumspaziergang rund um die Kirche gemacht, wo wir wundersch\u00f6ne B\u00e4ume vorfanden, \u00fcber die wir Spannendes zu berichten wussten. Einen b\u00f6imigen Ferienspass haben<strong> <\/strong>Alex und seine Kinder gewonnen. Sie sind mit der Sch\u00e4tzung von 400 Eicheln dem tats\u00e4chlichen Wert am n\u00e4chsten gekommen.  <strong>Herzliche Gratulation!<\/strong><\/p>\n<\/div>\n\n\n\n<div class=\"wp-block-column is-layout-flow wp-block-column-is-layout-flow\" style=\"flex-basis:33.33%\"><div class=\"wp-block-image\">\n<figure class=\"aligncenter size-large\"><img loading=\"lazy\" decoding=\"async\" width=\"1080\" height=\"1080\" src=\"https:\/\/boeimigenaturprojektedotch.files.wordpress.com\/2022\/12\/2022_12_07_11_41_17_461-2.jpg?w=1024\" alt=\"\" class=\"wp-image-2569\" srcset=\"https:\/\/boeimige.ch\/wp-content\/uploads\/2022\/12\/2022_12_07_11_41_17_461-2.jpg 1080w, https:\/\/boeimige.ch\/wp-content\/uploads\/2022\/12\/2022_12_07_11_41_17_461-2-300x300.jpg 300w, https:\/\/boeimige.ch\/wp-content\/uploads\/2022\/12\/2022_12_07_11_41_17_461-2-1024x1024.jpg 1024w, https:\/\/boeimige.ch\/wp-content\/uploads\/2022\/12\/2022_12_07_11_41_17_461-2-150x150.jpg 150w, https:\/\/boeimige.ch\/wp-content\/uploads\/2022\/12\/2022_12_07_11_41_17_461-2-768x768.jpg 768w\" sizes=\"auto, (max-width: 1080px) 100vw, 1080px\" \/><\/figure>\n<\/div>\n\n\n<p class=\"wp-block-paragraph\">Es waren exakt 386 Eicheln im Glas. <\/p>\n<\/div>\n<\/div>\n\n\n\n<div class=\"wp-block-columns is-layout-flex wp-container-core-columns-is-layout-8f761849 wp-block-columns-is-layout-flex\">\n<div class=\"wp-block-column is-layout-flow wp-block-column-is-layout-flow\" style=\"flex-basis:33.33%\">\n<p class=\"wp-block-paragraph\"><strong>Waldsofa-Renovation und GV <\/strong>&#8211;<strong> <\/strong>Am 29. Oktober haben wir mit vereinten Kr\u00e4ften das Waldsofa renoviert und einen neuen WC-Platz mit einem Donnerbalken installiert. Um 17.00 Uhr haben wir unsere j\u00e4hrliche Mitgliederversammlung abgehalten. Protokoll und Jahresbericht findest du <a href=\"https:\/\/boeimige.ch\/verein\/\" target=\"_blank\" rel=\"noreferrer noopener\">hier<\/a>. <\/p>\n<\/div>\n\n\n\n<div class=\"wp-block-column is-layout-flow wp-block-column-is-layout-flow\" style=\"flex-basis:66.66%\">\n<figure class=\"wp-block-image size-large is-resized\"><img loading=\"lazy\" decoding=\"async\" src=\"https:\/\/boeimigenaturprojektedotch.files.wordpress.com\/2022\/12\/2022_10_29_20_20_47_129.jpg?w=1024\" alt=\"\" class=\"wp-image-2528\" width=\"291\" height=\"294\" \/><\/figure>\n<\/div>\n<\/div>\n\n\n\n<p class=\"wp-block-paragraph\"><\/p>\n\n\n\n<p class=\"wp-block-paragraph\"><strong>Besuch des interkulturellen Frauentreffs<\/strong> &#8211; An einem wunderbaren Wintertag durften wir die Walkinggruppe des <a rel=\"noreferrer noopener\" href=\"https:\/\/www.worbinterkulturell.ch\/\" target=\"_blank\">interkulturellen Frauentreffs<\/a> bei uns mit einem Punsch vom Feuer bewirten. Danke f\u00fcr euren Besuch! <\/p>\n\n\n\n<figure class=\"wp-block-gallery has-nested-images columns-default is-cropped wp-block-gallery-2 is-layout-flex wp-block-gallery-is-layout-flex\">\n<figure class=\"wp-block-image size-large\"><img loading=\"lazy\" decoding=\"async\" width=\"1600\" height=\"720\" data-id=\"2534\" src=\"https:\/\/boeimigenaturprojektedotch.files.wordpress.com\/2022\/12\/kksb46151.jpg?w=1024\" alt=\"\" class=\"wp-image-2534\" srcset=\"https:\/\/boeimige.ch\/wp-content\/uploads\/2022\/12\/kksb46151.jpg 1600w, https:\/\/boeimige.ch\/wp-content\/uploads\/2022\/12\/kksb46151-300x135.jpg 300w, https:\/\/boeimige.ch\/wp-content\/uploads\/2022\/12\/kksb46151-1024x461.jpg 1024w, https:\/\/boeimige.ch\/wp-content\/uploads\/2022\/12\/kksb46151-768x346.jpg 768w, https:\/\/boeimige.ch\/wp-content\/uploads\/2022\/12\/kksb46151-1536x691.jpg 1536w, https:\/\/boeimige.ch\/wp-content\/uploads\/2022\/12\/kksb46151-1568x706.jpg 1568w\" sizes=\"auto, (max-width: 1600px) 100vw, 1600px\" \/><\/figure>\n\n\n\n<figure class=\"wp-block-image size-large\"><img loading=\"lazy\" decoding=\"async\" width=\"1600\" height=\"720\" data-id=\"2536\" src=\"https:\/\/boeimigenaturprojektedotch.files.wordpress.com\/2022\/12\/nvja30571.jpg?w=1024\" alt=\"\" class=\"wp-image-2536\" srcset=\"https:\/\/boeimige.ch\/wp-content\/uploads\/2022\/12\/nvja30571.jpg 1600w, https:\/\/boeimige.ch\/wp-content\/uploads\/2022\/12\/nvja30571-300x135.jpg 300w, https:\/\/boeimige.ch\/wp-content\/uploads\/2022\/12\/nvja30571-1024x461.jpg 1024w, https:\/\/boeimige.ch\/wp-content\/uploads\/2022\/12\/nvja30571-768x346.jpg 768w, https:\/\/boeimige.ch\/wp-content\/uploads\/2022\/12\/nvja30571-1536x691.jpg 1536w, https:\/\/boeimige.ch\/wp-content\/uploads\/2022\/12\/nvja30571-1568x706.jpg 1568w\" sizes=\"auto, (max-width: 1600px) 100vw, 1600px\" \/><\/figure>\n<\/figure>\n\n\n\n<h2 class=\"wp-block-heading has-white-color has-text-color\"><\/h2>\n\n\n\n<p class=\"has-white-color has-text-color wp-block-paragraph\">a<\/p>\n\n\n\n<div class=\"wp-block-columns is-layout-flex wp-container-core-columns-is-layout-8f761849 wp-block-columns-is-layout-flex\">\n<div class=\"wp-block-column is-layout-flow wp-block-column-is-layout-flow\" style=\"flex-basis:100%\"><\/div>\n<\/div>\n\n\n\n<h3 class=\"wp-block-heading\" id=\"ausblick\">Ausblick<\/h3>\n\n\n\n<p class=\"wp-block-paragraph\"><strong>Waldspielgruppe<\/strong> &#8211; Am letzten Donnerstag vor den Weihnachtsferien erwartet uns nach dem Mittagessen noch eine \u00dcberraschung. Die M\u00e4rchenerz\u00e4hlerin Simone Walther kommt zu uns in den Wald und erz\u00e4hlt uns eine Geschichte &#8211; von wem wohl? <\/p>\n\n\n\n<p class=\"wp-block-paragraph\"><strong>Eltern-Kind-Nachmittag<\/strong> <strong>Himug\u00fcegeli<\/strong> &#8211;  Weil das Himug\u00fcegli-Angebot trotz vieler Ideen und Einsatz leider nicht so richtig weiterfliegen konnte, findet am n\u00e4chsten <strong>Mittwoch, 21.12. <\/strong>vorl\u00e4ufig der letzte <a href=\"https:\/\/boeimige.ch\/angebot\/eltern-kindgruppe-himugueegeli\/\">Eltern-Kind-Nachmittag <\/a>in diesem Rahmen statt. Regula nimmt gerne Anmeldungen bis am Dienstagabend entgegen und freut sich auf sch\u00f6ne Begegnungen im winterlichen Wald. <\/p>\n\n\n\n<p class=\"wp-block-paragraph\">Anfangs 2023 wird Marianne ein neues Format im Dorf ausprobieren, bei dem Eltern mit ihren jungen Kindern auf dem Spielplatz in b\u00f6imige Welten eintauchen k\u00f6nnen. Von April bis Juni werden wir eine<strong> neue Eltern-Kind-Gruppe <\/strong>anbieten. In einer fixen Gruppen k\u00f6nnen voraussichtlich Kinder ab ca. 2 Jahren mit ihren Eltern 10 Mal am Mittwochmorgen den Wald entdecken. Daten und Infos zu diesen Angeboten aktualisieren wir laufend auf unsere Website. <\/p>\n\n\n\n<p class=\"wp-block-paragraph\"><strong>B\u00f6imige Walddetektive<\/strong> &#8211; Am<strong> Sa, <\/strong>14. Januar sind die <a href=\"https:\/\/boeimige.ch\/angebot\/walddetektive\/\">Detektive <\/a>wieder im Eggwald unterwegs. Wer ist mit dabei und kommt mit uns auf Spurensuche? <\/p>\n\n\n\n<p class=\"wp-block-paragraph\">&#8211;<\/p>\n\n\n\n<p class=\"wp-block-paragraph\"><\/p>\n\n\n\n<h3 class=\"wp-block-heading\" style=\"font-size:10px\">In eigener Sache<\/h3>\n\n\n\n<p class=\"wp-block-paragraph\">Nachricht von Nora:<\/p>\n\n\n\n<div class=\"wp-block-columns is-layout-flex wp-container-core-columns-is-layout-8f761849 wp-block-columns-is-layout-flex\">\n<div class=\"wp-block-column is-layout-flow wp-block-column-is-layout-flow\" style=\"flex-basis:50%\">\n<p class=\"wp-block-paragraph\">&#8222;Es war mir ein Vergn\u00fcgen, den Verein der B\u00f6imigen Naturprojekte in den letzten 6 Jahren aufbauen zu d\u00fcrfen. Ich freue mich, was daraus entstanden ist, insbesondere, dass nun so viele motivierte Leute an den Str\u00e4ngen ziehen und den Verein weitertragen. Deshalb kann ich guten Gewissens neue Wege einschlagen. Es war aber eine sehr sch\u00f6ne Zeit und ich bedanke mich bei allen, welche uns auf irgendeine, auch noch so klitzekleine, Art unterst\u00fctzt und dazu beigetragen haben, dass die B\u00f6imigen Naturprojekte zu dem geworden sind, was sie nun sind!<\/p>\n<\/div>\n\n\n\n<div class=\"wp-block-column is-layout-flow wp-block-column-is-layout-flow\" style=\"flex-basis:50%\">\n<figure class=\"wp-block-image size-large is-resized\"><img loading=\"lazy\" decoding=\"async\" src=\"https:\/\/boeimigenaturprojektedotch.files.wordpress.com\/2022\/12\/lupe-dunkel-1.jpg?w=758\" alt=\"\" class=\"wp-image-2564\" width=\"240\" height=\"328\" \/><\/figure>\n<\/div>\n<\/div>\n\n\n\n<p class=\"wp-block-paragraph\">In meinem neuen Beruf denke ich oft an die Waldspielgruppe zur\u00fcck. Denn als Naturg\u00e4rtnerin darf ich viele Arbeiten machen, welche auch den Spielgruppenkindern Spass machen: Grosse \u00c4ste herumtragen, Holz zers\u00e4gen, Asttrampolin springen, L\u00f6cher schaufeln und wieder auff\u00fcllen, Laub rechen, f\u00fcr Tiere ein Haus bauen und vieles mehr. Aber ganz verabschiede ich mich ja nicht, ich freue mich, weiterhin alle paar Wochen mit den Walddetektiven den Eggwald unter die Lupe zu nehmen.&#8220;<\/p>\n\n\n\n<p class=\"wp-block-paragraph\">&#8211;<\/p>\n\n\n\n<h3 class=\"wp-block-heading\" id=\"eine-winteridee\">Eine WINTERidee<\/h3>\n\n\n\n<p class=\"wp-block-paragraph\"><strong>Wie man im Winter vom Fr\u00fchling tr\u00e4umen kann<\/strong> &#8211; Man nehme einen wohlgeformten F\u00f6hrenzapfen und klemme mit einer Zange das oberste St\u00fcck weg. Mit Acrylfarbe l\u00e4sst sich der Zapfen anschliessend bemalen und er verwandelt sich in eine bunte Blume. Nat\u00fcrlich kann man auch Silber-, Gold- oder andere Glitzerfarben verwenden und hat schnell ein sch\u00f6nes Geschenk. Viel Spass!<\/p>\n\n\n\n<p class=\"wp-block-paragraph\"><\/p>\n\n\n\n<p class=\"wp-block-paragraph\" style=\"font-size:10px\"><\/p>\n\n\n<div class=\"wp-block-image\">\n<figure class=\"aligncenter size-large is-resized\"><img loading=\"lazy\" decoding=\"async\" src=\"https:\/\/boeimigenaturprojektedotch.files.wordpress.com\/2022\/12\/2022_12_07_11_43_55_290.jpg?w=1024\" alt=\"\" class=\"wp-image-2556\" width=\"381\" height=\"384\" \/><\/figure>\n<\/div>","protected":false},"excerpt":{"rendered":"<p>R\u00fcckblick Waldspielgruppe &#8211; Unsere fr\u00f6hliche Kinderschar staunte immer wieder, welche besonderen Sch\u00e4tze das M\u00fcsli und der Brumlistein aus dem kleinsten S\u00e4ckli zogen. Ein Eichelh\u00fctchen, ein goldenes Blatt, ein Ahornpropellerli, eine Baumnuss und einmal war sogar der Wind drin \u2013 hui, &hellip; <a href=\"https:\/\/boeimige.ch\/?p=2507\">Weiterlesen <span class=\"meta-nav\">&rarr;<\/span><\/a><\/p>\n","protected":false},"author":1,"featured_media":0,"comment_status":"closed","ping_status":"closed","sticky":false,"template":"","format":"standard","meta":{"footnotes":""},"categories":[6],"tags":[],"class_list":["post-2507","post","type-post","status-publish","format-standard","hentry","category-waldpost"],"yoast_head":"<!-- This site is optimized with the Yoast SEO plugin v28.3 - https:\/\/yoast.com\/product\/yoast-seo-wordpress\/ -->\n<title>Waldpost 2 - 2022\/23 - B\u00f6imige Naturprojekte<\/title>\n<meta name=\"robots\" content=\"index, follow, max-snippet:-1, max-image-preview:large, max-video-preview:-1\" \/>\n<link rel=\"canonical\" href=\"https:\/\/boeimige.ch\/?p=2507\" \/>\n<meta property=\"og:locale\" content=\"de_DE\" \/>\n<meta property=\"og:type\" content=\"article\" \/>\n<meta property=\"og:title\" content=\"Waldpost 2 - 2022\/23 - B\u00f6imige Naturprojekte\" \/>\n<meta property=\"og:description\" content=\"R\u00fcckblick Waldspielgruppe &#8211; Unsere fr\u00f6hliche Kinderschar staunte immer wieder, welche besonderen Sch\u00e4tze das M\u00fcsli und der Brumlistein aus dem kleinsten S\u00e4ckli zogen. Ein Eichelh\u00fctchen, ein goldenes Blatt, ein Ahornpropellerli, eine Baumnuss und einmal war sogar der Wind drin \u2013 hui, &hellip; Weiterlesen &rarr;\" \/>\n<meta property=\"og:url\" content=\"https:\/\/boeimige.ch\/?p=2507\" \/>\n<meta property=\"og:site_name\" content=\"B\u00f6imige Naturprojekte\" \/>\n<meta property=\"article:publisher\" content=\"https:\/\/www.facebook.com\/Eggwald3076\" \/>\n<meta property=\"article:published_time\" content=\"2022-12-18T11:15:29+00:00\" \/>\n<meta property=\"og:image\" content=\"https:\/\/boeimige.ch\/wp-content\/uploads\/2017\/02\/waldpost_titel_neu.png\" \/>\n\t<meta property=\"og:image:width\" content=\"740\" \/>\n\t<meta property=\"og:image:height\" content=\"120\" \/>\n\t<meta property=\"og:image:type\" content=\"image\/png\" \/>\n<meta name=\"author\" content=\"admin\" \/>\n<meta name=\"twitter:card\" content=\"summary_large_image\" \/>\n<meta name=\"twitter:label1\" content=\"Verfasst von\" \/>\n\t<meta name=\"twitter:data1\" content=\"admin\" \/>\n\t<meta name=\"twitter:label2\" content=\"Gesch\u00e4tzte Lesezeit\" \/>\n\t<meta name=\"twitter:data2\" content=\"4\u00a0Minuten\" \/>\n<script type=\"application\/ld+json\" class=\"yoast-schema-graph\">{\"@context\":\"https:\\\/\\\/schema.org\",\"@graph\":[{\"@type\":\"Article\",\"@id\":\"https:\\\/\\\/boeimige.ch\\\/?p=2507#article\",\"isPartOf\":{\"@id\":\"https:\\\/\\\/boeimige.ch\\\/?p=2507\"},\"author\":{\"name\":\"admin\",\"@id\":\"https:\\\/\\\/boeimige.ch\\\/#\\\/schema\\\/person\\\/9228b199a4bf1a502c3b3e0e368604f8\"},\"headline\":\"Waldpost 2 &#8211; 2022\\\/23\",\"datePublished\":\"2022-12-18T11:15:29+00:00\",\"mainEntityOfPage\":{\"@id\":\"https:\\\/\\\/boeimige.ch\\\/?p=2507\"},\"wordCount\":760,\"publisher\":{\"@id\":\"https:\\\/\\\/boeimige.ch\\\/#organization\"},\"image\":{\"@id\":\"https:\\\/\\\/boeimige.ch\\\/?p=2507#primaryimage\"},\"thumbnailUrl\":\"https:\\\/\\\/boeimigenaturprojektedotch.files.wordpress.com\\\/2017\\\/02\\\/waldpost_titel_neu.png\",\"articleSection\":[\"Waldpost\"],\"inLanguage\":\"de\"},{\"@type\":\"WebPage\",\"@id\":\"https:\\\/\\\/boeimige.ch\\\/?p=2507\",\"url\":\"https:\\\/\\\/boeimige.ch\\\/?p=2507\",\"name\":\"Waldpost 2 - 2022\\\/23 - B\u00f6imige Naturprojekte\",\"isPartOf\":{\"@id\":\"https:\\\/\\\/boeimige.ch\\\/#website\"},\"primaryImageOfPage\":{\"@id\":\"https:\\\/\\\/boeimige.ch\\\/?p=2507#primaryimage\"},\"image\":{\"@id\":\"https:\\\/\\\/boeimige.ch\\\/?p=2507#primaryimage\"},\"thumbnailUrl\":\"https:\\\/\\\/boeimigenaturprojektedotch.files.wordpress.com\\\/2017\\\/02\\\/waldpost_titel_neu.png\",\"datePublished\":\"2022-12-18T11:15:29+00:00\",\"breadcrumb\":{\"@id\":\"https:\\\/\\\/boeimige.ch\\\/?p=2507#breadcrumb\"},\"inLanguage\":\"de\",\"potentialAction\":[{\"@type\":\"ReadAction\",\"target\":[\"https:\\\/\\\/boeimige.ch\\\/?p=2507\"]}]},{\"@type\":\"ImageObject\",\"inLanguage\":\"de\",\"@id\":\"https:\\\/\\\/boeimige.ch\\\/?p=2507#primaryimage\",\"url\":\"https:\\\/\\\/boeimigenaturprojektedotch.files.wordpress.com\\\/2017\\\/02\\\/waldpost_titel_neu.png\",\"contentUrl\":\"https:\\\/\\\/boeimigenaturprojektedotch.files.wordpress.com\\\/2017\\\/02\\\/waldpost_titel_neu.png\"},{\"@type\":\"BreadcrumbList\",\"@id\":\"https:\\\/\\\/boeimige.ch\\\/?p=2507#breadcrumb\",\"itemListElement\":[{\"@type\":\"ListItem\",\"position\":1,\"name\":\"Start\",\"item\":\"https:\\\/\\\/boeimige.ch\\\/\"},{\"@type\":\"ListItem\",\"position\":2,\"name\":\"Waldpost 2 &#8211; 2022\\\/23\"}]},{\"@type\":\"WebSite\",\"@id\":\"https:\\\/\\\/boeimige.ch\\\/#website\",\"url\":\"https:\\\/\\\/boeimige.ch\\\/\",\"name\":\"B\u00f6imige Naturprojekte\",\"description\":\"Waldspielgruppe und Walderlebnisse in Worb\",\"publisher\":{\"@id\":\"https:\\\/\\\/boeimige.ch\\\/#organization\"},\"potentialAction\":[{\"@type\":\"SearchAction\",\"target\":{\"@type\":\"EntryPoint\",\"urlTemplate\":\"https:\\\/\\\/boeimige.ch\\\/?s={search_term_string}\"},\"query-input\":{\"@type\":\"PropertyValueSpecification\",\"valueRequired\":true,\"valueName\":\"search_term_string\"}}],\"inLanguage\":\"de\"},{\"@type\":\"Organization\",\"@id\":\"https:\\\/\\\/boeimige.ch\\\/#organization\",\"name\":\"B\u00f6imige Naturprojekte\",\"url\":\"https:\\\/\\\/boeimige.ch\\\/\",\"logo\":{\"@type\":\"ImageObject\",\"inLanguage\":\"de\",\"@id\":\"https:\\\/\\\/boeimige.ch\\\/#\\\/schema\\\/logo\\\/image\\\/\",\"url\":\"https:\\\/\\\/boeimige.ch\\\/wp-content\\\/uploads\\\/2026\\\/08\\\/Logo-neu_farbig-scaled.png\",\"contentUrl\":\"https:\\\/\\\/boeimige.ch\\\/wp-content\\\/uploads\\\/2026\\\/08\\\/Logo-neu_farbig-scaled.png\",\"width\":2318,\"height\":2560,\"caption\":\"B\u00f6imige Naturprojekte\"},\"image\":{\"@id\":\"https:\\\/\\\/boeimige.ch\\\/#\\\/schema\\\/logo\\\/image\\\/\"},\"sameAs\":[\"https:\\\/\\\/www.facebook.com\\\/Eggwald3076\",\"https:\\\/\\\/www.instagram.com\\\/boeimige_waldspielgruppe?igsh=N2M2Ymt2bGVrYTEx&utm_source=qr\"]},{\"@type\":\"Person\",\"@id\":\"https:\\\/\\\/boeimige.ch\\\/#\\\/schema\\\/person\\\/9228b199a4bf1a502c3b3e0e368604f8\",\"name\":\"admin\",\"image\":{\"@type\":\"ImageObject\",\"inLanguage\":\"de\",\"@id\":\"https:\\\/\\\/secure.gravatar.com\\\/avatar\\\/b476a0bf638c3f6b12f015e2f56efbe5b26c86811ca104ed3790d31ece5b0833?s=96&d=mm&r=g\",\"url\":\"https:\\\/\\\/secure.gravatar.com\\\/avatar\\\/b476a0bf638c3f6b12f015e2f56efbe5b26c86811ca104ed3790d31ece5b0833?s=96&d=mm&r=g\",\"contentUrl\":\"https:\\\/\\\/secure.gravatar.com\\\/avatar\\\/b476a0bf638c3f6b12f015e2f56efbe5b26c86811ca104ed3790d31ece5b0833?s=96&d=mm&r=g\",\"caption\":\"admin\"},\"url\":\"https:\\\/\\\/boeimige.ch\\\/?author=1\"}]}<\/script>\n<!-- \/ Yoast SEO plugin. -->","yoast_head_json":{"title":"Waldpost 2 - 2022\/23 - B\u00f6imige Naturprojekte","robots":{"index":"index","follow":"follow","max-snippet":"max-snippet:-1","max-image-preview":"max-image-preview:large","max-video-preview":"max-video-preview:-1"},"canonical":"https:\/\/boeimige.ch\/?p=2507","og_locale":"de_DE","og_type":"article","og_title":"Waldpost 2 - 2022\/23 - B\u00f6imige Naturprojekte","og_description":"R\u00fcckblick Waldspielgruppe &#8211; Unsere fr\u00f6hliche Kinderschar staunte immer wieder, welche besonderen Sch\u00e4tze das M\u00fcsli und der Brumlistein aus dem kleinsten S\u00e4ckli zogen. Ein Eichelh\u00fctchen, ein goldenes Blatt, ein Ahornpropellerli, eine Baumnuss und einmal war sogar der Wind drin \u2013 hui, &hellip; Weiterlesen &rarr;","og_url":"https:\/\/boeimige.ch\/?p=2507","og_site_name":"B\u00f6imige Naturprojekte","article_publisher":"https:\/\/www.facebook.com\/Eggwald3076","article_published_time":"2022-12-18T11:15:29+00:00","og_image":[{"width":740,"height":120,"url":"https:\/\/boeimige.ch\/wp-content\/uploads\/2017\/02\/waldpost_titel_neu.png","type":"image\/png"}],"author":"admin","twitter_card":"summary_large_image","twitter_misc":{"Verfasst von":"admin","Gesch\u00e4tzte Lesezeit":"4\u00a0Minuten"},"schema":{"@context":"https:\/\/schema.org","@graph":[{"@type":"Article","@id":"https:\/\/boeimige.ch\/?p=2507#article","isPartOf":{"@id":"https:\/\/boeimige.ch\/?p=2507"},"author":{"name":"admin","@id":"https:\/\/boeimige.ch\/#\/schema\/person\/9228b199a4bf1a502c3b3e0e368604f8"},"headline":"Waldpost 2 &#8211; 2022\/23","datePublished":"2022-12-18T11:15:29+00:00","mainEntityOfPage":{"@id":"https:\/\/boeimige.ch\/?p=2507"},"wordCount":760,"publisher":{"@id":"https:\/\/boeimige.ch\/#organization"},"image":{"@id":"https:\/\/boeimige.ch\/?p=2507#primaryimage"},"thumbnailUrl":"https:\/\/boeimigenaturprojektedotch.files.wordpress.com\/2017\/02\/waldpost_titel_neu.png","articleSection":["Waldpost"],"inLanguage":"de"},{"@type":"WebPage","@id":"https:\/\/boeimige.ch\/?p=2507","url":"https:\/\/boeimige.ch\/?p=2507","name":"Waldpost 2 - 2022\/23 - B\u00f6imige Naturprojekte","isPartOf":{"@id":"https:\/\/boeimige.ch\/#website"},"primaryImageOfPage":{"@id":"https:\/\/boeimige.ch\/?p=2507#primaryimage"},"image":{"@id":"https:\/\/boeimige.ch\/?p=2507#primaryimage"},"thumbnailUrl":"https:\/\/boeimigenaturprojektedotch.files.wordpress.com\/2017\/02\/waldpost_titel_neu.png","datePublished":"2022-12-18T11:15:29+00:00","breadcrumb":{"@id":"https:\/\/boeimige.ch\/?p=2507#breadcrumb"},"inLanguage":"de","potentialAction":[{"@type":"ReadAction","target":["https:\/\/boeimige.ch\/?p=2507"]}]},{"@type":"ImageObject","inLanguage":"de","@id":"https:\/\/boeimige.ch\/?p=2507#primaryimage","url":"https:\/\/boeimigenaturprojektedotch.files.wordpress.com\/2017\/02\/waldpost_titel_neu.png","contentUrl":"https:\/\/boeimigenaturprojektedotch.files.wordpress.com\/2017\/02\/waldpost_titel_neu.png"},{"@type":"BreadcrumbList","@id":"https:\/\/boeimige.ch\/?p=2507#breadcrumb","itemListElement":[{"@type":"ListItem","position":1,"name":"Start","item":"https:\/\/boeimige.ch\/"},{"@type":"ListItem","position":2,"name":"Waldpost 2 &#8211; 2022\/23"}]},{"@type":"WebSite","@id":"https:\/\/boeimige.ch\/#website","url":"https:\/\/boeimige.ch\/","name":"B\u00f6imige Naturprojekte","description":"Waldspielgruppe und Walderlebnisse in Worb","publisher":{"@id":"https:\/\/boeimige.ch\/#organization"},"potentialAction":[{"@type":"SearchAction","target":{"@type":"EntryPoint","urlTemplate":"https:\/\/boeimige.ch\/?s={search_term_string}"},"query-input":{"@type":"PropertyValueSpecification","valueRequired":true,"valueName":"search_term_string"}}],"inLanguage":"de"},{"@type":"Organization","@id":"https:\/\/boeimige.ch\/#organization","name":"B\u00f6imige Naturprojekte","url":"https:\/\/boeimige.ch\/","logo":{"@type":"ImageObject","inLanguage":"de","@id":"https:\/\/boeimige.ch\/#\/schema\/logo\/image\/","url":"https:\/\/boeimige.ch\/wp-content\/uploads\/2026\/08\/Logo-neu_farbig-scaled.png","contentUrl":"https:\/\/boeimige.ch\/wp-content\/uploads\/2026\/08\/Logo-neu_farbig-scaled.png","width":2318,"height":2560,"caption":"B\u00f6imige Naturprojekte"},"image":{"@id":"https:\/\/boeimige.ch\/#\/schema\/logo\/image\/"},"sameAs":["https:\/\/www.facebook.com\/Eggwald3076","https:\/\/www.instagram.com\/boeimige_waldspielgruppe?igsh=N2M2Ymt2bGVrYTEx&utm_source=qr"]},{"@type":"Person","@id":"https:\/\/boeimige.ch\/#\/schema\/person\/9228b199a4bf1a502c3b3e0e368604f8","name":"admin","image":{"@type":"ImageObject","inLanguage":"de","@id":"https:\/\/secure.gravatar.com\/avatar\/b476a0bf638c3f6b12f015e2f56efbe5b26c86811ca104ed3790d31ece5b0833?s=96&d=mm&r=g","url":"https:\/\/secure.gravatar.com\/avatar\/b476a0bf638c3f6b12f015e2f56efbe5b26c86811ca104ed3790d31ece5b0833?s=96&d=mm&r=g","contentUrl":"https:\/\/secure.gravatar.com\/avatar\/b476a0bf638c3f6b12f015e2f56efbe5b26c86811ca104ed3790d31ece5b0833?s=96&d=mm&r=g","caption":"admin"},"url":"https:\/\/boeimige.ch\/?author=1"}]}},"_links":{"self":[{"href":"https:\/\/boeimige.ch\/index.php?rest_route=\/wp\/v2\/posts\/2507","targetHints":{"allow":["GET"]}}],"collection":[{"href":"https:\/\/boeimige.ch\/index.php?rest_route=\/wp\/v2\/posts"}],"about":[{"href":"https:\/\/boeimige.ch\/index.php?rest_route=\/wp\/v2\/types\/post"}],"author":[{"embeddable":true,"href":"https:\/\/boeimige.ch\/index.php?rest_route=\/wp\/v2\/users\/1"}],"replies":[{"embeddable":true,"href":"https:\/\/boeimige.ch\/index.php?rest_route=%2Fwp%2Fv2%2Fcomments&post=2507"}],"version-history":[{"count":0,"href":"https:\/\/boeimige.ch\/index.php?rest_route=\/wp\/v2\/posts\/2507\/revisions"}],"wp:attachment":[{"href":"https:\/\/boeimige.ch\/index.php?rest_route=%2Fwp%2Fv2%2Fmedia&parent=2507"}],"wp:term":[{"taxonomy":"category","embeddable":true,"href":"https:\/\/boeimige.ch\/index.php?rest_route=%2Fwp%2Fv2%2Fcategories&post=2507"},{"taxonomy":"post_tag","embeddable":true,"href":"https:\/\/boeimige.ch\/index.php?rest_route=%2Fwp%2Fv2%2Ftags&post=2507"}],"curies":[{"name":"wp","href":"https:\/\/api.w.org\/{rel}","templated":true}]}}