{"id":437,"date":"2016-12-11T22:52:45","date_gmt":"2016-12-11T21:52:45","guid":{"rendered":"http:\/\/boeimige-naturprojekte.ch\/?p=437"},"modified":"2016-12-11T22:52:45","modified_gmt":"2016-12-11T21:52:45","slug":"waldpost-1%c2%a6201617","status":"publish","type":"post","link":"https:\/\/boeimige.ch\/?p=437","title":{"rendered":"Waldpost  1 \u00a6 2016\/17"},"content":{"rendered":"<p><img loading=\"lazy\" decoding=\"async\" class=\"alignnone size-full wp-image-436\" src=\"https:\/\/boeimigenaturprojektedotch.files.wordpress.com\/2016\/12\/waldpost_titel.png\" alt=\"waldpost_titel\" width=\"740\" height=\"194\" srcset=\"https:\/\/boeimige.ch\/wp-content\/uploads\/2016\/12\/waldpost_titel.png 740w, https:\/\/boeimige.ch\/wp-content\/uploads\/2016\/12\/waldpost_titel-300x79.png 300w\" sizes=\"auto, (max-width: 740px) 100vw, 740px\" \/>Herzlich willkommen zur ersten Waldpost der b\u00f6imigen Naturprojekte! Hier erhaltet ihr einen kleinen Einblick in die Gruppen plus die aktuellsten Neuigkeiten.<\/p>\n<h2><b>R\u00fcckblick aus den Waldgruppen<\/b><\/h2>\n<p><i>Eltern-Kind-Gruppe<\/i><\/p>\n<div id=\"attachment_442\" style=\"width: 303px\" class=\"wp-caption alignright\"><img loading=\"lazy\" decoding=\"async\" aria-describedby=\"caption-attachment-442\" class=\"  wp-image-442 alignright\" src=\"https:\/\/boeimigenaturprojektedotch.files.wordpress.com\/2016\/12\/img_1143.jpg\" alt=\"img_1143\" width=\"293\" height=\"220\" \/><p id=\"caption-attachment-442\" class=\"wp-caption-text\">Laternenbasteln bei den Himug\u00fcegeli<\/p><\/div>\n<p>Grosse und kleine Himug\u00fcegeli sammeln Laub und h\u00e4ufen es auf ein Leintuch. Alle schnappen sich einen Ecken des Tuches, zum Lied \u201esch\u00f6ni bruuni, sch\u00f6\u00f6ni g\u00e4ubi, sch\u00f6ni Blettli im Wind\u201c sch\u00fctteln wir das Tuch, die Bl\u00e4tter wirbeln um uns herum und zwirbeln zu Boden. Schon h\u00f6rt man den Ruf einiger Kinder: \u201eNo einisch!\u201c<\/p>\n<p>&nbsp;<\/p>\n<p><i>Waldspielgruppe<\/i><\/p>\n<p><img loading=\"lazy\" decoding=\"async\" class=\"  wp-image-457 alignleft\" src=\"https:\/\/boeimigenaturprojektedotch.files.wordpress.com\/2016\/12\/img_4928.jpg\" alt=\"img_4928\" width=\"316\" height=\"237\" \/><\/p>\n<p>Ein M\u00e4dchen legt sich gem\u00fctlich auf den Laubhaufen, den die Walderlebniskinder am letzten Samstag gemacht haben. Zwei Jungs beginnen, sie mit Laub einzudecken. Vorsichtig und sachte, damit ihr kein Laub ins Gesicht kommt. Minutenlang geht das so weiter, bis die F\u00fcsse des M\u00e4dchens unter einem hohen Laubhaufen verschwunden sind&#8230;.<\/p>\n<p>&nbsp;<\/p>\n<p><img loading=\"lazy\" decoding=\"async\" class=\"  wp-image-461 alignright\" src=\"https:\/\/boeimigenaturprojektedotch.files.wordpress.com\/2016\/12\/img_4940.jpg\" alt=\"img_4940\" width=\"339\" height=\"254\" \/><\/p>\n<p>Wir feuern das erste Mal den Ofen an unserem Waldplatz ein. Er dampft und raucht wie ein Drache. Wir lassen den Ofen aufheizen und formen w\u00e4hrenddessen aus dem selbst gemachten Teig unsere Grittib\u00e4nzen. Dann schieben wir die Grittib\u00e4nzen in das heisse Fass. Und siehe da, nach gar nicht so langer Zeit kommen sch\u00f6n goldbraun gebackene Teigm\u00e4nnli aus dem Ofen, e guete!<\/p>\n<p>&nbsp;<\/p>\n<p><i>Waldsamstage<\/i><\/p>\n<div id=\"attachment_468\" style=\"width: 303px\" class=\"wp-caption alignleft\"><img loading=\"lazy\" decoding=\"async\" aria-describedby=\"caption-attachment-468\" class=\"  wp-image-468 alignleft\" src=\"https:\/\/boeimigenaturprojektedotch.files.wordpress.com\/2016\/12\/img_4932.jpg\" alt=\"img_4932\" width=\"293\" height=\"220\" \/><p id=\"caption-attachment-468\" class=\"wp-caption-text\">Ein Kind sitzt auf einem Holzrugel und l\u00e4sst sich r\u00fcckw\u00e4rts ins Laub plumpsen. &#8222;Das ist lustig!&#8220; sagt es und lacht.<\/p><\/div>\n<p>Ein paar Kinder haben beim Holzen einen morschen Baumstamm mitgebracht und nehmen ihn auseinander. \u201eOh schaut mal, den Ast kann man einfach rausziehen!\u201c<br \/>\n\u201eUnd er hat da so eine lustige Form.\u201c<br \/>\n\u201eDer ist ja ganz weich und f\u00e4llt gerade auseinander!\u201c<\/p>\n<p>&nbsp;<\/p>\n<p>&nbsp;<\/p>\n<p>&nbsp;<\/p>\n<div id=\"attachment_476\" style=\"width: 328px\" class=\"wp-caption alignright\"><img loading=\"lazy\" decoding=\"async\" aria-describedby=\"caption-attachment-476\" class=\"  wp-image-476 alignright\" src=\"https:\/\/boeimigenaturprojektedotch.files.wordpress.com\/2016\/12\/img_4931.jpg\" alt=\"img_4931\" width=\"318\" height=\"238\" \/><p id=\"caption-attachment-476\" class=\"wp-caption-text\">Bim f\u00fc\u00fcrle&#8230;<\/p><\/div>\n<p>Ein paar Kinder beginnen, ausger\u00fcstet mit Rechen und \u201eGaretten\u201c, einen Laubhaufen zusammen zu tragen. \u201eKommt, wir bauen eine Burg.\u201c \u201eAber rein darf nur, wer bezahlt.\u201c \u201eZwei Garetten voll Laub.\u201c \u201eNein, f\u00fcnf!\u201c \u201eNein, zehn! Dann wird die Burg noch viiiel gr\u00f6sser!\u201c<\/p>\n<p>&nbsp;<\/p>\n<p><span style=\"color:#ffffff;\">Ausblick<\/span><\/p>\n<h2><b>Ausblicke<br \/>\n<\/b><\/h2>\n<p>Nach dem 12. Dezember gehen die Himug\u00fcegeli in den Winterschlaf. Ab dem 13. M\u00e4rz treffen wir uns wieder regelm\u00e4ssig, bei hoffentlich wieder etwas w\u00e4rmeren Temperaturen im Eggwald!<\/p>\n<p>&nbsp;<\/p>\n<p><i>Waldgeburtstage<\/i><\/p>\n<p>Ab sofort organisieren wir f\u00fcr eure Kinder ein b\u00f6imiges Waldgeburtstagsfest! M\u00f6chtet ihr zum Geburtstag von eurem Kind etwas Spezielles im Wald machen? Dann findet ihr hier detaillierte Infos: <a href=\"http:\/\/boeimige-naturprojekte.ch\/angebot\/waldgeburtstage\/\">Waldgeburtstage<\/a><\/p>\n<p>Dann bleibt uns nur noch euch eine fr\u00f6hliche Weihnachtszeit zu w\u00fcnschen!<\/p>\n<p>&nbsp;<\/p>\n","protected":false},"excerpt":{"rendered":"<p>Herzlich willkommen zur ersten Waldpost der b\u00f6imigen Naturprojekte! Hier erhaltet ihr einen kleinen Einblick in die Gruppen plus die aktuellsten Neuigkeiten. R\u00fcckblick aus den Waldgruppen Eltern-Kind-Gruppe Grosse und kleine Himug\u00fcegeli sammeln Laub und h\u00e4ufen es auf ein Leintuch. Alle schnappen &hellip; <a href=\"https:\/\/boeimige.ch\/?p=437\">Weiterlesen <span class=\"meta-nav\">&rarr;<\/span><\/a><\/p>\n","protected":false},"author":1,"featured_media":0,"comment_status":"closed","ping_status":"closed","sticky":false,"template":"","format":"standard","meta":{"footnotes":""},"categories":[6],"tags":[],"class_list":["post-437","post","type-post","status-publish","format-standard","hentry","category-waldpost"],"yoast_head":"<!-- This site is optimized with the Yoast SEO plugin v28.3 - https:\/\/yoast.com\/product\/yoast-seo-wordpress\/ -->\n<title>Waldpost 1 \u00a6 2016\/17 - B\u00f6imige Naturprojekte<\/title>\n<meta name=\"robots\" content=\"index, follow, max-snippet:-1, max-image-preview:large, max-video-preview:-1\" \/>\n<link rel=\"canonical\" href=\"https:\/\/boeimige.ch\/?p=437\" \/>\n<meta property=\"og:locale\" content=\"de_DE\" \/>\n<meta property=\"og:type\" content=\"article\" \/>\n<meta property=\"og:title\" content=\"Waldpost 1 \u00a6 2016\/17 - B\u00f6imige Naturprojekte\" \/>\n<meta property=\"og:description\" content=\"Herzlich willkommen zur ersten Waldpost der b\u00f6imigen Naturprojekte! Hier erhaltet ihr einen kleinen Einblick in die Gruppen plus die aktuellsten Neuigkeiten. R\u00fcckblick aus den Waldgruppen Eltern-Kind-Gruppe Grosse und kleine Himug\u00fcegeli sammeln Laub und h\u00e4ufen es auf ein Leintuch. Alle schnappen &hellip; Weiterlesen &rarr;\" \/>\n<meta property=\"og:url\" content=\"https:\/\/boeimige.ch\/?p=437\" \/>\n<meta property=\"og:site_name\" content=\"B\u00f6imige Naturprojekte\" \/>\n<meta property=\"article:publisher\" content=\"https:\/\/www.facebook.com\/Eggwald3076\" \/>\n<meta property=\"article:published_time\" content=\"2016-12-11T21:52:45+00:00\" \/>\n<meta property=\"og:image\" content=\"https:\/\/boeimige.ch\/wp-content\/uploads\/2016\/12\/waldpost_titel.png\" \/>\n\t<meta property=\"og:image:width\" content=\"740\" \/>\n\t<meta property=\"og:image:height\" content=\"194\" \/>\n\t<meta property=\"og:image:type\" content=\"image\/png\" \/>\n<meta name=\"author\" content=\"admin\" \/>\n<meta name=\"twitter:card\" content=\"summary_large_image\" \/>\n<meta name=\"twitter:label1\" content=\"Verfasst von\" \/>\n\t<meta name=\"twitter:data1\" content=\"admin\" \/>\n\t<meta name=\"twitter:label2\" content=\"Gesch\u00e4tzte Lesezeit\" \/>\n\t<meta name=\"twitter:data2\" content=\"2\u00a0Minuten\" \/>\n<script type=\"application\/ld+json\" class=\"yoast-schema-graph\">{\"@context\":\"https:\\\/\\\/schema.org\",\"@graph\":[{\"@type\":\"Article\",\"@id\":\"https:\\\/\\\/boeimige.ch\\\/?p=437#article\",\"isPartOf\":{\"@id\":\"https:\\\/\\\/boeimige.ch\\\/?p=437\"},\"author\":{\"name\":\"admin\",\"@id\":\"https:\\\/\\\/boeimige.ch\\\/#\\\/schema\\\/person\\\/9228b199a4bf1a502c3b3e0e368604f8\"},\"headline\":\"Waldpost 1 \u00a6 2016\\\/17\",\"datePublished\":\"2016-12-11T21:52:45+00:00\",\"mainEntityOfPage\":{\"@id\":\"https:\\\/\\\/boeimige.ch\\\/?p=437\"},\"wordCount\":433,\"publisher\":{\"@id\":\"https:\\\/\\\/boeimige.ch\\\/#organization\"},\"image\":{\"@id\":\"https:\\\/\\\/boeimige.ch\\\/?p=437#primaryimage\"},\"thumbnailUrl\":\"https:\\\/\\\/boeimigenaturprojektedotch.files.wordpress.com\\\/2016\\\/12\\\/waldpost_titel.png\",\"articleSection\":[\"Waldpost\"],\"inLanguage\":\"de\"},{\"@type\":\"WebPage\",\"@id\":\"https:\\\/\\\/boeimige.ch\\\/?p=437\",\"url\":\"https:\\\/\\\/boeimige.ch\\\/?p=437\",\"name\":\"Waldpost 1 \u00a6 2016\\\/17 - B\u00f6imige Naturprojekte\",\"isPartOf\":{\"@id\":\"https:\\\/\\\/boeimige.ch\\\/#website\"},\"primaryImageOfPage\":{\"@id\":\"https:\\\/\\\/boeimige.ch\\\/?p=437#primaryimage\"},\"image\":{\"@id\":\"https:\\\/\\\/boeimige.ch\\\/?p=437#primaryimage\"},\"thumbnailUrl\":\"https:\\\/\\\/boeimigenaturprojektedotch.files.wordpress.com\\\/2016\\\/12\\\/waldpost_titel.png\",\"datePublished\":\"2016-12-11T21:52:45+00:00\",\"breadcrumb\":{\"@id\":\"https:\\\/\\\/boeimige.ch\\\/?p=437#breadcrumb\"},\"inLanguage\":\"de\",\"potentialAction\":[{\"@type\":\"ReadAction\",\"target\":[\"https:\\\/\\\/boeimige.ch\\\/?p=437\"]}]},{\"@type\":\"ImageObject\",\"inLanguage\":\"de\",\"@id\":\"https:\\\/\\\/boeimige.ch\\\/?p=437#primaryimage\",\"url\":\"https:\\\/\\\/boeimigenaturprojektedotch.files.wordpress.com\\\/2016\\\/12\\\/waldpost_titel.png\",\"contentUrl\":\"https:\\\/\\\/boeimigenaturprojektedotch.files.wordpress.com\\\/2016\\\/12\\\/waldpost_titel.png\"},{\"@type\":\"BreadcrumbList\",\"@id\":\"https:\\\/\\\/boeimige.ch\\\/?p=437#breadcrumb\",\"itemListElement\":[{\"@type\":\"ListItem\",\"position\":1,\"name\":\"Start\",\"item\":\"https:\\\/\\\/boeimige.ch\\\/\"},{\"@type\":\"ListItem\",\"position\":2,\"name\":\"Waldpost 1 \u00a6 2016\\\/17\"}]},{\"@type\":\"WebSite\",\"@id\":\"https:\\\/\\\/boeimige.ch\\\/#website\",\"url\":\"https:\\\/\\\/boeimige.ch\\\/\",\"name\":\"B\u00f6imige Naturprojekte\",\"description\":\"Waldspielgruppe und Walderlebnisse in Worb\",\"publisher\":{\"@id\":\"https:\\\/\\\/boeimige.ch\\\/#organization\"},\"potentialAction\":[{\"@type\":\"SearchAction\",\"target\":{\"@type\":\"EntryPoint\",\"urlTemplate\":\"https:\\\/\\\/boeimige.ch\\\/?s={search_term_string}\"},\"query-input\":{\"@type\":\"PropertyValueSpecification\",\"valueRequired\":true,\"valueName\":\"search_term_string\"}}],\"inLanguage\":\"de\"},{\"@type\":\"Organization\",\"@id\":\"https:\\\/\\\/boeimige.ch\\\/#organization\",\"name\":\"B\u00f6imige Naturprojekte\",\"url\":\"https:\\\/\\\/boeimige.ch\\\/\",\"logo\":{\"@type\":\"ImageObject\",\"inLanguage\":\"de\",\"@id\":\"https:\\\/\\\/boeimige.ch\\\/#\\\/schema\\\/logo\\\/image\\\/\",\"url\":\"https:\\\/\\\/boeimige.ch\\\/wp-content\\\/uploads\\\/2026\\\/08\\\/Logo-neu_farbig-scaled.png\",\"contentUrl\":\"https:\\\/\\\/boeimige.ch\\\/wp-content\\\/uploads\\\/2026\\\/08\\\/Logo-neu_farbig-scaled.png\",\"width\":2318,\"height\":2560,\"caption\":\"B\u00f6imige Naturprojekte\"},\"image\":{\"@id\":\"https:\\\/\\\/boeimige.ch\\\/#\\\/schema\\\/logo\\\/image\\\/\"},\"sameAs\":[\"https:\\\/\\\/www.facebook.com\\\/Eggwald3076\",\"https:\\\/\\\/www.instagram.com\\\/boeimige_waldspielgruppe?igsh=N2M2Ymt2bGVrYTEx&utm_source=qr\"]},{\"@type\":\"Person\",\"@id\":\"https:\\\/\\\/boeimige.ch\\\/#\\\/schema\\\/person\\\/9228b199a4bf1a502c3b3e0e368604f8\",\"name\":\"admin\",\"image\":{\"@type\":\"ImageObject\",\"inLanguage\":\"de\",\"@id\":\"https:\\\/\\\/secure.gravatar.com\\\/avatar\\\/b476a0bf638c3f6b12f015e2f56efbe5b26c86811ca104ed3790d31ece5b0833?s=96&d=mm&r=g\",\"url\":\"https:\\\/\\\/secure.gravatar.com\\\/avatar\\\/b476a0bf638c3f6b12f015e2f56efbe5b26c86811ca104ed3790d31ece5b0833?s=96&d=mm&r=g\",\"contentUrl\":\"https:\\\/\\\/secure.gravatar.com\\\/avatar\\\/b476a0bf638c3f6b12f015e2f56efbe5b26c86811ca104ed3790d31ece5b0833?s=96&d=mm&r=g\",\"caption\":\"admin\"},\"url\":\"https:\\\/\\\/boeimige.ch\\\/?author=1\"}]}<\/script>\n<!-- \/ Yoast SEO plugin. -->","yoast_head_json":{"title":"Waldpost 1 \u00a6 2016\/17 - B\u00f6imige Naturprojekte","robots":{"index":"index","follow":"follow","max-snippet":"max-snippet:-1","max-image-preview":"max-image-preview:large","max-video-preview":"max-video-preview:-1"},"canonical":"https:\/\/boeimige.ch\/?p=437","og_locale":"de_DE","og_type":"article","og_title":"Waldpost 1 \u00a6 2016\/17 - B\u00f6imige Naturprojekte","og_description":"Herzlich willkommen zur ersten Waldpost der b\u00f6imigen Naturprojekte! Hier erhaltet ihr einen kleinen Einblick in die Gruppen plus die aktuellsten Neuigkeiten. R\u00fcckblick aus den Waldgruppen Eltern-Kind-Gruppe Grosse und kleine Himug\u00fcegeli sammeln Laub und h\u00e4ufen es auf ein Leintuch. Alle schnappen &hellip; Weiterlesen &rarr;","og_url":"https:\/\/boeimige.ch\/?p=437","og_site_name":"B\u00f6imige Naturprojekte","article_publisher":"https:\/\/www.facebook.com\/Eggwald3076","article_published_time":"2016-12-11T21:52:45+00:00","og_image":[{"width":740,"height":194,"url":"https:\/\/boeimige.ch\/wp-content\/uploads\/2016\/12\/waldpost_titel.png","type":"image\/png"}],"author":"admin","twitter_card":"summary_large_image","twitter_misc":{"Verfasst von":"admin","Gesch\u00e4tzte Lesezeit":"2\u00a0Minuten"},"schema":{"@context":"https:\/\/schema.org","@graph":[{"@type":"Article","@id":"https:\/\/boeimige.ch\/?p=437#article","isPartOf":{"@id":"https:\/\/boeimige.ch\/?p=437"},"author":{"name":"admin","@id":"https:\/\/boeimige.ch\/#\/schema\/person\/9228b199a4bf1a502c3b3e0e368604f8"},"headline":"Waldpost 1 \u00a6 2016\/17","datePublished":"2016-12-11T21:52:45+00:00","mainEntityOfPage":{"@id":"https:\/\/boeimige.ch\/?p=437"},"wordCount":433,"publisher":{"@id":"https:\/\/boeimige.ch\/#organization"},"image":{"@id":"https:\/\/boeimige.ch\/?p=437#primaryimage"},"thumbnailUrl":"https:\/\/boeimigenaturprojektedotch.files.wordpress.com\/2016\/12\/waldpost_titel.png","articleSection":["Waldpost"],"inLanguage":"de"},{"@type":"WebPage","@id":"https:\/\/boeimige.ch\/?p=437","url":"https:\/\/boeimige.ch\/?p=437","name":"Waldpost 1 \u00a6 2016\/17 - B\u00f6imige Naturprojekte","isPartOf":{"@id":"https:\/\/boeimige.ch\/#website"},"primaryImageOfPage":{"@id":"https:\/\/boeimige.ch\/?p=437#primaryimage"},"image":{"@id":"https:\/\/boeimige.ch\/?p=437#primaryimage"},"thumbnailUrl":"https:\/\/boeimigenaturprojektedotch.files.wordpress.com\/2016\/12\/waldpost_titel.png","datePublished":"2016-12-11T21:52:45+00:00","breadcrumb":{"@id":"https:\/\/boeimige.ch\/?p=437#breadcrumb"},"inLanguage":"de","potentialAction":[{"@type":"ReadAction","target":["https:\/\/boeimige.ch\/?p=437"]}]},{"@type":"ImageObject","inLanguage":"de","@id":"https:\/\/boeimige.ch\/?p=437#primaryimage","url":"https:\/\/boeimigenaturprojektedotch.files.wordpress.com\/2016\/12\/waldpost_titel.png","contentUrl":"https:\/\/boeimigenaturprojektedotch.files.wordpress.com\/2016\/12\/waldpost_titel.png"},{"@type":"BreadcrumbList","@id":"https:\/\/boeimige.ch\/?p=437#breadcrumb","itemListElement":[{"@type":"ListItem","position":1,"name":"Start","item":"https:\/\/boeimige.ch\/"},{"@type":"ListItem","position":2,"name":"Waldpost 1 \u00a6 2016\/17"}]},{"@type":"WebSite","@id":"https:\/\/boeimige.ch\/#website","url":"https:\/\/boeimige.ch\/","name":"B\u00f6imige Naturprojekte","description":"Waldspielgruppe und Walderlebnisse in Worb","publisher":{"@id":"https:\/\/boeimige.ch\/#organization"},"potentialAction":[{"@type":"SearchAction","target":{"@type":"EntryPoint","urlTemplate":"https:\/\/boeimige.ch\/?s={search_term_string}"},"query-input":{"@type":"PropertyValueSpecification","valueRequired":true,"valueName":"search_term_string"}}],"inLanguage":"de"},{"@type":"Organization","@id":"https:\/\/boeimige.ch\/#organization","name":"B\u00f6imige Naturprojekte","url":"https:\/\/boeimige.ch\/","logo":{"@type":"ImageObject","inLanguage":"de","@id":"https:\/\/boeimige.ch\/#\/schema\/logo\/image\/","url":"https:\/\/boeimige.ch\/wp-content\/uploads\/2026\/08\/Logo-neu_farbig-scaled.png","contentUrl":"https:\/\/boeimige.ch\/wp-content\/uploads\/2026\/08\/Logo-neu_farbig-scaled.png","width":2318,"height":2560,"caption":"B\u00f6imige Naturprojekte"},"image":{"@id":"https:\/\/boeimige.ch\/#\/schema\/logo\/image\/"},"sameAs":["https:\/\/www.facebook.com\/Eggwald3076","https:\/\/www.instagram.com\/boeimige_waldspielgruppe?igsh=N2M2Ymt2bGVrYTEx&utm_source=qr"]},{"@type":"Person","@id":"https:\/\/boeimige.ch\/#\/schema\/person\/9228b199a4bf1a502c3b3e0e368604f8","name":"admin","image":{"@type":"ImageObject","inLanguage":"de","@id":"https:\/\/secure.gravatar.com\/avatar\/b476a0bf638c3f6b12f015e2f56efbe5b26c86811ca104ed3790d31ece5b0833?s=96&d=mm&r=g","url":"https:\/\/secure.gravatar.com\/avatar\/b476a0bf638c3f6b12f015e2f56efbe5b26c86811ca104ed3790d31ece5b0833?s=96&d=mm&r=g","contentUrl":"https:\/\/secure.gravatar.com\/avatar\/b476a0bf638c3f6b12f015e2f56efbe5b26c86811ca104ed3790d31ece5b0833?s=96&d=mm&r=g","caption":"admin"},"url":"https:\/\/boeimige.ch\/?author=1"}]}},"_links":{"self":[{"href":"https:\/\/boeimige.ch\/index.php?rest_route=\/wp\/v2\/posts\/437","targetHints":{"allow":["GET"]}}],"collection":[{"href":"https:\/\/boeimige.ch\/index.php?rest_route=\/wp\/v2\/posts"}],"about":[{"href":"https:\/\/boeimige.ch\/index.php?rest_route=\/wp\/v2\/types\/post"}],"author":[{"embeddable":true,"href":"https:\/\/boeimige.ch\/index.php?rest_route=\/wp\/v2\/users\/1"}],"replies":[{"embeddable":true,"href":"https:\/\/boeimige.ch\/index.php?rest_route=%2Fwp%2Fv2%2Fcomments&post=437"}],"version-history":[{"count":0,"href":"https:\/\/boeimige.ch\/index.php?rest_route=\/wp\/v2\/posts\/437\/revisions"}],"wp:attachment":[{"href":"https:\/\/boeimige.ch\/index.php?rest_route=%2Fwp%2Fv2%2Fmedia&parent=437"}],"wp:term":[{"taxonomy":"category","embeddable":true,"href":"https:\/\/boeimige.ch\/index.php?rest_route=%2Fwp%2Fv2%2Fcategories&post=437"},{"taxonomy":"post_tag","embeddable":true,"href":"https:\/\/boeimige.ch\/index.php?rest_route=%2Fwp%2Fv2%2Ftags&post=437"}],"curies":[{"name":"wp","href":"https:\/\/api.w.org\/{rel}","templated":true}]}}