{"id":5026,"date":"2024-04-15T11:13:26","date_gmt":"2024-04-15T11:13:26","guid":{"rendered":"https:\/\/boeimige.ch\/?p=5026"},"modified":"2024-04-15T11:13:26","modified_gmt":"2024-04-15T11:13:26","slug":"wald-gwunder-tag-am-27-april-2024","status":"publish","type":"post","link":"https:\/\/boeimige.ch\/?p=5026","title":{"rendered":"Wald-Gwunder-Tag am 27. April 2024"},"content":{"rendered":"\n<p class=\"wp-block-paragraph\">Den Wald mit allen Sinnen erleben, unter dem Bl\u00e4tterdach einen Fr\u00fchlingstag geniessen und sich am Abend eine feines Znacht vom Feuer g\u00f6nnen? Wir freuen uns auf euch! <\/p>\n\n\n\n<p class=\"wp-block-paragraph\">Klicke <a href=\"https:\/\/boeimige.ch\/?page_id=934\" data-type=\"page\" data-id=\"934\">hier <\/a>und du findest alle weiteren Infos zum Anlass. <\/p>\n\n\n\n<figure class=\"wp-block-gallery has-nested-images columns-default is-cropped wp-block-gallery-1 is-layout-flex wp-block-gallery-is-layout-flex\">\n<figure class=\"wp-block-image size-large\"><img loading=\"lazy\" decoding=\"async\" width=\"768\" height=\"1024\" data-id=\"275\" src=\"https:\/\/boeimige.ch\/wp-content\/uploads\/2016\/03\/img_0828-768x1024.jpg\" alt=\"\" class=\"wp-image-275\" srcset=\"https:\/\/boeimige.ch\/wp-content\/uploads\/2016\/03\/img_0828-768x1024.jpg 768w, https:\/\/boeimige.ch\/wp-content\/uploads\/2016\/03\/img_0828-225x300.jpg 225w, https:\/\/boeimige.ch\/wp-content\/uploads\/2016\/03\/img_0828-1152x1536.jpg 1152w, https:\/\/boeimige.ch\/wp-content\/uploads\/2016\/03\/img_0828-1536x2048.jpg 1536w, https:\/\/boeimige.ch\/wp-content\/uploads\/2016\/03\/img_0828-1568x2091.jpg 1568w, https:\/\/boeimige.ch\/wp-content\/uploads\/2016\/03\/img_0828-scaled.jpg 1920w\" sizes=\"auto, (max-width: 768px) 100vw, 768px\" \/><\/figure>\n\n\n\n<figure class=\"wp-block-image size-large\"><img loading=\"lazy\" decoding=\"async\" width=\"1024\" height=\"768\" data-id=\"1069\" src=\"https:\/\/boeimige.ch\/wp-content\/uploads\/2019\/01\/vereinsanlaesse3-1024x768.jpg\" alt=\"\" class=\"wp-image-1069\" srcset=\"https:\/\/boeimige.ch\/wp-content\/uploads\/2019\/01\/vereinsanlaesse3-1024x768.jpg 1024w, https:\/\/boeimige.ch\/wp-content\/uploads\/2019\/01\/vereinsanlaesse3-300x225.jpg 300w, https:\/\/boeimige.ch\/wp-content\/uploads\/2019\/01\/vereinsanlaesse3-768x576.jpg 768w, https:\/\/boeimige.ch\/wp-content\/uploads\/2019\/01\/vereinsanlaesse3-1536x1152.jpg 1536w, https:\/\/boeimige.ch\/wp-content\/uploads\/2019\/01\/vereinsanlaesse3-2048x1536.jpg 2048w, https:\/\/boeimige.ch\/wp-content\/uploads\/2019\/01\/vereinsanlaesse3-1568x1176.jpg 1568w\" sizes=\"auto, (max-width: 1024px) 100vw, 1024px\" \/><\/figure>\n\n\n\n<figure class=\"wp-block-image size-large\"><img loading=\"lazy\" decoding=\"async\" width=\"1024\" height=\"824\" data-id=\"992\" src=\"https:\/\/boeimige.ch\/wp-content\/uploads\/2018\/06\/p1020403-2-1024x824.jpg\" alt=\"\" class=\"wp-image-992\" srcset=\"https:\/\/boeimige.ch\/wp-content\/uploads\/2018\/06\/p1020403-2-1024x824.jpg 1024w, https:\/\/boeimige.ch\/wp-content\/uploads\/2018\/06\/p1020403-2-300x241.jpg 300w, https:\/\/boeimige.ch\/wp-content\/uploads\/2018\/06\/p1020403-2-768x618.jpg 768w, https:\/\/boeimige.ch\/wp-content\/uploads\/2018\/06\/p1020403-2-1536x1235.jpg 1536w, https:\/\/boeimige.ch\/wp-content\/uploads\/2018\/06\/p1020403-2-2048x1647.jpg 2048w, https:\/\/boeimige.ch\/wp-content\/uploads\/2018\/06\/p1020403-2-1568x1261.jpg 1568w\" sizes=\"auto, (max-width: 1024px) 100vw, 1024px\" \/><\/figure>\n\n\n\n<figure class=\"wp-block-image size-large\"><img loading=\"lazy\" decoding=\"async\" width=\"1024\" height=\"685\" data-id=\"1064\" src=\"https:\/\/boeimige.ch\/wp-content\/uploads\/2019\/01\/fuechse2-1024x685.jpg\" alt=\"\" class=\"wp-image-1064\" srcset=\"https:\/\/boeimige.ch\/wp-content\/uploads\/2019\/01\/fuechse2-1024x685.jpg 1024w, https:\/\/boeimige.ch\/wp-content\/uploads\/2019\/01\/fuechse2-300x201.jpg 300w, https:\/\/boeimige.ch\/wp-content\/uploads\/2019\/01\/fuechse2-768x514.jpg 768w, https:\/\/boeimige.ch\/wp-content\/uploads\/2019\/01\/fuechse2-1536x1028.jpg 1536w, https:\/\/boeimige.ch\/wp-content\/uploads\/2019\/01\/fuechse2-2048x1371.jpg 2048w, https:\/\/boeimige.ch\/wp-content\/uploads\/2019\/01\/fuechse2-1568x1050.jpg 1568w\" sizes=\"auto, (max-width: 1024px) 100vw, 1024px\" \/><\/figure>\n<\/figure>\n","protected":false},"excerpt":{"rendered":"<p>Den Wald mit allen Sinnen erleben, unter dem Bl\u00e4tterdach einen Fr\u00fchlingstag geniessen und sich am Abend eine feines Znacht vom Feuer g\u00f6nnen? Wir freuen uns auf euch! Klicke hier und du findest alle weiteren Infos zum Anlass.<\/p>\n","protected":false},"author":1,"featured_media":0,"comment_status":"closed","ping_status":"closed","sticky":false,"template":"","format":"standard","meta":{"footnotes":""},"categories":[1],"tags":[],"class_list":["post-5026","post","type-post","status-publish","format-standard","hentry","category-uncategorized"],"yoast_head":"<!-- This site is optimized with the Yoast SEO plugin v28.3 - https:\/\/yoast.com\/product\/yoast-seo-wordpress\/ -->\n<title>Wald-Gwunder-Tag am 27. April 2024 - B\u00f6imige Naturprojekte<\/title>\n<meta name=\"robots\" content=\"index, follow, max-snippet:-1, max-image-preview:large, max-video-preview:-1\" \/>\n<link rel=\"canonical\" href=\"https:\/\/boeimige.ch\/?p=5026\" \/>\n<meta property=\"og:locale\" content=\"de_DE\" \/>\n<meta property=\"og:type\" content=\"article\" \/>\n<meta property=\"og:title\" content=\"Wald-Gwunder-Tag am 27. April 2024 - B\u00f6imige Naturprojekte\" \/>\n<meta property=\"og:description\" content=\"Den Wald mit allen Sinnen erleben, unter dem Bl\u00e4tterdach einen Fr\u00fchlingstag geniessen und sich am Abend eine feines Znacht vom Feuer g\u00f6nnen? Wir freuen uns auf euch! Klicke hier und du findest alle weiteren Infos zum Anlass.\" \/>\n<meta property=\"og:url\" content=\"https:\/\/boeimige.ch\/?p=5026\" \/>\n<meta property=\"og:site_name\" content=\"B\u00f6imige Naturprojekte\" \/>\n<meta property=\"article:publisher\" content=\"https:\/\/www.facebook.com\/Eggwald3076\" \/>\n<meta property=\"article:published_time\" content=\"2024-04-15T11:13:26+00:00\" \/>\n<meta property=\"og:image\" content=\"https:\/\/boeimige.ch\/wp-content\/uploads\/2016\/03\/img_0828-scaled.jpg\" \/>\n\t<meta property=\"og:image:width\" content=\"1920\" \/>\n\t<meta property=\"og:image:height\" content=\"2560\" \/>\n\t<meta property=\"og:image:type\" content=\"image\/jpeg\" \/>\n<meta name=\"author\" content=\"admin\" \/>\n<meta name=\"twitter:card\" content=\"summary_large_image\" \/>\n<meta name=\"twitter:label1\" content=\"Verfasst von\" \/>\n\t<meta name=\"twitter:data1\" content=\"admin\" \/>\n<script type=\"application\/ld+json\" class=\"yoast-schema-graph\">{\"@context\":\"https:\\\/\\\/schema.org\",\"@graph\":[{\"@type\":\"Article\",\"@id\":\"https:\\\/\\\/boeimige.ch\\\/?p=5026#article\",\"isPartOf\":{\"@id\":\"https:\\\/\\\/boeimige.ch\\\/?p=5026\"},\"author\":{\"name\":\"admin\",\"@id\":\"https:\\\/\\\/boeimige.ch\\\/#\\\/schema\\\/person\\\/9228b199a4bf1a502c3b3e0e368604f8\"},\"headline\":\"Wald-Gwunder-Tag am 27. April 2024\",\"datePublished\":\"2024-04-15T11:13:26+00:00\",\"mainEntityOfPage\":{\"@id\":\"https:\\\/\\\/boeimige.ch\\\/?p=5026\"},\"wordCount\":43,\"publisher\":{\"@id\":\"https:\\\/\\\/boeimige.ch\\\/#organization\"},\"image\":{\"@id\":\"https:\\\/\\\/boeimige.ch\\\/?p=5026#primaryimage\"},\"thumbnailUrl\":\"https:\\\/\\\/boeimige.ch\\\/wp-content\\\/uploads\\\/2016\\\/03\\\/img_0828-768x1024.jpg\",\"articleSection\":[\"Uncategorized\"],\"inLanguage\":\"de\"},{\"@type\":\"WebPage\",\"@id\":\"https:\\\/\\\/boeimige.ch\\\/?p=5026\",\"url\":\"https:\\\/\\\/boeimige.ch\\\/?p=5026\",\"name\":\"Wald-Gwunder-Tag am 27. April 2024 - B\u00f6imige Naturprojekte\",\"isPartOf\":{\"@id\":\"https:\\\/\\\/boeimige.ch\\\/#website\"},\"primaryImageOfPage\":{\"@id\":\"https:\\\/\\\/boeimige.ch\\\/?p=5026#primaryimage\"},\"image\":{\"@id\":\"https:\\\/\\\/boeimige.ch\\\/?p=5026#primaryimage\"},\"thumbnailUrl\":\"https:\\\/\\\/boeimige.ch\\\/wp-content\\\/uploads\\\/2016\\\/03\\\/img_0828-768x1024.jpg\",\"datePublished\":\"2024-04-15T11:13:26+00:00\",\"breadcrumb\":{\"@id\":\"https:\\\/\\\/boeimige.ch\\\/?p=5026#breadcrumb\"},\"inLanguage\":\"de\",\"potentialAction\":[{\"@type\":\"ReadAction\",\"target\":[\"https:\\\/\\\/boeimige.ch\\\/?p=5026\"]}]},{\"@type\":\"ImageObject\",\"inLanguage\":\"de\",\"@id\":\"https:\\\/\\\/boeimige.ch\\\/?p=5026#primaryimage\",\"url\":\"https:\\\/\\\/boeimige.ch\\\/wp-content\\\/uploads\\\/2016\\\/03\\\/img_0828-scaled.jpg\",\"contentUrl\":\"https:\\\/\\\/boeimige.ch\\\/wp-content\\\/uploads\\\/2016\\\/03\\\/img_0828-scaled.jpg\",\"width\":1920,\"height\":2560},{\"@type\":\"BreadcrumbList\",\"@id\":\"https:\\\/\\\/boeimige.ch\\\/?p=5026#breadcrumb\",\"itemListElement\":[{\"@type\":\"ListItem\",\"position\":1,\"name\":\"Start\",\"item\":\"https:\\\/\\\/boeimige.ch\\\/\"},{\"@type\":\"ListItem\",\"position\":2,\"name\":\"Wald-Gwunder-Tag am 27. April 2024\"}]},{\"@type\":\"WebSite\",\"@id\":\"https:\\\/\\\/boeimige.ch\\\/#website\",\"url\":\"https:\\\/\\\/boeimige.ch\\\/\",\"name\":\"B\u00f6imige Naturprojekte\",\"description\":\"Waldspielgruppe und Walderlebnisse in Worb\",\"publisher\":{\"@id\":\"https:\\\/\\\/boeimige.ch\\\/#organization\"},\"potentialAction\":[{\"@type\":\"SearchAction\",\"target\":{\"@type\":\"EntryPoint\",\"urlTemplate\":\"https:\\\/\\\/boeimige.ch\\\/?s={search_term_string}\"},\"query-input\":{\"@type\":\"PropertyValueSpecification\",\"valueRequired\":true,\"valueName\":\"search_term_string\"}}],\"inLanguage\":\"de\"},{\"@type\":\"Organization\",\"@id\":\"https:\\\/\\\/boeimige.ch\\\/#organization\",\"name\":\"B\u00f6imige Naturprojekte\",\"url\":\"https:\\\/\\\/boeimige.ch\\\/\",\"logo\":{\"@type\":\"ImageObject\",\"inLanguage\":\"de\",\"@id\":\"https:\\\/\\\/boeimige.ch\\\/#\\\/schema\\\/logo\\\/image\\\/\",\"url\":\"https:\\\/\\\/boeimige.ch\\\/wp-content\\\/uploads\\\/2026\\\/08\\\/Logo-neu_farbig-scaled.png\",\"contentUrl\":\"https:\\\/\\\/boeimige.ch\\\/wp-content\\\/uploads\\\/2026\\\/08\\\/Logo-neu_farbig-scaled.png\",\"width\":2318,\"height\":2560,\"caption\":\"B\u00f6imige Naturprojekte\"},\"image\":{\"@id\":\"https:\\\/\\\/boeimige.ch\\\/#\\\/schema\\\/logo\\\/image\\\/\"},\"sameAs\":[\"https:\\\/\\\/www.facebook.com\\\/Eggwald3076\",\"https:\\\/\\\/www.instagram.com\\\/boeimige_waldspielgruppe?igsh=N2M2Ymt2bGVrYTEx&utm_source=qr\"]},{\"@type\":\"Person\",\"@id\":\"https:\\\/\\\/boeimige.ch\\\/#\\\/schema\\\/person\\\/9228b199a4bf1a502c3b3e0e368604f8\",\"name\":\"admin\",\"image\":{\"@type\":\"ImageObject\",\"inLanguage\":\"de\",\"@id\":\"https:\\\/\\\/secure.gravatar.com\\\/avatar\\\/b476a0bf638c3f6b12f015e2f56efbe5b26c86811ca104ed3790d31ece5b0833?s=96&d=mm&r=g\",\"url\":\"https:\\\/\\\/secure.gravatar.com\\\/avatar\\\/b476a0bf638c3f6b12f015e2f56efbe5b26c86811ca104ed3790d31ece5b0833?s=96&d=mm&r=g\",\"contentUrl\":\"https:\\\/\\\/secure.gravatar.com\\\/avatar\\\/b476a0bf638c3f6b12f015e2f56efbe5b26c86811ca104ed3790d31ece5b0833?s=96&d=mm&r=g\",\"caption\":\"admin\"},\"url\":\"https:\\\/\\\/boeimige.ch\\\/?author=1\"}]}<\/script>\n<!-- \/ Yoast SEO plugin. -->","yoast_head_json":{"title":"Wald-Gwunder-Tag am 27. April 2024 - B\u00f6imige Naturprojekte","robots":{"index":"index","follow":"follow","max-snippet":"max-snippet:-1","max-image-preview":"max-image-preview:large","max-video-preview":"max-video-preview:-1"},"canonical":"https:\/\/boeimige.ch\/?p=5026","og_locale":"de_DE","og_type":"article","og_title":"Wald-Gwunder-Tag am 27. April 2024 - B\u00f6imige Naturprojekte","og_description":"Den Wald mit allen Sinnen erleben, unter dem Bl\u00e4tterdach einen Fr\u00fchlingstag geniessen und sich am Abend eine feines Znacht vom Feuer g\u00f6nnen? Wir freuen uns auf euch! Klicke hier und du findest alle weiteren Infos zum Anlass.","og_url":"https:\/\/boeimige.ch\/?p=5026","og_site_name":"B\u00f6imige Naturprojekte","article_publisher":"https:\/\/www.facebook.com\/Eggwald3076","article_published_time":"2024-04-15T11:13:26+00:00","og_image":[{"width":1920,"height":2560,"url":"https:\/\/boeimige.ch\/wp-content\/uploads\/2016\/03\/img_0828-scaled.jpg","type":"image\/jpeg"}],"author":"admin","twitter_card":"summary_large_image","twitter_misc":{"Verfasst von":"admin"},"schema":{"@context":"https:\/\/schema.org","@graph":[{"@type":"Article","@id":"https:\/\/boeimige.ch\/?p=5026#article","isPartOf":{"@id":"https:\/\/boeimige.ch\/?p=5026"},"author":{"name":"admin","@id":"https:\/\/boeimige.ch\/#\/schema\/person\/9228b199a4bf1a502c3b3e0e368604f8"},"headline":"Wald-Gwunder-Tag am 27. April 2024","datePublished":"2024-04-15T11:13:26+00:00","mainEntityOfPage":{"@id":"https:\/\/boeimige.ch\/?p=5026"},"wordCount":43,"publisher":{"@id":"https:\/\/boeimige.ch\/#organization"},"image":{"@id":"https:\/\/boeimige.ch\/?p=5026#primaryimage"},"thumbnailUrl":"https:\/\/boeimige.ch\/wp-content\/uploads\/2016\/03\/img_0828-768x1024.jpg","articleSection":["Uncategorized"],"inLanguage":"de"},{"@type":"WebPage","@id":"https:\/\/boeimige.ch\/?p=5026","url":"https:\/\/boeimige.ch\/?p=5026","name":"Wald-Gwunder-Tag am 27. April 2024 - B\u00f6imige Naturprojekte","isPartOf":{"@id":"https:\/\/boeimige.ch\/#website"},"primaryImageOfPage":{"@id":"https:\/\/boeimige.ch\/?p=5026#primaryimage"},"image":{"@id":"https:\/\/boeimige.ch\/?p=5026#primaryimage"},"thumbnailUrl":"https:\/\/boeimige.ch\/wp-content\/uploads\/2016\/03\/img_0828-768x1024.jpg","datePublished":"2024-04-15T11:13:26+00:00","breadcrumb":{"@id":"https:\/\/boeimige.ch\/?p=5026#breadcrumb"},"inLanguage":"de","potentialAction":[{"@type":"ReadAction","target":["https:\/\/boeimige.ch\/?p=5026"]}]},{"@type":"ImageObject","inLanguage":"de","@id":"https:\/\/boeimige.ch\/?p=5026#primaryimage","url":"https:\/\/boeimige.ch\/wp-content\/uploads\/2016\/03\/img_0828-scaled.jpg","contentUrl":"https:\/\/boeimige.ch\/wp-content\/uploads\/2016\/03\/img_0828-scaled.jpg","width":1920,"height":2560},{"@type":"BreadcrumbList","@id":"https:\/\/boeimige.ch\/?p=5026#breadcrumb","itemListElement":[{"@type":"ListItem","position":1,"name":"Start","item":"https:\/\/boeimige.ch\/"},{"@type":"ListItem","position":2,"name":"Wald-Gwunder-Tag am 27. April 2024"}]},{"@type":"WebSite","@id":"https:\/\/boeimige.ch\/#website","url":"https:\/\/boeimige.ch\/","name":"B\u00f6imige Naturprojekte","description":"Waldspielgruppe und Walderlebnisse in Worb","publisher":{"@id":"https:\/\/boeimige.ch\/#organization"},"potentialAction":[{"@type":"SearchAction","target":{"@type":"EntryPoint","urlTemplate":"https:\/\/boeimige.ch\/?s={search_term_string}"},"query-input":{"@type":"PropertyValueSpecification","valueRequired":true,"valueName":"search_term_string"}}],"inLanguage":"de"},{"@type":"Organization","@id":"https:\/\/boeimige.ch\/#organization","name":"B\u00f6imige Naturprojekte","url":"https:\/\/boeimige.ch\/","logo":{"@type":"ImageObject","inLanguage":"de","@id":"https:\/\/boeimige.ch\/#\/schema\/logo\/image\/","url":"https:\/\/boeimige.ch\/wp-content\/uploads\/2026\/08\/Logo-neu_farbig-scaled.png","contentUrl":"https:\/\/boeimige.ch\/wp-content\/uploads\/2026\/08\/Logo-neu_farbig-scaled.png","width":2318,"height":2560,"caption":"B\u00f6imige Naturprojekte"},"image":{"@id":"https:\/\/boeimige.ch\/#\/schema\/logo\/image\/"},"sameAs":["https:\/\/www.facebook.com\/Eggwald3076","https:\/\/www.instagram.com\/boeimige_waldspielgruppe?igsh=N2M2Ymt2bGVrYTEx&utm_source=qr"]},{"@type":"Person","@id":"https:\/\/boeimige.ch\/#\/schema\/person\/9228b199a4bf1a502c3b3e0e368604f8","name":"admin","image":{"@type":"ImageObject","inLanguage":"de","@id":"https:\/\/secure.gravatar.com\/avatar\/b476a0bf638c3f6b12f015e2f56efbe5b26c86811ca104ed3790d31ece5b0833?s=96&d=mm&r=g","url":"https:\/\/secure.gravatar.com\/avatar\/b476a0bf638c3f6b12f015e2f56efbe5b26c86811ca104ed3790d31ece5b0833?s=96&d=mm&r=g","contentUrl":"https:\/\/secure.gravatar.com\/avatar\/b476a0bf638c3f6b12f015e2f56efbe5b26c86811ca104ed3790d31ece5b0833?s=96&d=mm&r=g","caption":"admin"},"url":"https:\/\/boeimige.ch\/?author=1"}]}},"_links":{"self":[{"href":"https:\/\/boeimige.ch\/index.php?rest_route=\/wp\/v2\/posts\/5026","targetHints":{"allow":["GET"]}}],"collection":[{"href":"https:\/\/boeimige.ch\/index.php?rest_route=\/wp\/v2\/posts"}],"about":[{"href":"https:\/\/boeimige.ch\/index.php?rest_route=\/wp\/v2\/types\/post"}],"author":[{"embeddable":true,"href":"https:\/\/boeimige.ch\/index.php?rest_route=\/wp\/v2\/users\/1"}],"replies":[{"embeddable":true,"href":"https:\/\/boeimige.ch\/index.php?rest_route=%2Fwp%2Fv2%2Fcomments&post=5026"}],"version-history":[{"count":1,"href":"https:\/\/boeimige.ch\/index.php?rest_route=\/wp\/v2\/posts\/5026\/revisions"}],"predecessor-version":[{"id":5027,"href":"https:\/\/boeimige.ch\/index.php?rest_route=\/wp\/v2\/posts\/5026\/revisions\/5027"}],"wp:attachment":[{"href":"https:\/\/boeimige.ch\/index.php?rest_route=%2Fwp%2Fv2%2Fmedia&parent=5026"}],"wp:term":[{"taxonomy":"category","embeddable":true,"href":"https:\/\/boeimige.ch\/index.php?rest_route=%2Fwp%2Fv2%2Fcategories&post=5026"},{"taxonomy":"post_tag","embeddable":true,"href":"https:\/\/boeimige.ch\/index.php?rest_route=%2Fwp%2Fv2%2Ftags&post=5026"}],"curies":[{"name":"wp","href":"https:\/\/api.w.org\/{rel}","templated":true}]}}