{"id":5327,"date":"2025-02-05T13:51:00","date_gmt":"2025-02-05T13:51:00","guid":{"rendered":"https:\/\/boeimige.ch\/?p=5327"},"modified":"2025-02-05T13:54:34","modified_gmt":"2025-02-05T13:54:34","slug":"marianne-zieht-im-august-weiter","status":"publish","type":"post","link":"https:\/\/boeimige.ch\/?p=5327","title":{"rendered":"Marianne zieht im August weiter&#8230;"},"content":{"rendered":"\n<p class=\"wp-block-paragraph\">Vor f\u00fcnf Jahren ist Marianne Grimm als Begleitperson zu den B\u00f6imigen Naturprojekten gestossen. Seit M\u00e4rz 21 leitet sie die Waldspielgruppe, ist zust\u00e4ndig f\u00fcr Werbung und Auftritt, hat unz\u00e4hlige goldene Ideen ausgeheckt und umgesetzt, Beziehungen gepflegt und mit ihrer Kreativit\u00e4t die B\u00f6imigen stark mitgepr\u00e4gt.<\/p>\n\n\n\n<p class=\"wp-block-paragraph\">Im Sommer 2025 wird sie weiterziehen. Es freut uns sehr, dass sie nach M\u00f6glichkeit hin und wieder f\u00fcr einen Ferienspass, eine Stellvertretung oder einen Workshop bei unserem Waldsofa anzutreffen ist und im Vorstand aktiv bleiben wird. Jetzt schon ein grosses Dankesch\u00f6n f\u00fcr alles! <\/p>\n\n\n\n<p class=\"wp-block-paragraph\">Damit wird ab August 2025 eine Stelle als Co-Leitung der Waldspielgruppe frei. Wer wird donnerstags jeweils mit uns im Wald unterwegs sein? <\/p>\n\n\n\n<p class=\"wp-block-paragraph\"><\/p>\n\n\n\n<figure class=\"wp-block-gallery has-nested-images columns-default is-cropped wp-block-gallery-1 is-layout-flex wp-block-gallery-is-layout-flex\">\n<figure class=\"wp-block-image size-large\"><img loading=\"lazy\" decoding=\"async\" width=\"768\" height=\"1024\" data-id=\"5331\" src=\"https:\/\/boeimige.ch\/wp-content\/uploads\/2025\/02\/IMG_20210825_145632_1-768x1024.jpg\" alt=\"\" class=\"wp-image-5331\" srcset=\"https:\/\/boeimige.ch\/wp-content\/uploads\/2025\/02\/IMG_20210825_145632_1-768x1024.jpg 768w, https:\/\/boeimige.ch\/wp-content\/uploads\/2025\/02\/IMG_20210825_145632_1-225x300.jpg 225w, https:\/\/boeimige.ch\/wp-content\/uploads\/2025\/02\/IMG_20210825_145632_1-1152x1536.jpg 1152w, https:\/\/boeimige.ch\/wp-content\/uploads\/2025\/02\/IMG_20210825_145632_1-1536x2048.jpg 1536w, https:\/\/boeimige.ch\/wp-content\/uploads\/2025\/02\/IMG_20210825_145632_1-scaled.jpg 1920w\" sizes=\"auto, (max-width: 768px) 100vw, 768px\" \/><\/figure>\n\n\n\n<figure class=\"wp-block-image size-large\"><img loading=\"lazy\" decoding=\"async\" width=\"1024\" height=\"768\" data-id=\"5330\" src=\"https:\/\/boeimige.ch\/wp-content\/uploads\/2025\/02\/IMG_20210825_144807_1-1024x768.jpg\" alt=\"\" class=\"wp-image-5330\" srcset=\"https:\/\/boeimige.ch\/wp-content\/uploads\/2025\/02\/IMG_20210825_144807_1-1024x768.jpg 1024w, https:\/\/boeimige.ch\/wp-content\/uploads\/2025\/02\/IMG_20210825_144807_1-300x225.jpg 300w, https:\/\/boeimige.ch\/wp-content\/uploads\/2025\/02\/IMG_20210825_144807_1-768x576.jpg 768w, https:\/\/boeimige.ch\/wp-content\/uploads\/2025\/02\/IMG_20210825_144807_1-1536x1152.jpg 1536w, https:\/\/boeimige.ch\/wp-content\/uploads\/2025\/02\/IMG_20210825_144807_1-2048x1536.jpg 2048w, https:\/\/boeimige.ch\/wp-content\/uploads\/2025\/02\/IMG_20210825_144807_1-400x300.jpg 400w\" sizes=\"auto, (max-width: 1024px) 100vw, 1024px\" \/><\/figure>\n\n\n\n<figure class=\"wp-block-image size-large\"><img loading=\"lazy\" decoding=\"async\" width=\"768\" height=\"1024\" data-id=\"5329\" src=\"https:\/\/boeimige.ch\/wp-content\/uploads\/2025\/02\/IMG_20210822_171639-768x1024.jpg\" alt=\"\" class=\"wp-image-5329\" srcset=\"https:\/\/boeimige.ch\/wp-content\/uploads\/2025\/02\/IMG_20210822_171639-768x1024.jpg 768w, https:\/\/boeimige.ch\/wp-content\/uploads\/2025\/02\/IMG_20210822_171639-225x300.jpg 225w, https:\/\/boeimige.ch\/wp-content\/uploads\/2025\/02\/IMG_20210822_171639-1152x1536.jpg 1152w, https:\/\/boeimige.ch\/wp-content\/uploads\/2025\/02\/IMG_20210822_171639-1536x2048.jpg 1536w, https:\/\/boeimige.ch\/wp-content\/uploads\/2025\/02\/IMG_20210822_171639-scaled.jpg 1920w\" sizes=\"auto, (max-width: 768px) 100vw, 768px\" \/><\/figure>\n\n\n\n<figure class=\"wp-block-image size-large\"><img loading=\"lazy\" decoding=\"async\" width=\"768\" height=\"1024\" data-id=\"5328\" src=\"https:\/\/boeimige.ch\/wp-content\/uploads\/2025\/02\/IMG_20210822_171559_1-768x1024.jpg\" alt=\"\" class=\"wp-image-5328\" srcset=\"https:\/\/boeimige.ch\/wp-content\/uploads\/2025\/02\/IMG_20210822_171559_1-768x1024.jpg 768w, https:\/\/boeimige.ch\/wp-content\/uploads\/2025\/02\/IMG_20210822_171559_1-225x300.jpg 225w, https:\/\/boeimige.ch\/wp-content\/uploads\/2025\/02\/IMG_20210822_171559_1-1152x1536.jpg 1152w, https:\/\/boeimige.ch\/wp-content\/uploads\/2025\/02\/IMG_20210822_171559_1-1536x2048.jpg 1536w, https:\/\/boeimige.ch\/wp-content\/uploads\/2025\/02\/IMG_20210822_171559_1-scaled.jpg 1920w\" sizes=\"auto, (max-width: 768px) 100vw, 768px\" \/><\/figure>\n<\/figure>\n","protected":false},"excerpt":{"rendered":"<p>Vor f\u00fcnf Jahren ist Marianne Grimm als Begleitperson zu den B\u00f6imigen Naturprojekten gestossen. Seit M\u00e4rz 21 leitet sie die Waldspielgruppe, ist zust\u00e4ndig f\u00fcr Werbung und Auftritt, hat unz\u00e4hlige goldene Ideen ausgeheckt und umgesetzt, Beziehungen gepflegt und mit ihrer Kreativit\u00e4t die &hellip; <a href=\"https:\/\/boeimige.ch\/?p=5327\">Weiterlesen <span class=\"meta-nav\">&rarr;<\/span><\/a><\/p>\n","protected":false},"author":1,"featured_media":0,"comment_status":"closed","ping_status":"closed","sticky":false,"template":"","format":"standard","meta":{"footnotes":""},"categories":[1],"tags":[],"class_list":["post-5327","post","type-post","status-publish","format-standard","hentry","category-uncategorized"],"yoast_head":"<!-- This site is optimized with the Yoast SEO plugin v28.3 - https:\/\/yoast.com\/product\/yoast-seo-wordpress\/ -->\n<title>Marianne zieht im August weiter... - B\u00f6imige Naturprojekte<\/title>\n<meta name=\"robots\" content=\"index, follow, max-snippet:-1, max-image-preview:large, max-video-preview:-1\" \/>\n<link rel=\"canonical\" href=\"https:\/\/boeimige.ch\/?p=5327\" \/>\n<meta property=\"og:locale\" content=\"de_DE\" \/>\n<meta property=\"og:type\" content=\"article\" \/>\n<meta property=\"og:title\" content=\"Marianne zieht im August weiter... - B\u00f6imige Naturprojekte\" \/>\n<meta property=\"og:description\" content=\"Vor f\u00fcnf Jahren ist Marianne Grimm als Begleitperson zu den B\u00f6imigen Naturprojekten gestossen. Seit M\u00e4rz 21 leitet sie die Waldspielgruppe, ist zust\u00e4ndig f\u00fcr Werbung und Auftritt, hat unz\u00e4hlige goldene Ideen ausgeheckt und umgesetzt, Beziehungen gepflegt und mit ihrer Kreativit\u00e4t die &hellip; Weiterlesen &rarr;\" \/>\n<meta property=\"og:url\" content=\"https:\/\/boeimige.ch\/?p=5327\" \/>\n<meta property=\"og:site_name\" content=\"B\u00f6imige Naturprojekte\" \/>\n<meta property=\"article:publisher\" content=\"https:\/\/www.facebook.com\/Eggwald3076\" \/>\n<meta property=\"article:published_time\" content=\"2025-02-05T13:51:00+00:00\" \/>\n<meta property=\"article:modified_time\" content=\"2025-02-05T13:54:34+00:00\" \/>\n<meta property=\"og:image\" content=\"https:\/\/boeimige.ch\/wp-content\/uploads\/2025\/02\/IMG_20210825_145632_1-scaled.jpg\" \/>\n\t<meta property=\"og:image:width\" content=\"1920\" \/>\n\t<meta property=\"og:image:height\" content=\"2560\" \/>\n\t<meta property=\"og:image:type\" content=\"image\/jpeg\" \/>\n<meta name=\"author\" content=\"admin\" \/>\n<meta name=\"twitter:card\" content=\"summary_large_image\" \/>\n<meta name=\"twitter:label1\" content=\"Verfasst von\" \/>\n\t<meta name=\"twitter:data1\" content=\"admin\" \/>\n\t<meta name=\"twitter:label2\" content=\"Gesch\u00e4tzte Lesezeit\" \/>\n\t<meta name=\"twitter:data2\" content=\"1\u00a0Minute\" \/>\n<script type=\"application\/ld+json\" class=\"yoast-schema-graph\">{\"@context\":\"https:\\\/\\\/schema.org\",\"@graph\":[{\"@type\":\"Article\",\"@id\":\"https:\\\/\\\/boeimige.ch\\\/?p=5327#article\",\"isPartOf\":{\"@id\":\"https:\\\/\\\/boeimige.ch\\\/?p=5327\"},\"author\":{\"name\":\"admin\",\"@id\":\"https:\\\/\\\/boeimige.ch\\\/#\\\/schema\\\/person\\\/9228b199a4bf1a502c3b3e0e368604f8\"},\"headline\":\"Marianne zieht im August weiter&#8230;\",\"datePublished\":\"2025-02-05T13:51:00+00:00\",\"dateModified\":\"2025-02-05T13:54:34+00:00\",\"mainEntityOfPage\":{\"@id\":\"https:\\\/\\\/boeimige.ch\\\/?p=5327\"},\"wordCount\":123,\"publisher\":{\"@id\":\"https:\\\/\\\/boeimige.ch\\\/#organization\"},\"image\":{\"@id\":\"https:\\\/\\\/boeimige.ch\\\/?p=5327#primaryimage\"},\"thumbnailUrl\":\"https:\\\/\\\/boeimige.ch\\\/wp-content\\\/uploads\\\/2025\\\/02\\\/IMG_20210825_145632_1-768x1024.jpg\",\"articleSection\":[\"Uncategorized\"],\"inLanguage\":\"de\"},{\"@type\":\"WebPage\",\"@id\":\"https:\\\/\\\/boeimige.ch\\\/?p=5327\",\"url\":\"https:\\\/\\\/boeimige.ch\\\/?p=5327\",\"name\":\"Marianne zieht im August weiter... - B\u00f6imige Naturprojekte\",\"isPartOf\":{\"@id\":\"https:\\\/\\\/boeimige.ch\\\/#website\"},\"primaryImageOfPage\":{\"@id\":\"https:\\\/\\\/boeimige.ch\\\/?p=5327#primaryimage\"},\"image\":{\"@id\":\"https:\\\/\\\/boeimige.ch\\\/?p=5327#primaryimage\"},\"thumbnailUrl\":\"https:\\\/\\\/boeimige.ch\\\/wp-content\\\/uploads\\\/2025\\\/02\\\/IMG_20210825_145632_1-768x1024.jpg\",\"datePublished\":\"2025-02-05T13:51:00+00:00\",\"dateModified\":\"2025-02-05T13:54:34+00:00\",\"breadcrumb\":{\"@id\":\"https:\\\/\\\/boeimige.ch\\\/?p=5327#breadcrumb\"},\"inLanguage\":\"de\",\"potentialAction\":[{\"@type\":\"ReadAction\",\"target\":[\"https:\\\/\\\/boeimige.ch\\\/?p=5327\"]}]},{\"@type\":\"ImageObject\",\"inLanguage\":\"de\",\"@id\":\"https:\\\/\\\/boeimige.ch\\\/?p=5327#primaryimage\",\"url\":\"https:\\\/\\\/boeimige.ch\\\/wp-content\\\/uploads\\\/2025\\\/02\\\/IMG_20210825_145632_1-scaled.jpg\",\"contentUrl\":\"https:\\\/\\\/boeimige.ch\\\/wp-content\\\/uploads\\\/2025\\\/02\\\/IMG_20210825_145632_1-scaled.jpg\",\"width\":1920,\"height\":2560,\"caption\":\"{\\\"capture_mode\\\":\\\"AutoModule\\\",\\\"faces\\\":[]}\"},{\"@type\":\"BreadcrumbList\",\"@id\":\"https:\\\/\\\/boeimige.ch\\\/?p=5327#breadcrumb\",\"itemListElement\":[{\"@type\":\"ListItem\",\"position\":1,\"name\":\"Start\",\"item\":\"https:\\\/\\\/boeimige.ch\\\/\"},{\"@type\":\"ListItem\",\"position\":2,\"name\":\"Marianne zieht im August weiter&#8230;\"}]},{\"@type\":\"WebSite\",\"@id\":\"https:\\\/\\\/boeimige.ch\\\/#website\",\"url\":\"https:\\\/\\\/boeimige.ch\\\/\",\"name\":\"B\u00f6imige Naturprojekte\",\"description\":\"Waldspielgruppe und Walderlebnisse in Worb\",\"publisher\":{\"@id\":\"https:\\\/\\\/boeimige.ch\\\/#organization\"},\"potentialAction\":[{\"@type\":\"SearchAction\",\"target\":{\"@type\":\"EntryPoint\",\"urlTemplate\":\"https:\\\/\\\/boeimige.ch\\\/?s={search_term_string}\"},\"query-input\":{\"@type\":\"PropertyValueSpecification\",\"valueRequired\":true,\"valueName\":\"search_term_string\"}}],\"inLanguage\":\"de\"},{\"@type\":\"Organization\",\"@id\":\"https:\\\/\\\/boeimige.ch\\\/#organization\",\"name\":\"B\u00f6imige Naturprojekte\",\"url\":\"https:\\\/\\\/boeimige.ch\\\/\",\"logo\":{\"@type\":\"ImageObject\",\"inLanguage\":\"de\",\"@id\":\"https:\\\/\\\/boeimige.ch\\\/#\\\/schema\\\/logo\\\/image\\\/\",\"url\":\"https:\\\/\\\/boeimige.ch\\\/wp-content\\\/uploads\\\/2026\\\/08\\\/Logo-neu_farbig-scaled.png\",\"contentUrl\":\"https:\\\/\\\/boeimige.ch\\\/wp-content\\\/uploads\\\/2026\\\/08\\\/Logo-neu_farbig-scaled.png\",\"width\":2318,\"height\":2560,\"caption\":\"B\u00f6imige Naturprojekte\"},\"image\":{\"@id\":\"https:\\\/\\\/boeimige.ch\\\/#\\\/schema\\\/logo\\\/image\\\/\"},\"sameAs\":[\"https:\\\/\\\/www.facebook.com\\\/Eggwald3076\",\"https:\\\/\\\/www.instagram.com\\\/boeimige_waldspielgruppe?igsh=N2M2Ymt2bGVrYTEx&utm_source=qr\"]},{\"@type\":\"Person\",\"@id\":\"https:\\\/\\\/boeimige.ch\\\/#\\\/schema\\\/person\\\/9228b199a4bf1a502c3b3e0e368604f8\",\"name\":\"admin\",\"image\":{\"@type\":\"ImageObject\",\"inLanguage\":\"de\",\"@id\":\"https:\\\/\\\/secure.gravatar.com\\\/avatar\\\/b476a0bf638c3f6b12f015e2f56efbe5b26c86811ca104ed3790d31ece5b0833?s=96&d=mm&r=g\",\"url\":\"https:\\\/\\\/secure.gravatar.com\\\/avatar\\\/b476a0bf638c3f6b12f015e2f56efbe5b26c86811ca104ed3790d31ece5b0833?s=96&d=mm&r=g\",\"contentUrl\":\"https:\\\/\\\/secure.gravatar.com\\\/avatar\\\/b476a0bf638c3f6b12f015e2f56efbe5b26c86811ca104ed3790d31ece5b0833?s=96&d=mm&r=g\",\"caption\":\"admin\"},\"url\":\"https:\\\/\\\/boeimige.ch\\\/?author=1\"}]}<\/script>\n<!-- \/ Yoast SEO plugin. -->","yoast_head_json":{"title":"Marianne zieht im August weiter... - B\u00f6imige Naturprojekte","robots":{"index":"index","follow":"follow","max-snippet":"max-snippet:-1","max-image-preview":"max-image-preview:large","max-video-preview":"max-video-preview:-1"},"canonical":"https:\/\/boeimige.ch\/?p=5327","og_locale":"de_DE","og_type":"article","og_title":"Marianne zieht im August weiter... - B\u00f6imige Naturprojekte","og_description":"Vor f\u00fcnf Jahren ist Marianne Grimm als Begleitperson zu den B\u00f6imigen Naturprojekten gestossen. Seit M\u00e4rz 21 leitet sie die Waldspielgruppe, ist zust\u00e4ndig f\u00fcr Werbung und Auftritt, hat unz\u00e4hlige goldene Ideen ausgeheckt und umgesetzt, Beziehungen gepflegt und mit ihrer Kreativit\u00e4t die &hellip; Weiterlesen &rarr;","og_url":"https:\/\/boeimige.ch\/?p=5327","og_site_name":"B\u00f6imige Naturprojekte","article_publisher":"https:\/\/www.facebook.com\/Eggwald3076","article_published_time":"2025-02-05T13:51:00+00:00","article_modified_time":"2025-02-05T13:54:34+00:00","og_image":[{"width":1920,"height":2560,"url":"https:\/\/boeimige.ch\/wp-content\/uploads\/2025\/02\/IMG_20210825_145632_1-scaled.jpg","type":"image\/jpeg"}],"author":"admin","twitter_card":"summary_large_image","twitter_misc":{"Verfasst von":"admin","Gesch\u00e4tzte Lesezeit":"1\u00a0Minute"},"schema":{"@context":"https:\/\/schema.org","@graph":[{"@type":"Article","@id":"https:\/\/boeimige.ch\/?p=5327#article","isPartOf":{"@id":"https:\/\/boeimige.ch\/?p=5327"},"author":{"name":"admin","@id":"https:\/\/boeimige.ch\/#\/schema\/person\/9228b199a4bf1a502c3b3e0e368604f8"},"headline":"Marianne zieht im August weiter&#8230;","datePublished":"2025-02-05T13:51:00+00:00","dateModified":"2025-02-05T13:54:34+00:00","mainEntityOfPage":{"@id":"https:\/\/boeimige.ch\/?p=5327"},"wordCount":123,"publisher":{"@id":"https:\/\/boeimige.ch\/#organization"},"image":{"@id":"https:\/\/boeimige.ch\/?p=5327#primaryimage"},"thumbnailUrl":"https:\/\/boeimige.ch\/wp-content\/uploads\/2025\/02\/IMG_20210825_145632_1-768x1024.jpg","articleSection":["Uncategorized"],"inLanguage":"de"},{"@type":"WebPage","@id":"https:\/\/boeimige.ch\/?p=5327","url":"https:\/\/boeimige.ch\/?p=5327","name":"Marianne zieht im August weiter... - B\u00f6imige Naturprojekte","isPartOf":{"@id":"https:\/\/boeimige.ch\/#website"},"primaryImageOfPage":{"@id":"https:\/\/boeimige.ch\/?p=5327#primaryimage"},"image":{"@id":"https:\/\/boeimige.ch\/?p=5327#primaryimage"},"thumbnailUrl":"https:\/\/boeimige.ch\/wp-content\/uploads\/2025\/02\/IMG_20210825_145632_1-768x1024.jpg","datePublished":"2025-02-05T13:51:00+00:00","dateModified":"2025-02-05T13:54:34+00:00","breadcrumb":{"@id":"https:\/\/boeimige.ch\/?p=5327#breadcrumb"},"inLanguage":"de","potentialAction":[{"@type":"ReadAction","target":["https:\/\/boeimige.ch\/?p=5327"]}]},{"@type":"ImageObject","inLanguage":"de","@id":"https:\/\/boeimige.ch\/?p=5327#primaryimage","url":"https:\/\/boeimige.ch\/wp-content\/uploads\/2025\/02\/IMG_20210825_145632_1-scaled.jpg","contentUrl":"https:\/\/boeimige.ch\/wp-content\/uploads\/2025\/02\/IMG_20210825_145632_1-scaled.jpg","width":1920,"height":2560,"caption":"{\"capture_mode\":\"AutoModule\",\"faces\":[]}"},{"@type":"BreadcrumbList","@id":"https:\/\/boeimige.ch\/?p=5327#breadcrumb","itemListElement":[{"@type":"ListItem","position":1,"name":"Start","item":"https:\/\/boeimige.ch\/"},{"@type":"ListItem","position":2,"name":"Marianne zieht im August weiter&#8230;"}]},{"@type":"WebSite","@id":"https:\/\/boeimige.ch\/#website","url":"https:\/\/boeimige.ch\/","name":"B\u00f6imige Naturprojekte","description":"Waldspielgruppe und Walderlebnisse in Worb","publisher":{"@id":"https:\/\/boeimige.ch\/#organization"},"potentialAction":[{"@type":"SearchAction","target":{"@type":"EntryPoint","urlTemplate":"https:\/\/boeimige.ch\/?s={search_term_string}"},"query-input":{"@type":"PropertyValueSpecification","valueRequired":true,"valueName":"search_term_string"}}],"inLanguage":"de"},{"@type":"Organization","@id":"https:\/\/boeimige.ch\/#organization","name":"B\u00f6imige Naturprojekte","url":"https:\/\/boeimige.ch\/","logo":{"@type":"ImageObject","inLanguage":"de","@id":"https:\/\/boeimige.ch\/#\/schema\/logo\/image\/","url":"https:\/\/boeimige.ch\/wp-content\/uploads\/2026\/08\/Logo-neu_farbig-scaled.png","contentUrl":"https:\/\/boeimige.ch\/wp-content\/uploads\/2026\/08\/Logo-neu_farbig-scaled.png","width":2318,"height":2560,"caption":"B\u00f6imige Naturprojekte"},"image":{"@id":"https:\/\/boeimige.ch\/#\/schema\/logo\/image\/"},"sameAs":["https:\/\/www.facebook.com\/Eggwald3076","https:\/\/www.instagram.com\/boeimige_waldspielgruppe?igsh=N2M2Ymt2bGVrYTEx&utm_source=qr"]},{"@type":"Person","@id":"https:\/\/boeimige.ch\/#\/schema\/person\/9228b199a4bf1a502c3b3e0e368604f8","name":"admin","image":{"@type":"ImageObject","inLanguage":"de","@id":"https:\/\/secure.gravatar.com\/avatar\/b476a0bf638c3f6b12f015e2f56efbe5b26c86811ca104ed3790d31ece5b0833?s=96&d=mm&r=g","url":"https:\/\/secure.gravatar.com\/avatar\/b476a0bf638c3f6b12f015e2f56efbe5b26c86811ca104ed3790d31ece5b0833?s=96&d=mm&r=g","contentUrl":"https:\/\/secure.gravatar.com\/avatar\/b476a0bf638c3f6b12f015e2f56efbe5b26c86811ca104ed3790d31ece5b0833?s=96&d=mm&r=g","caption":"admin"},"url":"https:\/\/boeimige.ch\/?author=1"}]}},"_links":{"self":[{"href":"https:\/\/boeimige.ch\/index.php?rest_route=\/wp\/v2\/posts\/5327","targetHints":{"allow":["GET"]}}],"collection":[{"href":"https:\/\/boeimige.ch\/index.php?rest_route=\/wp\/v2\/posts"}],"about":[{"href":"https:\/\/boeimige.ch\/index.php?rest_route=\/wp\/v2\/types\/post"}],"author":[{"embeddable":true,"href":"https:\/\/boeimige.ch\/index.php?rest_route=\/wp\/v2\/users\/1"}],"replies":[{"embeddable":true,"href":"https:\/\/boeimige.ch\/index.php?rest_route=%2Fwp%2Fv2%2Fcomments&post=5327"}],"version-history":[{"count":5,"href":"https:\/\/boeimige.ch\/index.php?rest_route=\/wp\/v2\/posts\/5327\/revisions"}],"predecessor-version":[{"id":5336,"href":"https:\/\/boeimige.ch\/index.php?rest_route=\/wp\/v2\/posts\/5327\/revisions\/5336"}],"wp:attachment":[{"href":"https:\/\/boeimige.ch\/index.php?rest_route=%2Fwp%2Fv2%2Fmedia&parent=5327"}],"wp:term":[{"taxonomy":"category","embeddable":true,"href":"https:\/\/boeimige.ch\/index.php?rest_route=%2Fwp%2Fv2%2Fcategories&post=5327"},{"taxonomy":"post_tag","embeddable":true,"href":"https:\/\/boeimige.ch\/index.php?rest_route=%2Fwp%2Fv2%2Ftags&post=5327"}],"curies":[{"name":"wp","href":"https:\/\/api.w.org\/{rel}","templated":true}]}}