{"id":567,"date":"2017-02-06T13:55:21","date_gmt":"2017-02-06T12:55:21","guid":{"rendered":"http:\/\/boeimige.ch\/?p=567"},"modified":"2017-02-06T13:55:21","modified_gmt":"2017-02-06T12:55:21","slug":"waldpost-2-%c2%a6-201617","status":"publish","type":"post","link":"https:\/\/boeimige.ch\/?p=567","title":{"rendered":"Waldpost                                       2 \u00a6 2016\/17"},"content":{"rendered":"<p><img loading=\"lazy\" decoding=\"async\" class=\"alignnone size-full wp-image-569\" src=\"https:\/\/boeimigenaturprojektedotch.files.wordpress.com\/2017\/02\/waldpost_titel_neu.png\" alt=\"waldpost_titel_neu\" width=\"740\" height=\"120\" srcset=\"https:\/\/boeimige.ch\/wp-content\/uploads\/2017\/02\/waldpost_titel_neu.png 740w, https:\/\/boeimige.ch\/wp-content\/uploads\/2017\/02\/waldpost_titel_neu-300x49.png 300w\" sizes=\"auto, (max-width: 740px) 100vw, 740px\" \/>Schon dachten wir der Fr\u00fchling ist da und da hats wieder geschneit. Aber allzu lange wird es wohl nicht mehr dauern, bis der Wald wieder zart gr\u00fcn wird.<\/p>\n<p>Wir bieten euch eine farbenfrohe Palette von b\u00f6imigen Naturprojekten f\u00fcr Kinder jeden Alters. Ab sofort sind in allen Gruppen Pl\u00e4tze frei, wir freuen uns auf eure Anmeldung!<\/p>\n<p>Aber zuerst ein kurzer R\u00fcckblick:<\/p>\n<h2><b>R\u00fcckblick aus den Waldgruppen<\/b><\/h2>\n<h3><i>Walderlebnisse<\/i><\/h3>\n<p><img loading=\"lazy\" decoding=\"async\" class=\"  wp-image-581 alignright\" src=\"https:\/\/boeimigenaturprojektedotch.files.wordpress.com\/2017\/02\/img_4947.jpg\" alt=\"img_4947\" width=\"304\" height=\"228\" \/><\/p>\n<p>Der Winter hat uns einen tollen Schneetag beschert, es wurde gebaut was das Zeug h\u00e4lt. Von der Tischschneeh\u00fctte, \u00fcber den Schneemann und den Liegesessel bis zum richtigen Iglu nur aus Schnee, die Kreativit\u00e4t wurde voll ausgelebt.<\/p>\n<h3><i>Waldspielgruppe<\/i><\/h3>\n<p>Dieses Jahr hat uns der Eiskobold doch so einige Eistage beschert. Die Waldspielgruppenkinder haben schnell gemerkt, dass das Wichtigste bei Minustemperaturen ist: bewegen, bewegen und nochmals bewegen!<\/p>\n<p>Der Wurzelweg zu unserem Platz wurde schon bald in eine Rutschbahn umgewandelt.<\/p>\n<p><img loading=\"lazy\" decoding=\"async\" class=\"  wp-image-589 alignnone\" src=\"https:\/\/boeimigenaturprojektedotch.files.wordpress.com\/2017\/02\/img_4952.jpg\" alt=\"img_4952\" width=\"335\" height=\"252\" \/><img loading=\"lazy\" decoding=\"async\" class=\"alignnone  wp-image-594\" src=\"https:\/\/boeimigenaturprojektedotch.files.wordpress.com\/2017\/02\/img_4957.jpg\" alt=\"img_4957\" width=\"336\" height=\"252\" \/><\/p>\n<p>Das Iglu, welches die Walderlebniskinder gebaut haben, war der Hit!<\/p>\n<h2><b>Ausblick<\/b><\/h2>\n<h3><i>Himug\u00fcegeli<\/i><\/h3>\n<p>Ab dem 13. M\u00e4rz treffen wir uns wieder regelm\u00e4ssig jeden zweiten Montagvormittag. Neue Familien sind herzlich willkommen, es gibt freie Pl\u00e4tze! <span style=\"color:#1f497d;\"><a href=\"https:\/\/boeimige.ch\/angebot\/eltern-kindgruppe-himugueegeli\/\">Weitere Infos<\/a><br \/>\n<\/span><\/p>\n<h3><i>Waldspielgruppe<\/i><\/h3>\n<p>Im neuen Schuljahr, das heisst ab August 2017, findet die b\u00f6imige Waldspielgruppe jeweils am <b>Donnerstag<\/b> statt. Anmeldungen und Schnuppertage sind ab sofort m\u00f6glich. Gerne k\u00f6nnt ihr mit eurem Sohn \/eurer Tochter eine Weile oder einen ganzen Tag mitkommen, Waldluft schnuppern und mit dem Leitungsteam offene Fragen kl\u00e4ren.<span style=\"color:#1f497d;\"> <a href=\"https:\/\/boeimige.ch\/angebot\/waldspielgruppe\/\">Weitere Infos<\/a><br \/>\n<\/span><\/p>\n<h3><i>Walderlebnisse<\/i><\/h3>\n<p>F\u00fcr das zweite Halbjahr gibt es einige wenige freie Pl\u00e4tze! Die kommenden Daten sind: 11. Februar, 11. M\u00e4rz, 1. April, 13. Mai, 10. Juni. <span style=\"color:#1f497d;\"><a href=\"https:\/\/boeimige.ch\/angebot\/gruppen-dachse-fuechse\/\">Weitere Infos<\/a><br \/>\n<\/span><\/p>\n<h3><i>Jugendgruppe<\/i><\/h3>\n<p>Im M\u00e4rz starten wir mit der Jugendgruppe, Anmeldung bis Ende Februar.<span style=\"color:#1f497d;\"> <a href=\"https:\/\/boeimige.ch\/angebot\/jugendgruppe-luchse\/\">Weitere Infos<\/a><br \/>\n<\/span><\/p>\n<h3><i>Waldferienwoche<\/i><\/h3>\n<p>In der ersten Herbstferienwoche findet das Tageslager zum Thema Feuer statt. Kinder vom Kindergarten bis zur 4. Klasse sind herzlich willkommen. <span style=\"color:#1f497d;\"><a href=\"https:\/\/boeimige.ch\/waldferienwoche\/\">Weitere Infos<\/a><br \/>\n<\/span><\/p>\n<h3><i>Fr\u00fchlingsfest<\/i><\/h3>\n<p>Am 13. Mai findet unser Fr\u00fchlingsfest statt, reserviert euch das Datum schon jetzt!<\/p>\n<h3><i>Website<\/i><\/h3>\n<p style=\"text-align:left;\">Vielleicht habt ihrs <span style=\"color:#0f3c06;\">bemerkt,<\/span> wir haben der Einfachheit halber den Webseitennamen gek\u00fcrzt, ihr findet uns neu unter <a href=\"http:\/\/www.boeimige.ch\/\">www.boeimige.ch<\/a>, die bisherige Adresse l\u00e4uft aber noch eine Weile. Auch verk\u00fcrzen sich die Mailadressen neu auf <a href=\"mailto:info@boeimige.ch\">info@boeimige.ch<\/a> oder Vorname@boeimige.ch wenn ihr jemanden von uns direkt kontaktieren wollt. Auch hier laufen die alten Adressen noch eine Weile weiter.<\/p>\n","protected":false},"excerpt":{"rendered":"<p>Schon dachten wir der Fr\u00fchling ist da und da hats wieder geschneit. Aber allzu lange wird es wohl nicht mehr dauern, bis der Wald wieder zart gr\u00fcn wird. Wir bieten euch eine farbenfrohe Palette von b\u00f6imigen Naturprojekten f\u00fcr Kinder jeden &hellip; <a href=\"https:\/\/boeimige.ch\/?p=567\">Weiterlesen <span class=\"meta-nav\">&rarr;<\/span><\/a><\/p>\n","protected":false},"author":1,"featured_media":0,"comment_status":"closed","ping_status":"closed","sticky":false,"template":"","format":"standard","meta":{"footnotes":""},"categories":[6],"tags":[],"class_list":["post-567","post","type-post","status-publish","format-standard","hentry","category-waldpost"],"yoast_head":"<!-- This site is optimized with the Yoast SEO plugin v28.3 - https:\/\/yoast.com\/product\/yoast-seo-wordpress\/ -->\n<title>Waldpost                    2 \u00a6 2016\/17 - B\u00f6imige Naturprojekte<\/title>\n<meta name=\"robots\" content=\"index, follow, max-snippet:-1, max-image-preview:large, max-video-preview:-1\" \/>\n<link rel=\"canonical\" href=\"https:\/\/boeimige.ch\/?p=567\" \/>\n<meta property=\"og:locale\" content=\"de_DE\" \/>\n<meta property=\"og:type\" content=\"article\" \/>\n<meta property=\"og:title\" content=\"Waldpost                    2 \u00a6 2016\/17 - B\u00f6imige Naturprojekte\" \/>\n<meta property=\"og:description\" content=\"Schon dachten wir der Fr\u00fchling ist da und da hats wieder geschneit. Aber allzu lange wird es wohl nicht mehr dauern, bis der Wald wieder zart gr\u00fcn wird. Wir bieten euch eine farbenfrohe Palette von b\u00f6imigen Naturprojekten f\u00fcr Kinder jeden &hellip; Weiterlesen &rarr;\" \/>\n<meta property=\"og:url\" content=\"https:\/\/boeimige.ch\/?p=567\" \/>\n<meta property=\"og:site_name\" content=\"B\u00f6imige Naturprojekte\" \/>\n<meta property=\"article:publisher\" content=\"https:\/\/www.facebook.com\/Eggwald3076\" \/>\n<meta property=\"article:published_time\" content=\"2017-02-06T12:55:21+00:00\" \/>\n<meta property=\"og:image\" content=\"https:\/\/boeimige.ch\/wp-content\/uploads\/2017\/02\/waldpost_titel_neu.png\" \/>\n\t<meta property=\"og:image:width\" content=\"740\" \/>\n\t<meta property=\"og:image:height\" content=\"120\" \/>\n\t<meta property=\"og:image:type\" content=\"image\/png\" \/>\n<meta name=\"author\" content=\"admin\" \/>\n<meta name=\"twitter:card\" content=\"summary_large_image\" \/>\n<meta name=\"twitter:label1\" content=\"Verfasst von\" \/>\n\t<meta name=\"twitter:data1\" content=\"admin\" \/>\n\t<meta name=\"twitter:label2\" content=\"Gesch\u00e4tzte Lesezeit\" \/>\n\t<meta name=\"twitter:data2\" content=\"2\u00a0Minuten\" \/>\n<script type=\"application\/ld+json\" class=\"yoast-schema-graph\">{\"@context\":\"https:\\\/\\\/schema.org\",\"@graph\":[{\"@type\":\"Article\",\"@id\":\"https:\\\/\\\/boeimige.ch\\\/?p=567#article\",\"isPartOf\":{\"@id\":\"https:\\\/\\\/boeimige.ch\\\/?p=567\"},\"author\":{\"name\":\"admin\",\"@id\":\"https:\\\/\\\/boeimige.ch\\\/#\\\/schema\\\/person\\\/9228b199a4bf1a502c3b3e0e368604f8\"},\"headline\":\"Waldpost 2 \u00a6 2016\\\/17\",\"datePublished\":\"2017-02-06T12:55:21+00:00\",\"mainEntityOfPage\":{\"@id\":\"https:\\\/\\\/boeimige.ch\\\/?p=567\"},\"wordCount\":385,\"publisher\":{\"@id\":\"https:\\\/\\\/boeimige.ch\\\/#organization\"},\"image\":{\"@id\":\"https:\\\/\\\/boeimige.ch\\\/?p=567#primaryimage\"},\"thumbnailUrl\":\"https:\\\/\\\/boeimigenaturprojektedotch.files.wordpress.com\\\/2017\\\/02\\\/waldpost_titel_neu.png\",\"articleSection\":[\"Waldpost\"],\"inLanguage\":\"de\"},{\"@type\":\"WebPage\",\"@id\":\"https:\\\/\\\/boeimige.ch\\\/?p=567\",\"url\":\"https:\\\/\\\/boeimige.ch\\\/?p=567\",\"name\":\"Waldpost 2 \u00a6 2016\\\/17 - B\u00f6imige Naturprojekte\",\"isPartOf\":{\"@id\":\"https:\\\/\\\/boeimige.ch\\\/#website\"},\"primaryImageOfPage\":{\"@id\":\"https:\\\/\\\/boeimige.ch\\\/?p=567#primaryimage\"},\"image\":{\"@id\":\"https:\\\/\\\/boeimige.ch\\\/?p=567#primaryimage\"},\"thumbnailUrl\":\"https:\\\/\\\/boeimigenaturprojektedotch.files.wordpress.com\\\/2017\\\/02\\\/waldpost_titel_neu.png\",\"datePublished\":\"2017-02-06T12:55:21+00:00\",\"breadcrumb\":{\"@id\":\"https:\\\/\\\/boeimige.ch\\\/?p=567#breadcrumb\"},\"inLanguage\":\"de\",\"potentialAction\":[{\"@type\":\"ReadAction\",\"target\":[\"https:\\\/\\\/boeimige.ch\\\/?p=567\"]}]},{\"@type\":\"ImageObject\",\"inLanguage\":\"de\",\"@id\":\"https:\\\/\\\/boeimige.ch\\\/?p=567#primaryimage\",\"url\":\"https:\\\/\\\/boeimigenaturprojektedotch.files.wordpress.com\\\/2017\\\/02\\\/waldpost_titel_neu.png\",\"contentUrl\":\"https:\\\/\\\/boeimigenaturprojektedotch.files.wordpress.com\\\/2017\\\/02\\\/waldpost_titel_neu.png\"},{\"@type\":\"BreadcrumbList\",\"@id\":\"https:\\\/\\\/boeimige.ch\\\/?p=567#breadcrumb\",\"itemListElement\":[{\"@type\":\"ListItem\",\"position\":1,\"name\":\"Start\",\"item\":\"https:\\\/\\\/boeimige.ch\\\/\"},{\"@type\":\"ListItem\",\"position\":2,\"name\":\"Waldpost 2 \u00a6 2016\\\/17\"}]},{\"@type\":\"WebSite\",\"@id\":\"https:\\\/\\\/boeimige.ch\\\/#website\",\"url\":\"https:\\\/\\\/boeimige.ch\\\/\",\"name\":\"B\u00f6imige Naturprojekte\",\"description\":\"Waldspielgruppe und Walderlebnisse in Worb\",\"publisher\":{\"@id\":\"https:\\\/\\\/boeimige.ch\\\/#organization\"},\"potentialAction\":[{\"@type\":\"SearchAction\",\"target\":{\"@type\":\"EntryPoint\",\"urlTemplate\":\"https:\\\/\\\/boeimige.ch\\\/?s={search_term_string}\"},\"query-input\":{\"@type\":\"PropertyValueSpecification\",\"valueRequired\":true,\"valueName\":\"search_term_string\"}}],\"inLanguage\":\"de\"},{\"@type\":\"Organization\",\"@id\":\"https:\\\/\\\/boeimige.ch\\\/#organization\",\"name\":\"B\u00f6imige Naturprojekte\",\"url\":\"https:\\\/\\\/boeimige.ch\\\/\",\"logo\":{\"@type\":\"ImageObject\",\"inLanguage\":\"de\",\"@id\":\"https:\\\/\\\/boeimige.ch\\\/#\\\/schema\\\/logo\\\/image\\\/\",\"url\":\"https:\\\/\\\/boeimige.ch\\\/wp-content\\\/uploads\\\/2026\\\/08\\\/Logo-neu_farbig-scaled.png\",\"contentUrl\":\"https:\\\/\\\/boeimige.ch\\\/wp-content\\\/uploads\\\/2026\\\/08\\\/Logo-neu_farbig-scaled.png\",\"width\":2318,\"height\":2560,\"caption\":\"B\u00f6imige Naturprojekte\"},\"image\":{\"@id\":\"https:\\\/\\\/boeimige.ch\\\/#\\\/schema\\\/logo\\\/image\\\/\"},\"sameAs\":[\"https:\\\/\\\/www.facebook.com\\\/Eggwald3076\",\"https:\\\/\\\/www.instagram.com\\\/boeimige_waldspielgruppe?igsh=N2M2Ymt2bGVrYTEx&utm_source=qr\"]},{\"@type\":\"Person\",\"@id\":\"https:\\\/\\\/boeimige.ch\\\/#\\\/schema\\\/person\\\/9228b199a4bf1a502c3b3e0e368604f8\",\"name\":\"admin\",\"image\":{\"@type\":\"ImageObject\",\"inLanguage\":\"de\",\"@id\":\"https:\\\/\\\/secure.gravatar.com\\\/avatar\\\/b476a0bf638c3f6b12f015e2f56efbe5b26c86811ca104ed3790d31ece5b0833?s=96&d=mm&r=g\",\"url\":\"https:\\\/\\\/secure.gravatar.com\\\/avatar\\\/b476a0bf638c3f6b12f015e2f56efbe5b26c86811ca104ed3790d31ece5b0833?s=96&d=mm&r=g\",\"contentUrl\":\"https:\\\/\\\/secure.gravatar.com\\\/avatar\\\/b476a0bf638c3f6b12f015e2f56efbe5b26c86811ca104ed3790d31ece5b0833?s=96&d=mm&r=g\",\"caption\":\"admin\"},\"url\":\"https:\\\/\\\/boeimige.ch\\\/?author=1\"}]}<\/script>\n<!-- \/ Yoast SEO plugin. -->","yoast_head_json":{"title":"Waldpost                    2 \u00a6 2016\/17 - B\u00f6imige Naturprojekte","robots":{"index":"index","follow":"follow","max-snippet":"max-snippet:-1","max-image-preview":"max-image-preview:large","max-video-preview":"max-video-preview:-1"},"canonical":"https:\/\/boeimige.ch\/?p=567","og_locale":"de_DE","og_type":"article","og_title":"Waldpost                    2 \u00a6 2016\/17 - B\u00f6imige Naturprojekte","og_description":"Schon dachten wir der Fr\u00fchling ist da und da hats wieder geschneit. Aber allzu lange wird es wohl nicht mehr dauern, bis der Wald wieder zart gr\u00fcn wird. Wir bieten euch eine farbenfrohe Palette von b\u00f6imigen Naturprojekten f\u00fcr Kinder jeden &hellip; Weiterlesen &rarr;","og_url":"https:\/\/boeimige.ch\/?p=567","og_site_name":"B\u00f6imige Naturprojekte","article_publisher":"https:\/\/www.facebook.com\/Eggwald3076","article_published_time":"2017-02-06T12:55:21+00:00","og_image":[{"width":740,"height":120,"url":"https:\/\/boeimige.ch\/wp-content\/uploads\/2017\/02\/waldpost_titel_neu.png","type":"image\/png"}],"author":"admin","twitter_card":"summary_large_image","twitter_misc":{"Verfasst von":"admin","Gesch\u00e4tzte Lesezeit":"2\u00a0Minuten"},"schema":{"@context":"https:\/\/schema.org","@graph":[{"@type":"Article","@id":"https:\/\/boeimige.ch\/?p=567#article","isPartOf":{"@id":"https:\/\/boeimige.ch\/?p=567"},"author":{"name":"admin","@id":"https:\/\/boeimige.ch\/#\/schema\/person\/9228b199a4bf1a502c3b3e0e368604f8"},"headline":"Waldpost 2 \u00a6 2016\/17","datePublished":"2017-02-06T12:55:21+00:00","mainEntityOfPage":{"@id":"https:\/\/boeimige.ch\/?p=567"},"wordCount":385,"publisher":{"@id":"https:\/\/boeimige.ch\/#organization"},"image":{"@id":"https:\/\/boeimige.ch\/?p=567#primaryimage"},"thumbnailUrl":"https:\/\/boeimigenaturprojektedotch.files.wordpress.com\/2017\/02\/waldpost_titel_neu.png","articleSection":["Waldpost"],"inLanguage":"de"},{"@type":"WebPage","@id":"https:\/\/boeimige.ch\/?p=567","url":"https:\/\/boeimige.ch\/?p=567","name":"Waldpost 2 \u00a6 2016\/17 - B\u00f6imige Naturprojekte","isPartOf":{"@id":"https:\/\/boeimige.ch\/#website"},"primaryImageOfPage":{"@id":"https:\/\/boeimige.ch\/?p=567#primaryimage"},"image":{"@id":"https:\/\/boeimige.ch\/?p=567#primaryimage"},"thumbnailUrl":"https:\/\/boeimigenaturprojektedotch.files.wordpress.com\/2017\/02\/waldpost_titel_neu.png","datePublished":"2017-02-06T12:55:21+00:00","breadcrumb":{"@id":"https:\/\/boeimige.ch\/?p=567#breadcrumb"},"inLanguage":"de","potentialAction":[{"@type":"ReadAction","target":["https:\/\/boeimige.ch\/?p=567"]}]},{"@type":"ImageObject","inLanguage":"de","@id":"https:\/\/boeimige.ch\/?p=567#primaryimage","url":"https:\/\/boeimigenaturprojektedotch.files.wordpress.com\/2017\/02\/waldpost_titel_neu.png","contentUrl":"https:\/\/boeimigenaturprojektedotch.files.wordpress.com\/2017\/02\/waldpost_titel_neu.png"},{"@type":"BreadcrumbList","@id":"https:\/\/boeimige.ch\/?p=567#breadcrumb","itemListElement":[{"@type":"ListItem","position":1,"name":"Start","item":"https:\/\/boeimige.ch\/"},{"@type":"ListItem","position":2,"name":"Waldpost 2 \u00a6 2016\/17"}]},{"@type":"WebSite","@id":"https:\/\/boeimige.ch\/#website","url":"https:\/\/boeimige.ch\/","name":"B\u00f6imige Naturprojekte","description":"Waldspielgruppe und Walderlebnisse in Worb","publisher":{"@id":"https:\/\/boeimige.ch\/#organization"},"potentialAction":[{"@type":"SearchAction","target":{"@type":"EntryPoint","urlTemplate":"https:\/\/boeimige.ch\/?s={search_term_string}"},"query-input":{"@type":"PropertyValueSpecification","valueRequired":true,"valueName":"search_term_string"}}],"inLanguage":"de"},{"@type":"Organization","@id":"https:\/\/boeimige.ch\/#organization","name":"B\u00f6imige Naturprojekte","url":"https:\/\/boeimige.ch\/","logo":{"@type":"ImageObject","inLanguage":"de","@id":"https:\/\/boeimige.ch\/#\/schema\/logo\/image\/","url":"https:\/\/boeimige.ch\/wp-content\/uploads\/2026\/08\/Logo-neu_farbig-scaled.png","contentUrl":"https:\/\/boeimige.ch\/wp-content\/uploads\/2026\/08\/Logo-neu_farbig-scaled.png","width":2318,"height":2560,"caption":"B\u00f6imige Naturprojekte"},"image":{"@id":"https:\/\/boeimige.ch\/#\/schema\/logo\/image\/"},"sameAs":["https:\/\/www.facebook.com\/Eggwald3076","https:\/\/www.instagram.com\/boeimige_waldspielgruppe?igsh=N2M2Ymt2bGVrYTEx&utm_source=qr"]},{"@type":"Person","@id":"https:\/\/boeimige.ch\/#\/schema\/person\/9228b199a4bf1a502c3b3e0e368604f8","name":"admin","image":{"@type":"ImageObject","inLanguage":"de","@id":"https:\/\/secure.gravatar.com\/avatar\/b476a0bf638c3f6b12f015e2f56efbe5b26c86811ca104ed3790d31ece5b0833?s=96&d=mm&r=g","url":"https:\/\/secure.gravatar.com\/avatar\/b476a0bf638c3f6b12f015e2f56efbe5b26c86811ca104ed3790d31ece5b0833?s=96&d=mm&r=g","contentUrl":"https:\/\/secure.gravatar.com\/avatar\/b476a0bf638c3f6b12f015e2f56efbe5b26c86811ca104ed3790d31ece5b0833?s=96&d=mm&r=g","caption":"admin"},"url":"https:\/\/boeimige.ch\/?author=1"}]}},"_links":{"self":[{"href":"https:\/\/boeimige.ch\/index.php?rest_route=\/wp\/v2\/posts\/567","targetHints":{"allow":["GET"]}}],"collection":[{"href":"https:\/\/boeimige.ch\/index.php?rest_route=\/wp\/v2\/posts"}],"about":[{"href":"https:\/\/boeimige.ch\/index.php?rest_route=\/wp\/v2\/types\/post"}],"author":[{"embeddable":true,"href":"https:\/\/boeimige.ch\/index.php?rest_route=\/wp\/v2\/users\/1"}],"replies":[{"embeddable":true,"href":"https:\/\/boeimige.ch\/index.php?rest_route=%2Fwp%2Fv2%2Fcomments&post=567"}],"version-history":[{"count":0,"href":"https:\/\/boeimige.ch\/index.php?rest_route=\/wp\/v2\/posts\/567\/revisions"}],"wp:attachment":[{"href":"https:\/\/boeimige.ch\/index.php?rest_route=%2Fwp%2Fv2%2Fmedia&parent=567"}],"wp:term":[{"taxonomy":"category","embeddable":true,"href":"https:\/\/boeimige.ch\/index.php?rest_route=%2Fwp%2Fv2%2Fcategories&post=567"},{"taxonomy":"post_tag","embeddable":true,"href":"https:\/\/boeimige.ch\/index.php?rest_route=%2Fwp%2Fv2%2Ftags&post=567"}],"curies":[{"name":"wp","href":"https:\/\/api.w.org\/{rel}","templated":true}]}}