{"id":5751,"date":"2026-07-01T10:17:47","date_gmt":"2026-07-01T10:17:47","guid":{"rendered":"https:\/\/boeimige.ch\/?p=5751"},"modified":"2026-08-26T12:38:53","modified_gmt":"2026-08-26T12:38:53","slug":"jubilaeumsfest","status":"publish","type":"post","link":"https:\/\/boeimige.ch\/?p=5751","title":{"rendered":"28. August 2026 &#8211; Mitgliederversammlung"},"content":{"rendered":"\n<p class=\"has-black-color has-text-color has-link-color wp-elements-1 wp-block-paragraph\">Schweren Herzens m\u00fcssen wir unser\u00a0Jubil\u00e4umsfest\u00a0vom Freitag, 28. August 2026<strong>\u00a0absagen.<\/strong> Die anhaltende Hitze und extreme Trockenheit haben auch im Worber Wald deutliche Spuren hinterlassen. D\u00fcrre \u00c4ste und gesch\u00e4digte B\u00e4ume stellen aktuell ein erh\u00f6htes Sicherheitsrisiko dar. Da unser Fest mitten im Wald stattfinden w\u00fcrde und uns die Sicherheit unserer kleinen und grossen G\u00e4ste besonders am Herzen liegt, haben wir uns entschieden, das Jubil\u00e4umsfest nicht durchzuf\u00fchren. Wir bedauern die Absage sehr und danken euch herzlich f\u00fcr euer Verst\u00e4ndnis.<\/p>\n\n\n\n<p class=\"wp-block-paragraph\">Was jedoch\u00a0stattfinden\u00a0wird, ist die\u00a0<strong>Mitgliederversammlung<\/strong> mit anschliessendem Ap\u00e9ro.\u00a0Diese findet am\u00a0<strong>Freitag, 28. August um 17:00 Uhr bei der Sommerbar an der Worble <a href=\"https:\/\/bar-bara.ch\/\" target=\"_blank\" rel=\"noreferrer noopener\">BAR-bara<\/a> statt.<\/strong> Wir freuen uns auf deine\u00a0Anmeldung\u00a0bis am Mittwoch, 26. August 2026.\u00a0Bei sehr schlechter Witterung geben wir kurzfristig einen alternativen Durchf\u00fchrungsort bekannt.<\/p>\n\n\n\n<p class=\"wp-block-paragraph\">Wir schicken euch liebe Gr\u00fcsse und freuen uns, euch bald zu sehen!<\/p>\n\n\n\n<p class=\"wp-block-paragraph\">Eure B\u00f6imige Naturprojekte<\/p>\n\n\n\n<figure class=\"wp-block-gallery has-nested-images columns-default is-cropped wp-block-gallery-1 is-layout-flex wp-block-gallery-is-layout-flex\">\n<figure class=\"wp-block-image size-large\"><img loading=\"lazy\" decoding=\"async\" width=\"339\" height=\"339\" data-id=\"5164\" src=\"https:\/\/boeimige.ch\/wp-content\/uploads\/2024\/07\/grafik.png\" alt=\"\" class=\"wp-image-5164\" srcset=\"https:\/\/boeimige.ch\/wp-content\/uploads\/2024\/07\/grafik.png 339w, https:\/\/boeimige.ch\/wp-content\/uploads\/2024\/07\/grafik-300x300.png 300w, https:\/\/boeimige.ch\/wp-content\/uploads\/2024\/07\/grafik-150x150.png 150w\" sizes=\"auto, (max-width: 339px) 100vw, 339px\" \/><\/figure>\n\n\n\n<figure class=\"wp-block-image size-large\"><img loading=\"lazy\" decoding=\"async\" width=\"768\" height=\"1024\" data-id=\"5142\" src=\"https:\/\/boeimige.ch\/wp-content\/uploads\/2024\/06\/PM_01-02-01.06.2024-13-1-768x1024.jpg\" alt=\"\" class=\"wp-image-5142\" srcset=\"https:\/\/boeimige.ch\/wp-content\/uploads\/2024\/06\/PM_01-02-01.06.2024-13-1-768x1024.jpg 768w, https:\/\/boeimige.ch\/wp-content\/uploads\/2024\/06\/PM_01-02-01.06.2024-13-1-225x300.jpg 225w, https:\/\/boeimige.ch\/wp-content\/uploads\/2024\/06\/PM_01-02-01.06.2024-13-1-1152x1536.jpg 1152w, https:\/\/boeimige.ch\/wp-content\/uploads\/2024\/06\/PM_01-02-01.06.2024-13-1-1536x2048.jpg 1536w, https:\/\/boeimige.ch\/wp-content\/uploads\/2024\/06\/PM_01-02-01.06.2024-13-1-scaled.jpg 1920w\" sizes=\"auto, (max-width: 768px) 100vw, 768px\" \/><\/figure>\n\n\n\n<figure class=\"wp-block-image size-large\"><img loading=\"lazy\" decoding=\"async\" width=\"1024\" height=\"768\" data-id=\"5044\" src=\"https:\/\/boeimige.ch\/wp-content\/uploads\/2024\/04\/IMG_0926-1024x768.jpg\" alt=\"\" class=\"wp-image-5044\" srcset=\"https:\/\/boeimige.ch\/wp-content\/uploads\/2024\/04\/IMG_0926-1024x768.jpg 1024w, https:\/\/boeimige.ch\/wp-content\/uploads\/2024\/04\/IMG_0926-300x225.jpg 300w, https:\/\/boeimige.ch\/wp-content\/uploads\/2024\/04\/IMG_0926-768x576.jpg 768w, https:\/\/boeimige.ch\/wp-content\/uploads\/2024\/04\/IMG_0926-1536x1152.jpg 1536w, https:\/\/boeimige.ch\/wp-content\/uploads\/2024\/04\/IMG_0926-2048x1536.jpg 2048w, https:\/\/boeimige.ch\/wp-content\/uploads\/2024\/04\/IMG_0926-400x300.jpg 400w\" sizes=\"auto, (max-width: 1024px) 100vw, 1024px\" \/><\/figure>\n<\/figure>\n","protected":false},"excerpt":{"rendered":"<p>Schweren Herzens m\u00fcssen wir unser\u00a0Jubil\u00e4umsfest\u00a0vom Freitag, 28. August 2026\u00a0absagen. Die anhaltende Hitze und extreme Trockenheit haben auch im Worber Wald deutliche Spuren hinterlassen. D\u00fcrre \u00c4ste und gesch\u00e4digte B\u00e4ume stellen aktuell ein erh\u00f6htes Sicherheitsrisiko dar. Da unser Fest mitten im Wald &hellip; <a href=\"https:\/\/boeimige.ch\/?p=5751\">Weiterlesen <span class=\"meta-nav\">&rarr;<\/span><\/a><\/p>\n","protected":false},"author":1,"featured_media":5120,"comment_status":"closed","ping_status":"closed","sticky":false,"template":"","format":"standard","meta":{"footnotes":""},"categories":[1],"tags":[],"class_list":["post-5751","post","type-post","status-publish","format-standard","has-post-thumbnail","hentry","category-uncategorized"],"yoast_head":"<!-- This site is optimized with the Yoast SEO plugin v28.3 - https:\/\/yoast.com\/product\/yoast-seo-wordpress\/ -->\n<title>28. August 2026 - Mitgliederversammlung - B\u00f6imige Naturprojekte<\/title>\n<meta name=\"robots\" content=\"index, follow, max-snippet:-1, max-image-preview:large, max-video-preview:-1\" \/>\n<link rel=\"canonical\" href=\"https:\/\/boeimige.ch\/?p=5751\" \/>\n<meta property=\"og:locale\" content=\"de_DE\" \/>\n<meta property=\"og:type\" content=\"article\" \/>\n<meta property=\"og:title\" content=\"28. August 2026 - Mitgliederversammlung - B\u00f6imige Naturprojekte\" \/>\n<meta property=\"og:description\" content=\"Schweren Herzens m\u00fcssen wir unser\u00a0Jubil\u00e4umsfest\u00a0vom Freitag, 28. August 2026\u00a0absagen. Die anhaltende Hitze und extreme Trockenheit haben auch im Worber Wald deutliche Spuren hinterlassen. D\u00fcrre \u00c4ste und gesch\u00e4digte B\u00e4ume stellen aktuell ein erh\u00f6htes Sicherheitsrisiko dar. Da unser Fest mitten im Wald &hellip; Weiterlesen &rarr;\" \/>\n<meta property=\"og:url\" content=\"https:\/\/boeimige.ch\/?p=5751\" \/>\n<meta property=\"og:site_name\" content=\"B\u00f6imige Naturprojekte\" \/>\n<meta property=\"article:publisher\" content=\"https:\/\/www.facebook.com\/Eggwald3076\" \/>\n<meta property=\"article:published_time\" content=\"2026-07-01T10:17:47+00:00\" \/>\n<meta property=\"article:modified_time\" content=\"2026-08-26T12:38:53+00:00\" \/>\n<meta property=\"og:image\" content=\"https:\/\/boeimige.ch\/wp-content\/uploads\/2024\/06\/IMG_1038-scaled.jpg\" \/>\n\t<meta property=\"og:image:width\" content=\"2560\" \/>\n\t<meta property=\"og:image:height\" content=\"1920\" \/>\n\t<meta property=\"og:image:type\" content=\"image\/jpeg\" \/>\n<meta name=\"author\" content=\"admin\" \/>\n<meta name=\"twitter:card\" content=\"summary_large_image\" \/>\n<meta name=\"twitter:label1\" content=\"Verfasst von\" \/>\n\t<meta name=\"twitter:data1\" content=\"admin\" \/>\n\t<meta name=\"twitter:label2\" content=\"Gesch\u00e4tzte Lesezeit\" \/>\n\t<meta name=\"twitter:data2\" content=\"2\u00a0Minuten\" \/>\n<script type=\"application\/ld+json\" class=\"yoast-schema-graph\">{\"@context\":\"https:\\\/\\\/schema.org\",\"@graph\":[{\"@type\":\"Article\",\"@id\":\"https:\\\/\\\/boeimige.ch\\\/?p=5751#article\",\"isPartOf\":{\"@id\":\"https:\\\/\\\/boeimige.ch\\\/?p=5751\"},\"author\":{\"name\":\"admin\",\"@id\":\"https:\\\/\\\/boeimige.ch\\\/#\\\/schema\\\/person\\\/9228b199a4bf1a502c3b3e0e368604f8\"},\"headline\":\"28. August 2026 &#8211; Mitgliederversammlung\",\"datePublished\":\"2026-07-01T10:17:47+00:00\",\"dateModified\":\"2026-08-26T12:38:53+00:00\",\"mainEntityOfPage\":{\"@id\":\"https:\\\/\\\/boeimige.ch\\\/?p=5751\"},\"wordCount\":156,\"publisher\":{\"@id\":\"https:\\\/\\\/boeimige.ch\\\/#organization\"},\"image\":{\"@id\":\"https:\\\/\\\/boeimige.ch\\\/?p=5751#primaryimage\"},\"thumbnailUrl\":\"https:\\\/\\\/boeimige.ch\\\/wp-content\\\/uploads\\\/2024\\\/06\\\/IMG_1038-scaled.jpg\",\"articleSection\":[\"Uncategorized\"],\"inLanguage\":\"de\"},{\"@type\":\"WebPage\",\"@id\":\"https:\\\/\\\/boeimige.ch\\\/?p=5751\",\"url\":\"https:\\\/\\\/boeimige.ch\\\/?p=5751\",\"name\":\"28. August 2026 - Mitgliederversammlung - B\u00f6imige Naturprojekte\",\"isPartOf\":{\"@id\":\"https:\\\/\\\/boeimige.ch\\\/#website\"},\"primaryImageOfPage\":{\"@id\":\"https:\\\/\\\/boeimige.ch\\\/?p=5751#primaryimage\"},\"image\":{\"@id\":\"https:\\\/\\\/boeimige.ch\\\/?p=5751#primaryimage\"},\"thumbnailUrl\":\"https:\\\/\\\/boeimige.ch\\\/wp-content\\\/uploads\\\/2024\\\/06\\\/IMG_1038-scaled.jpg\",\"datePublished\":\"2026-07-01T10:17:47+00:00\",\"dateModified\":\"2026-08-26T12:38:53+00:00\",\"breadcrumb\":{\"@id\":\"https:\\\/\\\/boeimige.ch\\\/?p=5751#breadcrumb\"},\"inLanguage\":\"de\",\"potentialAction\":[{\"@type\":\"ReadAction\",\"target\":[\"https:\\\/\\\/boeimige.ch\\\/?p=5751\"]}]},{\"@type\":\"ImageObject\",\"inLanguage\":\"de\",\"@id\":\"https:\\\/\\\/boeimige.ch\\\/?p=5751#primaryimage\",\"url\":\"https:\\\/\\\/boeimige.ch\\\/wp-content\\\/uploads\\\/2024\\\/06\\\/IMG_1038-scaled.jpg\",\"contentUrl\":\"https:\\\/\\\/boeimige.ch\\\/wp-content\\\/uploads\\\/2024\\\/06\\\/IMG_1038-scaled.jpg\",\"width\":2560,\"height\":1920},{\"@type\":\"BreadcrumbList\",\"@id\":\"https:\\\/\\\/boeimige.ch\\\/?p=5751#breadcrumb\",\"itemListElement\":[{\"@type\":\"ListItem\",\"position\":1,\"name\":\"Start\",\"item\":\"https:\\\/\\\/boeimige.ch\\\/\"},{\"@type\":\"ListItem\",\"position\":2,\"name\":\"28. August 2026 &#8211; Mitgliederversammlung\"}]},{\"@type\":\"WebSite\",\"@id\":\"https:\\\/\\\/boeimige.ch\\\/#website\",\"url\":\"https:\\\/\\\/boeimige.ch\\\/\",\"name\":\"B\u00f6imige Naturprojekte\",\"description\":\"Waldspielgruppe und Walderlebnisse in Worb\",\"publisher\":{\"@id\":\"https:\\\/\\\/boeimige.ch\\\/#organization\"},\"potentialAction\":[{\"@type\":\"SearchAction\",\"target\":{\"@type\":\"EntryPoint\",\"urlTemplate\":\"https:\\\/\\\/boeimige.ch\\\/?s={search_term_string}\"},\"query-input\":{\"@type\":\"PropertyValueSpecification\",\"valueRequired\":true,\"valueName\":\"search_term_string\"}}],\"inLanguage\":\"de\"},{\"@type\":\"Organization\",\"@id\":\"https:\\\/\\\/boeimige.ch\\\/#organization\",\"name\":\"B\u00f6imige Naturprojekte\",\"url\":\"https:\\\/\\\/boeimige.ch\\\/\",\"logo\":{\"@type\":\"ImageObject\",\"inLanguage\":\"de\",\"@id\":\"https:\\\/\\\/boeimige.ch\\\/#\\\/schema\\\/logo\\\/image\\\/\",\"url\":\"https:\\\/\\\/boeimige.ch\\\/wp-content\\\/uploads\\\/2026\\\/08\\\/Logo-neu_farbig-scaled.png\",\"contentUrl\":\"https:\\\/\\\/boeimige.ch\\\/wp-content\\\/uploads\\\/2026\\\/08\\\/Logo-neu_farbig-scaled.png\",\"width\":2318,\"height\":2560,\"caption\":\"B\u00f6imige Naturprojekte\"},\"image\":{\"@id\":\"https:\\\/\\\/boeimige.ch\\\/#\\\/schema\\\/logo\\\/image\\\/\"},\"sameAs\":[\"https:\\\/\\\/www.facebook.com\\\/Eggwald3076\",\"https:\\\/\\\/www.instagram.com\\\/boeimige_waldspielgruppe?igsh=N2M2Ymt2bGVrYTEx&utm_source=qr\"]},{\"@type\":\"Person\",\"@id\":\"https:\\\/\\\/boeimige.ch\\\/#\\\/schema\\\/person\\\/9228b199a4bf1a502c3b3e0e368604f8\",\"name\":\"admin\",\"image\":{\"@type\":\"ImageObject\",\"inLanguage\":\"de\",\"@id\":\"https:\\\/\\\/secure.gravatar.com\\\/avatar\\\/b476a0bf638c3f6b12f015e2f56efbe5b26c86811ca104ed3790d31ece5b0833?s=96&d=mm&r=g\",\"url\":\"https:\\\/\\\/secure.gravatar.com\\\/avatar\\\/b476a0bf638c3f6b12f015e2f56efbe5b26c86811ca104ed3790d31ece5b0833?s=96&d=mm&r=g\",\"contentUrl\":\"https:\\\/\\\/secure.gravatar.com\\\/avatar\\\/b476a0bf638c3f6b12f015e2f56efbe5b26c86811ca104ed3790d31ece5b0833?s=96&d=mm&r=g\",\"caption\":\"admin\"},\"url\":\"https:\\\/\\\/boeimige.ch\\\/?author=1\"}]}<\/script>\n<!-- \/ Yoast SEO plugin. -->","yoast_head_json":{"title":"28. August 2026 - Mitgliederversammlung - B\u00f6imige Naturprojekte","robots":{"index":"index","follow":"follow","max-snippet":"max-snippet:-1","max-image-preview":"max-image-preview:large","max-video-preview":"max-video-preview:-1"},"canonical":"https:\/\/boeimige.ch\/?p=5751","og_locale":"de_DE","og_type":"article","og_title":"28. August 2026 - Mitgliederversammlung - B\u00f6imige Naturprojekte","og_description":"Schweren Herzens m\u00fcssen wir unser\u00a0Jubil\u00e4umsfest\u00a0vom Freitag, 28. August 2026\u00a0absagen. Die anhaltende Hitze und extreme Trockenheit haben auch im Worber Wald deutliche Spuren hinterlassen. D\u00fcrre \u00c4ste und gesch\u00e4digte B\u00e4ume stellen aktuell ein erh\u00f6htes Sicherheitsrisiko dar. Da unser Fest mitten im Wald &hellip; Weiterlesen &rarr;","og_url":"https:\/\/boeimige.ch\/?p=5751","og_site_name":"B\u00f6imige Naturprojekte","article_publisher":"https:\/\/www.facebook.com\/Eggwald3076","article_published_time":"2026-07-01T10:17:47+00:00","article_modified_time":"2026-08-26T12:38:53+00:00","og_image":[{"width":2560,"height":1920,"url":"https:\/\/boeimige.ch\/wp-content\/uploads\/2024\/06\/IMG_1038-scaled.jpg","type":"image\/jpeg"}],"author":"admin","twitter_card":"summary_large_image","twitter_misc":{"Verfasst von":"admin","Gesch\u00e4tzte Lesezeit":"2\u00a0Minuten"},"schema":{"@context":"https:\/\/schema.org","@graph":[{"@type":"Article","@id":"https:\/\/boeimige.ch\/?p=5751#article","isPartOf":{"@id":"https:\/\/boeimige.ch\/?p=5751"},"author":{"name":"admin","@id":"https:\/\/boeimige.ch\/#\/schema\/person\/9228b199a4bf1a502c3b3e0e368604f8"},"headline":"28. August 2026 &#8211; Mitgliederversammlung","datePublished":"2026-07-01T10:17:47+00:00","dateModified":"2026-08-26T12:38:53+00:00","mainEntityOfPage":{"@id":"https:\/\/boeimige.ch\/?p=5751"},"wordCount":156,"publisher":{"@id":"https:\/\/boeimige.ch\/#organization"},"image":{"@id":"https:\/\/boeimige.ch\/?p=5751#primaryimage"},"thumbnailUrl":"https:\/\/boeimige.ch\/wp-content\/uploads\/2024\/06\/IMG_1038-scaled.jpg","articleSection":["Uncategorized"],"inLanguage":"de"},{"@type":"WebPage","@id":"https:\/\/boeimige.ch\/?p=5751","url":"https:\/\/boeimige.ch\/?p=5751","name":"28. August 2026 - Mitgliederversammlung - B\u00f6imige Naturprojekte","isPartOf":{"@id":"https:\/\/boeimige.ch\/#website"},"primaryImageOfPage":{"@id":"https:\/\/boeimige.ch\/?p=5751#primaryimage"},"image":{"@id":"https:\/\/boeimige.ch\/?p=5751#primaryimage"},"thumbnailUrl":"https:\/\/boeimige.ch\/wp-content\/uploads\/2024\/06\/IMG_1038-scaled.jpg","datePublished":"2026-07-01T10:17:47+00:00","dateModified":"2026-08-26T12:38:53+00:00","breadcrumb":{"@id":"https:\/\/boeimige.ch\/?p=5751#breadcrumb"},"inLanguage":"de","potentialAction":[{"@type":"ReadAction","target":["https:\/\/boeimige.ch\/?p=5751"]}]},{"@type":"ImageObject","inLanguage":"de","@id":"https:\/\/boeimige.ch\/?p=5751#primaryimage","url":"https:\/\/boeimige.ch\/wp-content\/uploads\/2024\/06\/IMG_1038-scaled.jpg","contentUrl":"https:\/\/boeimige.ch\/wp-content\/uploads\/2024\/06\/IMG_1038-scaled.jpg","width":2560,"height":1920},{"@type":"BreadcrumbList","@id":"https:\/\/boeimige.ch\/?p=5751#breadcrumb","itemListElement":[{"@type":"ListItem","position":1,"name":"Start","item":"https:\/\/boeimige.ch\/"},{"@type":"ListItem","position":2,"name":"28. August 2026 &#8211; Mitgliederversammlung"}]},{"@type":"WebSite","@id":"https:\/\/boeimige.ch\/#website","url":"https:\/\/boeimige.ch\/","name":"B\u00f6imige Naturprojekte","description":"Waldspielgruppe und Walderlebnisse in Worb","publisher":{"@id":"https:\/\/boeimige.ch\/#organization"},"potentialAction":[{"@type":"SearchAction","target":{"@type":"EntryPoint","urlTemplate":"https:\/\/boeimige.ch\/?s={search_term_string}"},"query-input":{"@type":"PropertyValueSpecification","valueRequired":true,"valueName":"search_term_string"}}],"inLanguage":"de"},{"@type":"Organization","@id":"https:\/\/boeimige.ch\/#organization","name":"B\u00f6imige Naturprojekte","url":"https:\/\/boeimige.ch\/","logo":{"@type":"ImageObject","inLanguage":"de","@id":"https:\/\/boeimige.ch\/#\/schema\/logo\/image\/","url":"https:\/\/boeimige.ch\/wp-content\/uploads\/2026\/08\/Logo-neu_farbig-scaled.png","contentUrl":"https:\/\/boeimige.ch\/wp-content\/uploads\/2026\/08\/Logo-neu_farbig-scaled.png","width":2318,"height":2560,"caption":"B\u00f6imige Naturprojekte"},"image":{"@id":"https:\/\/boeimige.ch\/#\/schema\/logo\/image\/"},"sameAs":["https:\/\/www.facebook.com\/Eggwald3076","https:\/\/www.instagram.com\/boeimige_waldspielgruppe?igsh=N2M2Ymt2bGVrYTEx&utm_source=qr"]},{"@type":"Person","@id":"https:\/\/boeimige.ch\/#\/schema\/person\/9228b199a4bf1a502c3b3e0e368604f8","name":"admin","image":{"@type":"ImageObject","inLanguage":"de","@id":"https:\/\/secure.gravatar.com\/avatar\/b476a0bf638c3f6b12f015e2f56efbe5b26c86811ca104ed3790d31ece5b0833?s=96&d=mm&r=g","url":"https:\/\/secure.gravatar.com\/avatar\/b476a0bf638c3f6b12f015e2f56efbe5b26c86811ca104ed3790d31ece5b0833?s=96&d=mm&r=g","contentUrl":"https:\/\/secure.gravatar.com\/avatar\/b476a0bf638c3f6b12f015e2f56efbe5b26c86811ca104ed3790d31ece5b0833?s=96&d=mm&r=g","caption":"admin"},"url":"https:\/\/boeimige.ch\/?author=1"}]}},"_links":{"self":[{"href":"https:\/\/boeimige.ch\/index.php?rest_route=\/wp\/v2\/posts\/5751","targetHints":{"allow":["GET"]}}],"collection":[{"href":"https:\/\/boeimige.ch\/index.php?rest_route=\/wp\/v2\/posts"}],"about":[{"href":"https:\/\/boeimige.ch\/index.php?rest_route=\/wp\/v2\/types\/post"}],"author":[{"embeddable":true,"href":"https:\/\/boeimige.ch\/index.php?rest_route=\/wp\/v2\/users\/1"}],"replies":[{"embeddable":true,"href":"https:\/\/boeimige.ch\/index.php?rest_route=%2Fwp%2Fv2%2Fcomments&post=5751"}],"version-history":[{"count":9,"href":"https:\/\/boeimige.ch\/index.php?rest_route=\/wp\/v2\/posts\/5751\/revisions"}],"predecessor-version":[{"id":5884,"href":"https:\/\/boeimige.ch\/index.php?rest_route=\/wp\/v2\/posts\/5751\/revisions\/5884"}],"wp:featuredmedia":[{"embeddable":true,"href":"https:\/\/boeimige.ch\/index.php?rest_route=\/wp\/v2\/media\/5120"}],"wp:attachment":[{"href":"https:\/\/boeimige.ch\/index.php?rest_route=%2Fwp%2Fv2%2Fmedia&parent=5751"}],"wp:term":[{"taxonomy":"category","embeddable":true,"href":"https:\/\/boeimige.ch\/index.php?rest_route=%2Fwp%2Fv2%2Fcategories&post=5751"},{"taxonomy":"post_tag","embeddable":true,"href":"https:\/\/boeimige.ch\/index.php?rest_route=%2Fwp%2Fv2%2Ftags&post=5751"}],"curies":[{"name":"wp","href":"https:\/\/api.w.org\/{rel}","templated":true}]}}