{"id":705,"date":"2017-06-01T17:44:51","date_gmt":"2017-06-01T16:44:51","guid":{"rendered":"http:\/\/boeimige.ch\/?p=705"},"modified":"2017-06-01T17:44:51","modified_gmt":"2017-06-01T16:44:51","slug":"waldpost-3-%c2%a6-201617","status":"publish","type":"post","link":"https:\/\/boeimige.ch\/?p=705","title":{"rendered":"Waldpost                                       3 \u00a6 2016\/17"},"content":{"rendered":"<p><img loading=\"lazy\" decoding=\"async\" class=\"alignnone size-full wp-image-569\" src=\"https:\/\/boeimigenaturprojektedotch.files.wordpress.com\/2017\/02\/waldpost_titel_neu.png\" alt=\"waldpost_titel_neu\" width=\"740\" height=\"120\" srcset=\"https:\/\/boeimige.ch\/wp-content\/uploads\/2017\/02\/waldpost_titel_neu.png 740w, https:\/\/boeimige.ch\/wp-content\/uploads\/2017\/02\/waldpost_titel_neu-300x49.png 300w\" sizes=\"auto, (max-width: 740px) 100vw, 740px\" \/><\/p>\n<h1 class=\"western\"><b>R\u00fcckblick aus den Waldgruppen<\/b><\/h1>\n<h2 class=\"western\"><i>Himug\u00fcegeli<\/i><\/h2>\n<p class=\"western\">Momentan ist an jedem Himug\u00fcegelitag etwas in einem Stoffs\u00e4cklein versteckt. Was ist es wohl heute, was da so fein duftet? Genau, eine Holunderbl\u00fcte!<\/p>\n<p class=\"western\">Die Holunderb\u00fcsche sind bei unserem Waldsofa zwar etwas rar, dennoch haben wir heute damit gespielt, gewerkt und sogar unseren Zn\u00fcni zubereitet: wunderbare \u201eHolderbl\u00fctenschnitteli\u201c. Die Butter haben wir selber gemacht, das ist ganz einfach. Rahm in eine Petflasche f\u00fcllen und sch\u00fctteln, sch\u00fctteln, sch\u00fctteln, und nochmals sch\u00fctteln bis die Butter fertig ist. Nun muss man nur noch die Flasche aufschneiden, die Butter auf das Brot schmieren, Bl\u00fcten und Zucker dar\u00fcber streuen \u2013 lecker! Weil gerade noch Holderzeit ist, hier noch ein weiteres Rezept:<\/p>\n<p class=\"western\"><span style=\"color:#008000;\"><i>Holderomeletten<\/i><\/span><\/p>\n<p class=\"western\"><span style=\"color:#008000;\"><i>Mit Eiern, Mehl, Milch, Salz und Zucker einen eher s\u00fcssen Omelettenteig machen. Butter in der Bratpfanne zerlassen, eine Kelle des Teiges beigeben, eine sch\u00f6ne Holunderbl\u00fcte hineinlegen, die gr\u00fcnen Stiele mit der Schere abschneiden, Bl\u00fcten noch etwas in den Teig dr\u00fccken und wie eine normale Omelette fertig backen. Wer es ganz s\u00fcss mag, kann die Omelette noch mit Holundersirup s\u00fcssen.<\/i><\/span><\/p>\n<h2 class=\"western\"><i>Waldspielgruppe<\/i><\/h2>\n<p class=\"western\"><strong>Wenn ein Baumstamm zur Wippe wird<\/strong><br \/>\nEin grosser Baumstamm wurde pl\u00f6tzlich als Wippe entdeckt, auf und ab, auf und ab, die Kinder konnten kaum genug bekommen. Wie viele Kinder wohl auf einer Seite sitzen k\u00f6nnen, damit es noch funktioniert? Nein, du musst noch auf diese Seite kommen, hiess es dann bald mal.<\/p>\n<p class=\"western\"><strong>Papitag<\/strong><br \/>\nAm 9. Mai waren f\u00fcr einmal nicht nur die Spielgruppenkinder, sondern auch einige Papis im Eggwald anzutreffen. Gemeinsam haben wir die Feuerstelle neu ausgehoben und umrandet sowie f\u00fcr den Muttertag eine Vase mit Naturmaterialien gestaltet. Das Highlight war aber ganz klar der Zmittag. Wir haben gebr\u00e4telt, aber nicht etwa Cervelat oder Schlangenbrot, sondern Eier am Stecken! Das braucht viel Geduld und Fingerspitzengef\u00fchl, wir haben es geschafft, dass alle Eier hart wurden. Nur eines ist dabei explodiert \u2013 vielleicht hast du den lauten Knall geh\u00f6rt?<\/p>\n<p class=\"western\"><span style=\"color:#008000;\"><i>Hier das Rezept f\u00fcr alle die es nachmachen m\u00f6chten: <\/i><\/span><\/p>\n<p class=\"western\"><i><span style=\"color:#008000;\">Einen gr\u00fcnen, d\u00fcnnen (aber nicht zu d\u00fcnnen) Ast mit dem Sackmesser sch\u00e4len und spitzen. Mit der Sackmesserahle oben und unten ins Ei vorsichtig ein Loch bohren. Am besten machst du das \u00fcber einer Pfanne, so kannst du immerhin noch Spielgeleier machen, wenn es nicht klappt! Den Stecken durch die beiden L\u00f6cher stecken und vorsichtig \u00fcber der Glut br\u00e4teln und das Ei dabei immer wieder drehen.<\/span> <\/i><\/p>\n<p class=\"western\"><span style=\"color:#ffff00;\"><img loading=\"lazy\" decoding=\"async\" class=\"  wp-image-716 alignnone\" src=\"https:\/\/boeimigenaturprojektedotch.files.wordpress.com\/2017\/06\/img_5113.jpg\" alt=\"IMG_5113\" width=\"308\" height=\"231\" \/><\/span><span style=\"color:#ffff00;\"><img loading=\"lazy\" decoding=\"async\" class=\"  wp-image-712 alignnone\" src=\"https:\/\/boeimigenaturprojektedotch.files.wordpress.com\/2017\/06\/papitag_eier.jpg\" alt=\"Papitag_Eier\" width=\"308\" height=\"231\" \/><\/span><\/p>\n<h2 class=\"western\"><i>Walderlebnisse<\/i><\/h2>\n<p class=\"western\">Im April fanden die F\u00fcchse bei einem Sinnesspiel Teile einer Schatzkarte und begaben sich auf die Suche nach dem Schatz. Mithilfe eines Kompasses, eines Bilderr\u00e4tsels und eines Schl\u00fcssels konnte der Schatz endlich gefunden und vom Baum heruntergeholt werden. Beim damit verbundenen Ausflug zum alten Waldplatz genossen die Kinder die Abwechslung im Freispiel.<\/p>\n<p class=\"western\">Anfangs Mai begaben sich einige der F\u00fcchse auf einen Ausflug in den Seilpark Gantrisch. Schon auf dem Hinweg gab es viel Spannendes zu entdecken, an unserem Pausenplatz wurden fleissig Weinbergschnecken gesammelt, am Bach Sandpizza gebacken oder gestaut. Im Seilpark angekommen, kletterten die gr\u00f6sseren Kinder auf den h\u00f6heren Parcours und die kleineren auf dem Kinderparcour und wollten trotz sp\u00e4ter einsetzendem Regen nicht mehr aufh\u00f6ren. Auf dem R\u00fcckweg wurden dann die Schuhe noch in den \u201eGlunggen\u201c auf ihre absolute Wasserdichtigkeit getestet.<\/p>\n<p class=\"western\"><img loading=\"lazy\" decoding=\"async\" class=\"alignnone  wp-image-724\" src=\"https:\/\/boeimigenaturprojektedotch.files.wordpress.com\/2017\/06\/dsc_1120.jpg\" alt=\"DSC_1120\" width=\"339\" height=\"227\" \/><img loading=\"lazy\" decoding=\"async\" class=\"alignnone  wp-image-727\" src=\"https:\/\/boeimigenaturprojektedotch.files.wordpress.com\/2017\/06\/dsc_1151.jpg\" alt=\"DSC_1151\" width=\"339\" height=\"227\" \/><\/p>\n<h2 class=\"western\"><i>Fr\u00fchlingsfest<\/i><\/h2>\n<p class=\"western\">Am 13. Mai bereiteten die F\u00fcchse eifrig Aktivit\u00e4ten f\u00fcr das anschliessende Fr\u00fchlingsfest vor und in unserem \u201eWaldofen\u201c wurden G\u00fcetzi gebacken . Die anwesenden Familien der Himug\u00fcegeli, Spielgruppenkinder und F\u00fcchse besammelten sich nach Erkundung der Aktivit\u00e4ten zu einem gemeinsamen Spiel und genossen anschliessend ein gem\u00fctliches Zvieri im Waldsofa.<\/p>\n<h1 class=\"western\"><b>Ausblick<\/b><\/h1>\n<h2 class=\"western\"><i>Himug\u00fcegeli<\/i><\/h2>\n<p class=\"western\">Wir treffen uns auch ab August regelm\u00e4ssig jeden zweiten Montagvormittag. Es gibt freie Pl\u00e4tze, neue Familien mit Kindern ab 1,5 Jahren bis ca. 3 Jahren sind herzlich willkommen.<br \/>\n<span style=\"color:#1f497d;\"><a href=\"https:\/\/boeimige.ch\/angebot\/eltern-kindgruppe-himugueegeli\/\">Weitere Infos <\/a><\/span><\/p>\n<h2 class=\"western\"><i>Waldspielgruppe<\/i><\/h2>\n<p class=\"western\">Ab August findet die b\u00f6imige Waldspielgruppe jeweils am <b>Donnerstag<\/b> statt. Wir haben eine kleine, feine Gruppe zusammen, sind aber auf weitere Anmeldungen angewiesen. Wenn du Familien mit Kindern ab 2,5 Jahren kennst, sprich sie doch auf die b\u00f6imige Waldspielgruppe an! Schnuppern ist jederzeit und kostenlos m\u00f6glich. Wenn du Flyer oder Plakate auflegen\/aufh\u00e4ngen kannst, schicken wir euch gerne welche zu. Wir freuen uns, wenn ihr uns mithelft, noch ein paar Kinder mehr f\u00fcr die Spielgruppe zu finden!<br \/>\n<span style=\"color:#1f497d;\"><a href=\"https:\/\/boeimige.ch\/angebot\/waldspielgruppe\/\">Weitere Infos<\/a><\/span><\/p>\n<h2 class=\"western\"><i>Walderlebnisse<\/i><\/h2>\n<p class=\"western\">Ab August startet ein neues Jahr f\u00fcr die F\u00fcchse, wir freuen uns \u00fcber alle Anmeldungen von Neuen und Bisherigen! Die Daten f\u00fcr das erste Halbjahr sind: 9. September\u00a0 \/ 28. Oktober \/ 18. November \/ 9. Dezember 2017 \/ 13. Januar 2018<br \/>\n<a href=\"https:\/\/boeimige.ch\/angebot\/gruppen-dachse-fuechse\/\">Weitere Infos<\/a><span style=\"color:#1f497d;\"><br \/>\n<\/span><\/p>\n<h2 class=\"western\"><i>Jugendgruppe<\/i><\/h2>\n<p class=\"western\">Wir schreiben die Jugendgruppe nochmals aus, bei mindestens 6 Anmeldungen bis Ende September starten wir am 28. Oktober. Weitere Daten sind der 18. November und der 9. Dezember.<br \/>\n<span style=\"color:#1f497d;\"><a href=\"https:\/\/boeimige.ch\/angebot\/jugendgruppe-luchse\/\">Weitere Infos<\/a><br \/>\n<\/span><\/p>\n<h2 class=\"western\"><em>FerienSpass<\/em><\/h2>\n<p class=\"western\">Am Freitag 11.8. bieten wir \u00fcber den FerienSpass zwei Kurse an, zu welchem ihr eure Kinder gerne anmelden k\u00f6nnt. Am Morgen experimentieren wir mit Naturfarben, am Nachmittag werken wir nach Herzenslust mit Naturmaterialien. <span style=\"color:#ffff00;\"><a href=\"http:\/\/www.jugendarbeit-worb.ch\/ferienspass\/sommer\">Anmeldung<\/a><\/span><\/p>\n<h2 class=\"western\"><i>Waldferienwoche<\/i><\/h2>\n<p class=\"western\">In der ersten Herbstferienwoche findet das Tageslager zum Thema Feuer statt. Kinder vom Kindergarten bis zur 4. Klasse sind herzlich willkommen.<br \/>\n<span style=\"color:#1f497d;\"><a href=\"https:\/\/boeimige.ch\/angebot\/waldferienwoche\/\">Weitere Infos<\/a><\/span><\/p>\n<h1><strong>Dies und das<\/strong><\/h1>\n<h2 class=\"western\">B\u00e4renmarkt<\/h2>\n<p class=\"western\">Am Freitag 9. Juni sind wir mit einem Stand am B\u00e4renmarkt pr\u00e4sent. Hast du die M\u00f6glichkeit, uns eine oder zwei Stunden dabei zu unterst\u00fctzen?<\/p>\n<p class=\"western\">Zudem ist ein Besuch eine ideale Gelegenheit f\u00fcr interessierte Familien, uns und unsere Projekte kennenzulernen \u2013 kommt vorbei!<\/p>\n<h2 class=\"western\"><strong>Aktive WerberInnen gesucht!<\/strong><\/h2>\n<p class=\"western\">Schreibst du gerne Artikel oder k\u00f6nntest du dir vorstellen ab und zu Plakate aufzuh\u00e4ngen oder Flyer zum auflegen zu verteilen? M\u00f6chtest du mithelfen, dass wir unsere Angebote sicher durchf\u00fchren k\u00f6nnen?<\/p>\n<p class=\"western\">Da wir in Bezug auf die Werbung f\u00fcr unsere Angebote an unsere Grenzen stossen, sei dies zeitlich wie auch netzwerkerisch und trotzdem m\u00f6glichst f\u00fcr die Durchf\u00fchrung der Angebote garantieren m\u00f6chten, suchen wir Personen, welche etwas Zeit und Lust haben uns zu unterst\u00fctzen. Sei dies um regelm\u00e4ssig und selbst\u00e4ndig zum Beispiel Plakate und Flyer aufzuh\u00e4ngen bzw. aufzulegen oder Artikel f\u00fcr die Worber Post zu schreiben bzw. sich um Inserate zu k\u00fcmmern. Oder sei dies um mitzuhelfen zu \u00fcberlegen, wo wir noch Werbung machen k\u00f6nnten und dies idealerweise auch gleich ausf\u00fchren k\u00f6nnen. Weitere Ideen sind ebenfalls willkommen. Wir freuen uns \u00fcber ein oder mehrere Personen, welche uns diesbez\u00fcglich unterst\u00fctzen k\u00f6nnen. Bei Interesse wende dich bitte an Regula <span lang=\"zxx\"><u><a href=\"mailto:info@boeimige.ch\">info@boeimige.ch<\/a><\/u><\/span> oder 079 306 26 07<\/p>\n","protected":false},"excerpt":{"rendered":"<p>R\u00fcckblick aus den Waldgruppen Himug\u00fcegeli Momentan ist an jedem Himug\u00fcegelitag etwas in einem Stoffs\u00e4cklein versteckt. Was ist es wohl heute, was da so fein duftet? Genau, eine Holunderbl\u00fcte! Die Holunderb\u00fcsche sind bei unserem Waldsofa zwar etwas rar, dennoch haben wir &hellip; <a href=\"https:\/\/boeimige.ch\/?p=705\">Weiterlesen <span class=\"meta-nav\">&rarr;<\/span><\/a><\/p>\n","protected":false},"author":1,"featured_media":0,"comment_status":"closed","ping_status":"closed","sticky":false,"template":"","format":"standard","meta":{"footnotes":""},"categories":[6],"tags":[],"class_list":["post-705","post","type-post","status-publish","format-standard","hentry","category-waldpost"],"yoast_head":"<!-- This site is optimized with the Yoast SEO plugin v28.3 - https:\/\/yoast.com\/product\/yoast-seo-wordpress\/ -->\n<title>Waldpost                    3 \u00a6 2016\/17 - B\u00f6imige Naturprojekte<\/title>\n<meta name=\"robots\" content=\"index, follow, max-snippet:-1, max-image-preview:large, max-video-preview:-1\" \/>\n<link rel=\"canonical\" href=\"https:\/\/boeimige.ch\/?p=705\" \/>\n<meta property=\"og:locale\" content=\"de_DE\" \/>\n<meta property=\"og:type\" content=\"article\" \/>\n<meta property=\"og:title\" content=\"Waldpost                    3 \u00a6 2016\/17 - B\u00f6imige Naturprojekte\" \/>\n<meta property=\"og:description\" content=\"R\u00fcckblick aus den Waldgruppen Himug\u00fcegeli Momentan ist an jedem Himug\u00fcegelitag etwas in einem Stoffs\u00e4cklein versteckt. Was ist es wohl heute, was da so fein duftet? Genau, eine Holunderbl\u00fcte! Die Holunderb\u00fcsche sind bei unserem Waldsofa zwar etwas rar, dennoch haben wir &hellip; Weiterlesen &rarr;\" \/>\n<meta property=\"og:url\" content=\"https:\/\/boeimige.ch\/?p=705\" \/>\n<meta property=\"og:site_name\" content=\"B\u00f6imige Naturprojekte\" \/>\n<meta property=\"article:publisher\" content=\"https:\/\/www.facebook.com\/Eggwald3076\" \/>\n<meta property=\"article:published_time\" content=\"2017-06-01T16:44:51+00:00\" \/>\n<meta property=\"og:image\" content=\"https:\/\/boeimige.ch\/wp-content\/uploads\/2017\/02\/waldpost_titel_neu.png\" \/>\n\t<meta property=\"og:image:width\" content=\"740\" \/>\n\t<meta property=\"og:image:height\" content=\"120\" \/>\n\t<meta property=\"og:image:type\" content=\"image\/png\" \/>\n<meta name=\"author\" content=\"admin\" \/>\n<meta name=\"twitter:card\" content=\"summary_large_image\" \/>\n<meta name=\"twitter:label1\" content=\"Verfasst von\" \/>\n\t<meta name=\"twitter:data1\" content=\"admin\" \/>\n\t<meta name=\"twitter:label2\" content=\"Gesch\u00e4tzte Lesezeit\" \/>\n\t<meta name=\"twitter:data2\" content=\"5\u00a0Minuten\" \/>\n<script type=\"application\/ld+json\" class=\"yoast-schema-graph\">{\"@context\":\"https:\\\/\\\/schema.org\",\"@graph\":[{\"@type\":\"Article\",\"@id\":\"https:\\\/\\\/boeimige.ch\\\/?p=705#article\",\"isPartOf\":{\"@id\":\"https:\\\/\\\/boeimige.ch\\\/?p=705\"},\"author\":{\"name\":\"admin\",\"@id\":\"https:\\\/\\\/boeimige.ch\\\/#\\\/schema\\\/person\\\/9228b199a4bf1a502c3b3e0e368604f8\"},\"headline\":\"Waldpost 3 \u00a6 2016\\\/17\",\"datePublished\":\"2017-06-01T16:44:51+00:00\",\"mainEntityOfPage\":{\"@id\":\"https:\\\/\\\/boeimige.ch\\\/?p=705\"},\"wordCount\":1077,\"publisher\":{\"@id\":\"https:\\\/\\\/boeimige.ch\\\/#organization\"},\"image\":{\"@id\":\"https:\\\/\\\/boeimige.ch\\\/?p=705#primaryimage\"},\"thumbnailUrl\":\"https:\\\/\\\/boeimigenaturprojektedotch.files.wordpress.com\\\/2017\\\/02\\\/waldpost_titel_neu.png\",\"articleSection\":[\"Waldpost\"],\"inLanguage\":\"de\"},{\"@type\":\"WebPage\",\"@id\":\"https:\\\/\\\/boeimige.ch\\\/?p=705\",\"url\":\"https:\\\/\\\/boeimige.ch\\\/?p=705\",\"name\":\"Waldpost 3 \u00a6 2016\\\/17 - B\u00f6imige Naturprojekte\",\"isPartOf\":{\"@id\":\"https:\\\/\\\/boeimige.ch\\\/#website\"},\"primaryImageOfPage\":{\"@id\":\"https:\\\/\\\/boeimige.ch\\\/?p=705#primaryimage\"},\"image\":{\"@id\":\"https:\\\/\\\/boeimige.ch\\\/?p=705#primaryimage\"},\"thumbnailUrl\":\"https:\\\/\\\/boeimigenaturprojektedotch.files.wordpress.com\\\/2017\\\/02\\\/waldpost_titel_neu.png\",\"datePublished\":\"2017-06-01T16:44:51+00:00\",\"breadcrumb\":{\"@id\":\"https:\\\/\\\/boeimige.ch\\\/?p=705#breadcrumb\"},\"inLanguage\":\"de\",\"potentialAction\":[{\"@type\":\"ReadAction\",\"target\":[\"https:\\\/\\\/boeimige.ch\\\/?p=705\"]}]},{\"@type\":\"ImageObject\",\"inLanguage\":\"de\",\"@id\":\"https:\\\/\\\/boeimige.ch\\\/?p=705#primaryimage\",\"url\":\"https:\\\/\\\/boeimigenaturprojektedotch.files.wordpress.com\\\/2017\\\/02\\\/waldpost_titel_neu.png\",\"contentUrl\":\"https:\\\/\\\/boeimigenaturprojektedotch.files.wordpress.com\\\/2017\\\/02\\\/waldpost_titel_neu.png\"},{\"@type\":\"BreadcrumbList\",\"@id\":\"https:\\\/\\\/boeimige.ch\\\/?p=705#breadcrumb\",\"itemListElement\":[{\"@type\":\"ListItem\",\"position\":1,\"name\":\"Start\",\"item\":\"https:\\\/\\\/boeimige.ch\\\/\"},{\"@type\":\"ListItem\",\"position\":2,\"name\":\"Waldpost 3 \u00a6 2016\\\/17\"}]},{\"@type\":\"WebSite\",\"@id\":\"https:\\\/\\\/boeimige.ch\\\/#website\",\"url\":\"https:\\\/\\\/boeimige.ch\\\/\",\"name\":\"B\u00f6imige Naturprojekte\",\"description\":\"Waldspielgruppe und Walderlebnisse in Worb\",\"publisher\":{\"@id\":\"https:\\\/\\\/boeimige.ch\\\/#organization\"},\"potentialAction\":[{\"@type\":\"SearchAction\",\"target\":{\"@type\":\"EntryPoint\",\"urlTemplate\":\"https:\\\/\\\/boeimige.ch\\\/?s={search_term_string}\"},\"query-input\":{\"@type\":\"PropertyValueSpecification\",\"valueRequired\":true,\"valueName\":\"search_term_string\"}}],\"inLanguage\":\"de\"},{\"@type\":\"Organization\",\"@id\":\"https:\\\/\\\/boeimige.ch\\\/#organization\",\"name\":\"B\u00f6imige Naturprojekte\",\"url\":\"https:\\\/\\\/boeimige.ch\\\/\",\"logo\":{\"@type\":\"ImageObject\",\"inLanguage\":\"de\",\"@id\":\"https:\\\/\\\/boeimige.ch\\\/#\\\/schema\\\/logo\\\/image\\\/\",\"url\":\"https:\\\/\\\/boeimige.ch\\\/wp-content\\\/uploads\\\/2026\\\/08\\\/Logo-neu_farbig-scaled.png\",\"contentUrl\":\"https:\\\/\\\/boeimige.ch\\\/wp-content\\\/uploads\\\/2026\\\/08\\\/Logo-neu_farbig-scaled.png\",\"width\":2318,\"height\":2560,\"caption\":\"B\u00f6imige Naturprojekte\"},\"image\":{\"@id\":\"https:\\\/\\\/boeimige.ch\\\/#\\\/schema\\\/logo\\\/image\\\/\"},\"sameAs\":[\"https:\\\/\\\/www.facebook.com\\\/Eggwald3076\",\"https:\\\/\\\/www.instagram.com\\\/boeimige_waldspielgruppe?igsh=N2M2Ymt2bGVrYTEx&utm_source=qr\"]},{\"@type\":\"Person\",\"@id\":\"https:\\\/\\\/boeimige.ch\\\/#\\\/schema\\\/person\\\/9228b199a4bf1a502c3b3e0e368604f8\",\"name\":\"admin\",\"image\":{\"@type\":\"ImageObject\",\"inLanguage\":\"de\",\"@id\":\"https:\\\/\\\/secure.gravatar.com\\\/avatar\\\/b476a0bf638c3f6b12f015e2f56efbe5b26c86811ca104ed3790d31ece5b0833?s=96&d=mm&r=g\",\"url\":\"https:\\\/\\\/secure.gravatar.com\\\/avatar\\\/b476a0bf638c3f6b12f015e2f56efbe5b26c86811ca104ed3790d31ece5b0833?s=96&d=mm&r=g\",\"contentUrl\":\"https:\\\/\\\/secure.gravatar.com\\\/avatar\\\/b476a0bf638c3f6b12f015e2f56efbe5b26c86811ca104ed3790d31ece5b0833?s=96&d=mm&r=g\",\"caption\":\"admin\"},\"url\":\"https:\\\/\\\/boeimige.ch\\\/?author=1\"}]}<\/script>\n<!-- \/ Yoast SEO plugin. -->","yoast_head_json":{"title":"Waldpost                    3 \u00a6 2016\/17 - B\u00f6imige Naturprojekte","robots":{"index":"index","follow":"follow","max-snippet":"max-snippet:-1","max-image-preview":"max-image-preview:large","max-video-preview":"max-video-preview:-1"},"canonical":"https:\/\/boeimige.ch\/?p=705","og_locale":"de_DE","og_type":"article","og_title":"Waldpost                    3 \u00a6 2016\/17 - B\u00f6imige Naturprojekte","og_description":"R\u00fcckblick aus den Waldgruppen Himug\u00fcegeli Momentan ist an jedem Himug\u00fcegelitag etwas in einem Stoffs\u00e4cklein versteckt. Was ist es wohl heute, was da so fein duftet? Genau, eine Holunderbl\u00fcte! Die Holunderb\u00fcsche sind bei unserem Waldsofa zwar etwas rar, dennoch haben wir &hellip; Weiterlesen &rarr;","og_url":"https:\/\/boeimige.ch\/?p=705","og_site_name":"B\u00f6imige Naturprojekte","article_publisher":"https:\/\/www.facebook.com\/Eggwald3076","article_published_time":"2017-06-01T16:44:51+00:00","og_image":[{"width":740,"height":120,"url":"https:\/\/boeimige.ch\/wp-content\/uploads\/2017\/02\/waldpost_titel_neu.png","type":"image\/png"}],"author":"admin","twitter_card":"summary_large_image","twitter_misc":{"Verfasst von":"admin","Gesch\u00e4tzte Lesezeit":"5\u00a0Minuten"},"schema":{"@context":"https:\/\/schema.org","@graph":[{"@type":"Article","@id":"https:\/\/boeimige.ch\/?p=705#article","isPartOf":{"@id":"https:\/\/boeimige.ch\/?p=705"},"author":{"name":"admin","@id":"https:\/\/boeimige.ch\/#\/schema\/person\/9228b199a4bf1a502c3b3e0e368604f8"},"headline":"Waldpost 3 \u00a6 2016\/17","datePublished":"2017-06-01T16:44:51+00:00","mainEntityOfPage":{"@id":"https:\/\/boeimige.ch\/?p=705"},"wordCount":1077,"publisher":{"@id":"https:\/\/boeimige.ch\/#organization"},"image":{"@id":"https:\/\/boeimige.ch\/?p=705#primaryimage"},"thumbnailUrl":"https:\/\/boeimigenaturprojektedotch.files.wordpress.com\/2017\/02\/waldpost_titel_neu.png","articleSection":["Waldpost"],"inLanguage":"de"},{"@type":"WebPage","@id":"https:\/\/boeimige.ch\/?p=705","url":"https:\/\/boeimige.ch\/?p=705","name":"Waldpost 3 \u00a6 2016\/17 - B\u00f6imige Naturprojekte","isPartOf":{"@id":"https:\/\/boeimige.ch\/#website"},"primaryImageOfPage":{"@id":"https:\/\/boeimige.ch\/?p=705#primaryimage"},"image":{"@id":"https:\/\/boeimige.ch\/?p=705#primaryimage"},"thumbnailUrl":"https:\/\/boeimigenaturprojektedotch.files.wordpress.com\/2017\/02\/waldpost_titel_neu.png","datePublished":"2017-06-01T16:44:51+00:00","breadcrumb":{"@id":"https:\/\/boeimige.ch\/?p=705#breadcrumb"},"inLanguage":"de","potentialAction":[{"@type":"ReadAction","target":["https:\/\/boeimige.ch\/?p=705"]}]},{"@type":"ImageObject","inLanguage":"de","@id":"https:\/\/boeimige.ch\/?p=705#primaryimage","url":"https:\/\/boeimigenaturprojektedotch.files.wordpress.com\/2017\/02\/waldpost_titel_neu.png","contentUrl":"https:\/\/boeimigenaturprojektedotch.files.wordpress.com\/2017\/02\/waldpost_titel_neu.png"},{"@type":"BreadcrumbList","@id":"https:\/\/boeimige.ch\/?p=705#breadcrumb","itemListElement":[{"@type":"ListItem","position":1,"name":"Start","item":"https:\/\/boeimige.ch\/"},{"@type":"ListItem","position":2,"name":"Waldpost 3 \u00a6 2016\/17"}]},{"@type":"WebSite","@id":"https:\/\/boeimige.ch\/#website","url":"https:\/\/boeimige.ch\/","name":"B\u00f6imige Naturprojekte","description":"Waldspielgruppe und Walderlebnisse in Worb","publisher":{"@id":"https:\/\/boeimige.ch\/#organization"},"potentialAction":[{"@type":"SearchAction","target":{"@type":"EntryPoint","urlTemplate":"https:\/\/boeimige.ch\/?s={search_term_string}"},"query-input":{"@type":"PropertyValueSpecification","valueRequired":true,"valueName":"search_term_string"}}],"inLanguage":"de"},{"@type":"Organization","@id":"https:\/\/boeimige.ch\/#organization","name":"B\u00f6imige Naturprojekte","url":"https:\/\/boeimige.ch\/","logo":{"@type":"ImageObject","inLanguage":"de","@id":"https:\/\/boeimige.ch\/#\/schema\/logo\/image\/","url":"https:\/\/boeimige.ch\/wp-content\/uploads\/2026\/08\/Logo-neu_farbig-scaled.png","contentUrl":"https:\/\/boeimige.ch\/wp-content\/uploads\/2026\/08\/Logo-neu_farbig-scaled.png","width":2318,"height":2560,"caption":"B\u00f6imige Naturprojekte"},"image":{"@id":"https:\/\/boeimige.ch\/#\/schema\/logo\/image\/"},"sameAs":["https:\/\/www.facebook.com\/Eggwald3076","https:\/\/www.instagram.com\/boeimige_waldspielgruppe?igsh=N2M2Ymt2bGVrYTEx&utm_source=qr"]},{"@type":"Person","@id":"https:\/\/boeimige.ch\/#\/schema\/person\/9228b199a4bf1a502c3b3e0e368604f8","name":"admin","image":{"@type":"ImageObject","inLanguage":"de","@id":"https:\/\/secure.gravatar.com\/avatar\/b476a0bf638c3f6b12f015e2f56efbe5b26c86811ca104ed3790d31ece5b0833?s=96&d=mm&r=g","url":"https:\/\/secure.gravatar.com\/avatar\/b476a0bf638c3f6b12f015e2f56efbe5b26c86811ca104ed3790d31ece5b0833?s=96&d=mm&r=g","contentUrl":"https:\/\/secure.gravatar.com\/avatar\/b476a0bf638c3f6b12f015e2f56efbe5b26c86811ca104ed3790d31ece5b0833?s=96&d=mm&r=g","caption":"admin"},"url":"https:\/\/boeimige.ch\/?author=1"}]}},"_links":{"self":[{"href":"https:\/\/boeimige.ch\/index.php?rest_route=\/wp\/v2\/posts\/705","targetHints":{"allow":["GET"]}}],"collection":[{"href":"https:\/\/boeimige.ch\/index.php?rest_route=\/wp\/v2\/posts"}],"about":[{"href":"https:\/\/boeimige.ch\/index.php?rest_route=\/wp\/v2\/types\/post"}],"author":[{"embeddable":true,"href":"https:\/\/boeimige.ch\/index.php?rest_route=\/wp\/v2\/users\/1"}],"replies":[{"embeddable":true,"href":"https:\/\/boeimige.ch\/index.php?rest_route=%2Fwp%2Fv2%2Fcomments&post=705"}],"version-history":[{"count":0,"href":"https:\/\/boeimige.ch\/index.php?rest_route=\/wp\/v2\/posts\/705\/revisions"}],"wp:attachment":[{"href":"https:\/\/boeimige.ch\/index.php?rest_route=%2Fwp%2Fv2%2Fmedia&parent=705"}],"wp:term":[{"taxonomy":"category","embeddable":true,"href":"https:\/\/boeimige.ch\/index.php?rest_route=%2Fwp%2Fv2%2Fcategories&post=705"},{"taxonomy":"post_tag","embeddable":true,"href":"https:\/\/boeimige.ch\/index.php?rest_route=%2Fwp%2Fv2%2Ftags&post=705"}],"curies":[{"name":"wp","href":"https:\/\/api.w.org\/{rel}","templated":true}]}}