{"id":813,"date":"2017-11-02T22:12:54","date_gmt":"2017-11-02T21:12:54","guid":{"rendered":"http:\/\/boeimige.ch\/?p=813"},"modified":"2017-11-02T22:12:54","modified_gmt":"2017-11-02T21:12:54","slug":"waldpost-1-%c2%a6-201718","status":"publish","type":"post","link":"https:\/\/boeimige.ch\/?p=813","title":{"rendered":"Waldpost 1 \u00a6 2017\/18"},"content":{"rendered":"<p><img loading=\"lazy\" decoding=\"async\" class=\"alignnone size-full wp-image-569\" src=\"https:\/\/boeimigenaturprojektedotch.files.wordpress.com\/2017\/02\/waldpost_titel_neu.png\" alt=\"waldpost_titel_neu\" width=\"740\" height=\"120\" srcset=\"https:\/\/boeimige.ch\/wp-content\/uploads\/2017\/02\/waldpost_titel_neu.png 740w, https:\/\/boeimige.ch\/wp-content\/uploads\/2017\/02\/waldpost_titel_neu-300x49.png 300w\" sizes=\"auto, (max-width: 740px) 100vw, 740px\" \/><\/p>\n<p>Herzlich Willkommen zur ersten Waldpost des Schuljahres 2017\/18! Hier bekommst du einen kleinen Einblick in die Waldgruppen und erf\u00e4hrst die wichtigsten Neuigkeiten.<\/p>\n<h1><strong>R\u00fcckblick aus den Waldgruppen<\/strong><\/h1>\n<h2><em>Himug\u00fcegeli<\/em><\/h2>\n<p>\u201eBl\u00e4tter, Zapfe, St\u00e4cke, de Herbstwald z\u00e4m\u00e4 entdecke\u2026\u201c Mit diesem Lied sind wir momentan im Wald unterwegs und schauen, h\u00f6ren, sp\u00fcren und schmecken was der Herbstwald alles zu bieten hat. Unter anderem haben wir eine Bl\u00e4tterschale gekleistert. Da sie sehr verg\u00e4nglich ist, findest du hier die Anleitung, um zu Hause eine eigene zu basteln:<\/p>\n<p>Du brauchst viele bunte, nicht zu dicke Herbstbl\u00e4tter, 1 Ballon, 1 Pfanne o.\u00e4., Klebeband, Kleister, Wasser, Sch\u00e4leli.<img loading=\"lazy\" decoding=\"async\" class=\"  wp-image-823 alignright\" src=\"https:\/\/boeimigenaturprojektedotch.files.wordpress.com\/2017\/11\/img_2689.jpg\" alt=\"IMG_2689\" width=\"307\" height=\"230\" \/><\/p>\n<p>R\u00fchre den Kleister an. Blase den Ballon auf und fixiere ihn mit dem Klebband auf der Pfanne. Schneide die Stiele der Bl\u00e4tter weg. Kleistere die Bl\u00e4tter schichtweise auf den Ballon, nimm dabei die sch\u00f6ne Seite der Bl\u00e4tter nach innen. Kleistere 3-4 Lagen, bei der letzten Schicht nimmst du die sch\u00f6ne Seite der Bl\u00e4tter aussen. Nun l\u00e4sst du den Ballon trocknen. Wenn der Kleister ganz getrocknet ist, kannst du den Ballon zerstechen und hast eine herbstliche Schale f\u00fcr Knabbereien oder eine Kerze (Achtung Brandgefahr).<\/p>\n<h2><em>Waldspielgruppe<\/em><\/h2>\n<p><strong>Feuern<\/strong><\/p>\n<p><img loading=\"lazy\" decoding=\"async\" class=\"  wp-image-831 alignleft\" src=\"https:\/\/boeimigenaturprojektedotch.files.wordpress.com\/2017\/11\/dsc_1639.jpg\" alt=\"DSC_1639\" width=\"386\" height=\"258\" \/><\/p>\n<p>Feuern ist immer wieder ein grosses Abenteuer! Wir suchen Holz, versuchen die grossen \u00c4ste zu zerbrechen oder zu zers\u00e4gen und sortieren sie nach der Dicke. Machen wir ein Tipi oder ein Cowboyhaus, um unser Feuer aufzuschichten? Wer getraut sich, beim Anz\u00fcnden mitzuhelfen?<\/p>\n<p>&nbsp;<\/p>\n<p><strong>Farbige Bl\u00e4tter<\/strong><img loading=\"lazy\" decoding=\"async\" class=\"  wp-image-836 alignright\" src=\"https:\/\/boeimigenaturprojektedotch.files.wordpress.com\/2017\/11\/dsc_1678.jpg\" alt=\"DSC_1678\" width=\"354\" height=\"237\" \/><br \/>\nDer Wurzelchnorz und das M\u00fcsli haben abgemacht, dass sie sich heute ganz in Rot kleiden. Aber das M\u00fcsli kennt die Farben schlecht, zuerst erscheint es in einem gr\u00fcnen, dann in einem brauen und schliesslich in einem gelben Kleid. Zum Gl\u00fcck helfen die Spielgruppenkinder und finden f\u00fcr das M\u00fcsli ein rotes Bl\u00e4tterkleid!<\/p>\n<h2><em>Walderlebnisse<\/em><\/h2>\n<p><strong>Spinnen im Netz<\/strong><img loading=\"lazy\" decoding=\"async\" class=\"  wp-image-845 alignleft\" src=\"https:\/\/boeimigenaturprojektedotch.files.wordpress.com\/2017\/11\/dsc_0930_web.jpg\" alt=\"DSC_0930_web\" width=\"312\" height=\"192\" \/><br \/>\nDass Spinnen nicht nur grusig sondern auch faszinierend sein k\u00f6nnen, erlebten die F\u00fcchse im September. Wir suchten Spinnen mit dem Lupenglas und bauten nachher sogar noch ein Spinnennetz, wo jede und jeder mal Spinne sein und darauf herumklettern durfte!<\/p>\n<p><strong>Igel im Laubhaufen<\/strong><br \/>\nWie ein Igeli lassen sich die F\u00fcchse einer nach dem andern komplett im Laub eingraben, sch\u00f6n kuschelig und warm scheint es dort drin zu sein. Jedenfalls bleiben einzelne Kinder minutenlang regungslos im Laubhaufen liegen und wollen am liebsten gleich selber einen Winterschlaf abhalten.<\/p>\n<div id=\"attachment_854\" style=\"width: 347px\" class=\"wp-caption alignnone\"><img loading=\"lazy\" decoding=\"async\" aria-describedby=\"caption-attachment-854\" class=\"  wp-image-854 alignright\" src=\"https:\/\/boeimigenaturprojektedotch.files.wordpress.com\/2017\/11\/dsc_1672_web.jpg\" alt=\"DSC_1672_web\" width=\"337\" height=\"251\" \/><p id=\"caption-attachment-854\" class=\"wp-caption-text\">Ob das Igeli schon schl\u00e4ft?<\/p><\/div>\n<h2><em>Waldsofabau<\/em><\/h2>\n<p>Bei sonnigem und warmem Herbstwetter haben sich gut 20 Erwachsene und Kinder im Eggwald getroffen um gemeinsam den Waldplatz winterfest zu machen. Da das alte Waldsofa an allen Ecken und Enden wackelte und in den unteren Schichten nur so vor sich hin rottete, haben wir uns f\u00fcr einen Neubau entschieden. Wir haben das ganze Waldsofa auseinandergenommen, das morsche Holz auf einen Haufen getragen, neue Pfosten eingeschlagen, neues Holz herangeschleppt und damit die Zwischenr\u00e4ume neu gef\u00fcllt. Unsere Materialkisten haben wir neu organisiert und reduziert, den wackeligen Holzunterstand zerlegt und den anderen mit Brennholz aufgef\u00fcllt. Bei einem Znacht vom Feuer liessen wir den Abend gem\u00fctlich ausklingen.<\/p>\n<p>Ganz herzlichen Dank allen Helferinnen und Helfern!<\/p>\n<p>Da wir einiges verkleinert und r\u00fcckgebaut haben, sieht unser Waldplatz nun etwas anders aus. Wir haben diese Ver\u00e4nderungen unter anderem vorgenommen, weil uns der F\u00f6rster Hansj\u00f6rg Habegger erkl\u00e4rt hat, dass f\u00fcr ihn zu viele Installationen am Platz sind. Wir f\u00fchlen uns sehr wohl mit dem kleineren Waldsofa und dem reduzierten Material. Denn so bekommen die Naturp\u00e4dagogik und das Spiel mit dem Waldmaterial mehr Gewicht, was uns seit den Herbstferien schon einige sehr sch\u00f6ne Momente beschert hat.<\/p>\n\n\t\t<style>\n\t\t\t#gallery-1 {\n\t\t\t\tmargin: auto;\n\t\t\t}\n\t\t\t#gallery-1 .gallery-item {\n\t\t\t\tfloat: left;\n\t\t\t\tmargin-top: 10px;\n\t\t\t\ttext-align: center;\n\t\t\t\twidth: 25%;\n\t\t\t}\n\t\t\t#gallery-1 img {\n\t\t\t\tborder: 2px solid #cfcfcf;\n\t\t\t}\n\t\t\t#gallery-1 .gallery-caption {\n\t\t\t\tmargin-left: 0;\n\t\t\t}\n\t\t\t\/* see gallery_shortcode() in wp-includes\/media.php *\/\n\t\t<\/style>\n\t\t<div id='gallery-1' class='gallery galleryid-813 gallery-columns-4 gallery-size-thumbnail'><dl class='gallery-item'>\n\t\t\t<dt class='gallery-icon landscape'>\n\t\t\t\t<a href='https:\/\/boeimige.ch\/?attachment_id=864'><img loading=\"lazy\" decoding=\"async\" width=\"150\" height=\"150\" src=\"https:\/\/boeimige.ch\/wp-content\/uploads\/2017\/11\/img_5251-150x150.jpg\" class=\"attachment-thumbnail size-thumbnail\" alt=\"\" aria-describedby=\"gallery-1-864\" \/><\/a>\n\t\t\t<\/dt>\n\t\t\t\t<dd class='wp-caption-text gallery-caption' id='gallery-1-864'>\n\t\t\t\tDas alte Waldsofa\n\t\t\t\t<\/dd><\/dl><dl class='gallery-item'>\n\t\t\t<dt class='gallery-icon landscape'>\n\t\t\t\t<a href='https:\/\/boeimige.ch\/?attachment_id=866'><img loading=\"lazy\" decoding=\"async\" width=\"150\" height=\"150\" src=\"https:\/\/boeimige.ch\/wp-content\/uploads\/2017\/11\/img_5255-150x150.jpg\" class=\"attachment-thumbnail size-thumbnail\" alt=\"\" aria-describedby=\"gallery-1-866\" \/><\/a>\n\t\t\t<\/dt>\n\t\t\t\t<dd class='wp-caption-text gallery-caption' id='gallery-1-866'>\n\t\t\t\tkomplett auseinandergenommen\n\t\t\t\t<\/dd><\/dl><dl class='gallery-item'>\n\t\t\t<dt class='gallery-icon landscape'>\n\t\t\t\t<a href='https:\/\/boeimige.ch\/?attachment_id=865'><img loading=\"lazy\" decoding=\"async\" width=\"150\" height=\"150\" src=\"https:\/\/boeimige.ch\/wp-content\/uploads\/2017\/11\/img_5260-150x150.jpg\" class=\"attachment-thumbnail size-thumbnail\" alt=\"\" aria-describedby=\"gallery-1-865\" \/><\/a>\n\t\t\t<\/dt>\n\t\t\t\t<dd class='wp-caption-text gallery-caption' id='gallery-1-865'>\n\t\t\t\tDer Wiederaufbau\n\t\t\t\t<\/dd><\/dl><dl class='gallery-item'>\n\t\t\t<dt class='gallery-icon landscape'>\n\t\t\t\t<a href='https:\/\/boeimige.ch\/?attachment_id=867'><img loading=\"lazy\" decoding=\"async\" width=\"150\" height=\"150\" src=\"https:\/\/boeimige.ch\/wp-content\/uploads\/2017\/11\/img_5267-150x150.jpg\" class=\"attachment-thumbnail size-thumbnail\" alt=\"\" aria-describedby=\"gallery-1-867\" \/><\/a>\n\t\t\t<\/dt>\n\t\t\t\t<dd class='wp-caption-text gallery-caption' id='gallery-1-867'>\n\t\t\t\tDas neue Waldsofa\n\t\t\t\t<\/dd><\/dl><br style=\"clear: both\" \/>\n\t\t<\/div>\n\n<div id=\"attachment_868\" style=\"width: 241px\" class=\"wp-caption alignnone\"><img loading=\"lazy\" decoding=\"async\" aria-describedby=\"caption-attachment-868\" class=\"alignnone  wp-image-868\" src=\"https:\/\/boeimigenaturprojektedotch.files.wordpress.com\/2017\/11\/img_5259.jpg\" alt=\"IMG_5259\" width=\"231\" height=\"173\" \/><p id=\"caption-attachment-868\" class=\"wp-caption-text\">Das alte Waldsofa war eine wahre Fundgrube! Wer etwas wiedererkennt kann sich melden \ud83d\ude42<\/p><\/div>\n<p>&nbsp;<\/p>\n<h1><strong>Ausblick<\/strong><\/h1>\n<h2><em>Himug\u00fcegeli<\/em><\/h2>\n<p>Noch bis zum 4. Dezember finden die Himug\u00fcegeli regelm\u00e4ssig statt, am 18. Dezember machen wir je nach Nachfrage einen weihn\u00e4chtlichen Abschlussmorgen.<\/p>\n<h1><strong>Dies und Das<\/strong><\/h1>\n<h2><em>Waldgeburtstagsfest<\/em><\/h2>\n<p>M\u00f6chtet ihr zum Geburtstag von eurem Kind etwas Spezielles im Wald machen? Wir organisieren f\u00fcr eure Kinder ein b\u00f6imiges Waldgeburtstagsfest! Hier findet ihr detaillierte Infos: <a href=\"http:\/\/boeimige-naturprojekte.ch\/angebot\/waldgeburtstage\/\">Waldgeburtstage<\/a><\/p>\n","protected":false},"excerpt":{"rendered":"<p>Herzlich Willkommen zur ersten Waldpost des Schuljahres 2017\/18! Hier bekommst du einen kleinen Einblick in die Waldgruppen und erf\u00e4hrst die wichtigsten Neuigkeiten. R\u00fcckblick aus den Waldgruppen Himug\u00fcegeli \u201eBl\u00e4tter, Zapfe, St\u00e4cke, de Herbstwald z\u00e4m\u00e4 entdecke\u2026\u201c Mit diesem Lied sind wir momentan &hellip; <a href=\"https:\/\/boeimige.ch\/?p=813\">Weiterlesen <span class=\"meta-nav\">&rarr;<\/span><\/a><\/p>\n","protected":false},"author":1,"featured_media":0,"comment_status":"closed","ping_status":"closed","sticky":false,"template":"","format":"standard","meta":{"footnotes":""},"categories":[6],"tags":[],"class_list":["post-813","post","type-post","status-publish","format-standard","hentry","category-waldpost"],"yoast_head":"<!-- This site is optimized with the Yoast SEO plugin v28.3 - https:\/\/yoast.com\/product\/yoast-seo-wordpress\/ -->\n<title>Waldpost 1 \u00a6 2017\/18 - B\u00f6imige Naturprojekte<\/title>\n<meta name=\"robots\" content=\"index, follow, max-snippet:-1, max-image-preview:large, max-video-preview:-1\" \/>\n<link rel=\"canonical\" href=\"https:\/\/boeimige.ch\/?p=813\" \/>\n<meta property=\"og:locale\" content=\"de_DE\" \/>\n<meta property=\"og:type\" content=\"article\" \/>\n<meta property=\"og:title\" content=\"Waldpost 1 \u00a6 2017\/18 - B\u00f6imige Naturprojekte\" \/>\n<meta property=\"og:description\" content=\"Herzlich Willkommen zur ersten Waldpost des Schuljahres 2017\/18! Hier bekommst du einen kleinen Einblick in die Waldgruppen und erf\u00e4hrst die wichtigsten Neuigkeiten. R\u00fcckblick aus den Waldgruppen Himug\u00fcegeli \u201eBl\u00e4tter, Zapfe, St\u00e4cke, de Herbstwald z\u00e4m\u00e4 entdecke\u2026\u201c Mit diesem Lied sind wir momentan &hellip; Weiterlesen &rarr;\" \/>\n<meta property=\"og:url\" content=\"https:\/\/boeimige.ch\/?p=813\" \/>\n<meta property=\"og:site_name\" content=\"B\u00f6imige Naturprojekte\" \/>\n<meta property=\"article:publisher\" content=\"https:\/\/www.facebook.com\/Eggwald3076\" \/>\n<meta property=\"article:published_time\" content=\"2017-11-02T21:12:54+00:00\" \/>\n<meta property=\"og:image\" content=\"https:\/\/boeimige.ch\/wp-content\/uploads\/2017\/11\/img_5251-150x150.jpg\" \/>\n<meta name=\"author\" content=\"admin\" \/>\n<meta name=\"twitter:card\" content=\"summary_large_image\" \/>\n<meta name=\"twitter:label1\" content=\"Verfasst von\" \/>\n\t<meta name=\"twitter:data1\" content=\"admin\" \/>\n\t<meta name=\"twitter:label2\" content=\"Gesch\u00e4tzte Lesezeit\" \/>\n\t<meta name=\"twitter:data2\" content=\"3\u00a0Minuten\" \/>\n<script type=\"application\/ld+json\" class=\"yoast-schema-graph\">{\"@context\":\"https:\\\/\\\/schema.org\",\"@graph\":[{\"@type\":\"Article\",\"@id\":\"https:\\\/\\\/boeimige.ch\\\/?p=813#article\",\"isPartOf\":{\"@id\":\"https:\\\/\\\/boeimige.ch\\\/?p=813\"},\"author\":{\"name\":\"admin\",\"@id\":\"https:\\\/\\\/boeimige.ch\\\/#\\\/schema\\\/person\\\/9228b199a4bf1a502c3b3e0e368604f8\"},\"headline\":\"Waldpost 1 \u00a6 2017\\\/18\",\"datePublished\":\"2017-11-02T21:12:54+00:00\",\"mainEntityOfPage\":{\"@id\":\"https:\\\/\\\/boeimige.ch\\\/?p=813\"},\"wordCount\":697,\"publisher\":{\"@id\":\"https:\\\/\\\/boeimige.ch\\\/#organization\"},\"image\":{\"@id\":\"https:\\\/\\\/boeimige.ch\\\/?p=813#primaryimage\"},\"thumbnailUrl\":\"https:\\\/\\\/boeimigenaturprojektedotch.files.wordpress.com\\\/2017\\\/02\\\/waldpost_titel_neu.png\",\"articleSection\":[\"Waldpost\"],\"inLanguage\":\"de\"},{\"@type\":\"WebPage\",\"@id\":\"https:\\\/\\\/boeimige.ch\\\/?p=813\",\"url\":\"https:\\\/\\\/boeimige.ch\\\/?p=813\",\"name\":\"Waldpost 1 \u00a6 2017\\\/18 - B\u00f6imige Naturprojekte\",\"isPartOf\":{\"@id\":\"https:\\\/\\\/boeimige.ch\\\/#website\"},\"primaryImageOfPage\":{\"@id\":\"https:\\\/\\\/boeimige.ch\\\/?p=813#primaryimage\"},\"image\":{\"@id\":\"https:\\\/\\\/boeimige.ch\\\/?p=813#primaryimage\"},\"thumbnailUrl\":\"https:\\\/\\\/boeimigenaturprojektedotch.files.wordpress.com\\\/2017\\\/02\\\/waldpost_titel_neu.png\",\"datePublished\":\"2017-11-02T21:12:54+00:00\",\"breadcrumb\":{\"@id\":\"https:\\\/\\\/boeimige.ch\\\/?p=813#breadcrumb\"},\"inLanguage\":\"de\",\"potentialAction\":[{\"@type\":\"ReadAction\",\"target\":[\"https:\\\/\\\/boeimige.ch\\\/?p=813\"]}]},{\"@type\":\"ImageObject\",\"inLanguage\":\"de\",\"@id\":\"https:\\\/\\\/boeimige.ch\\\/?p=813#primaryimage\",\"url\":\"https:\\\/\\\/boeimigenaturprojektedotch.files.wordpress.com\\\/2017\\\/02\\\/waldpost_titel_neu.png\",\"contentUrl\":\"https:\\\/\\\/boeimigenaturprojektedotch.files.wordpress.com\\\/2017\\\/02\\\/waldpost_titel_neu.png\"},{\"@type\":\"BreadcrumbList\",\"@id\":\"https:\\\/\\\/boeimige.ch\\\/?p=813#breadcrumb\",\"itemListElement\":[{\"@type\":\"ListItem\",\"position\":1,\"name\":\"Start\",\"item\":\"https:\\\/\\\/boeimige.ch\\\/\"},{\"@type\":\"ListItem\",\"position\":2,\"name\":\"Waldpost 1 \u00a6 2017\\\/18\"}]},{\"@type\":\"WebSite\",\"@id\":\"https:\\\/\\\/boeimige.ch\\\/#website\",\"url\":\"https:\\\/\\\/boeimige.ch\\\/\",\"name\":\"B\u00f6imige Naturprojekte\",\"description\":\"Waldspielgruppe und Walderlebnisse in Worb\",\"publisher\":{\"@id\":\"https:\\\/\\\/boeimige.ch\\\/#organization\"},\"potentialAction\":[{\"@type\":\"SearchAction\",\"target\":{\"@type\":\"EntryPoint\",\"urlTemplate\":\"https:\\\/\\\/boeimige.ch\\\/?s={search_term_string}\"},\"query-input\":{\"@type\":\"PropertyValueSpecification\",\"valueRequired\":true,\"valueName\":\"search_term_string\"}}],\"inLanguage\":\"de\"},{\"@type\":\"Organization\",\"@id\":\"https:\\\/\\\/boeimige.ch\\\/#organization\",\"name\":\"B\u00f6imige Naturprojekte\",\"url\":\"https:\\\/\\\/boeimige.ch\\\/\",\"logo\":{\"@type\":\"ImageObject\",\"inLanguage\":\"de\",\"@id\":\"https:\\\/\\\/boeimige.ch\\\/#\\\/schema\\\/logo\\\/image\\\/\",\"url\":\"https:\\\/\\\/boeimige.ch\\\/wp-content\\\/uploads\\\/2026\\\/08\\\/Logo-neu_farbig-scaled.png\",\"contentUrl\":\"https:\\\/\\\/boeimige.ch\\\/wp-content\\\/uploads\\\/2026\\\/08\\\/Logo-neu_farbig-scaled.png\",\"width\":2318,\"height\":2560,\"caption\":\"B\u00f6imige Naturprojekte\"},\"image\":{\"@id\":\"https:\\\/\\\/boeimige.ch\\\/#\\\/schema\\\/logo\\\/image\\\/\"},\"sameAs\":[\"https:\\\/\\\/www.facebook.com\\\/Eggwald3076\",\"https:\\\/\\\/www.instagram.com\\\/boeimige_waldspielgruppe?igsh=N2M2Ymt2bGVrYTEx&utm_source=qr\"]},{\"@type\":\"Person\",\"@id\":\"https:\\\/\\\/boeimige.ch\\\/#\\\/schema\\\/person\\\/9228b199a4bf1a502c3b3e0e368604f8\",\"name\":\"admin\",\"image\":{\"@type\":\"ImageObject\",\"inLanguage\":\"de\",\"@id\":\"https:\\\/\\\/secure.gravatar.com\\\/avatar\\\/b476a0bf638c3f6b12f015e2f56efbe5b26c86811ca104ed3790d31ece5b0833?s=96&d=mm&r=g\",\"url\":\"https:\\\/\\\/secure.gravatar.com\\\/avatar\\\/b476a0bf638c3f6b12f015e2f56efbe5b26c86811ca104ed3790d31ece5b0833?s=96&d=mm&r=g\",\"contentUrl\":\"https:\\\/\\\/secure.gravatar.com\\\/avatar\\\/b476a0bf638c3f6b12f015e2f56efbe5b26c86811ca104ed3790d31ece5b0833?s=96&d=mm&r=g\",\"caption\":\"admin\"},\"url\":\"https:\\\/\\\/boeimige.ch\\\/?author=1\"}]}<\/script>\n<!-- \/ Yoast SEO plugin. -->","yoast_head_json":{"title":"Waldpost 1 \u00a6 2017\/18 - B\u00f6imige Naturprojekte","robots":{"index":"index","follow":"follow","max-snippet":"max-snippet:-1","max-image-preview":"max-image-preview:large","max-video-preview":"max-video-preview:-1"},"canonical":"https:\/\/boeimige.ch\/?p=813","og_locale":"de_DE","og_type":"article","og_title":"Waldpost 1 \u00a6 2017\/18 - B\u00f6imige Naturprojekte","og_description":"Herzlich Willkommen zur ersten Waldpost des Schuljahres 2017\/18! Hier bekommst du einen kleinen Einblick in die Waldgruppen und erf\u00e4hrst die wichtigsten Neuigkeiten. R\u00fcckblick aus den Waldgruppen Himug\u00fcegeli \u201eBl\u00e4tter, Zapfe, St\u00e4cke, de Herbstwald z\u00e4m\u00e4 entdecke\u2026\u201c Mit diesem Lied sind wir momentan &hellip; Weiterlesen &rarr;","og_url":"https:\/\/boeimige.ch\/?p=813","og_site_name":"B\u00f6imige Naturprojekte","article_publisher":"https:\/\/www.facebook.com\/Eggwald3076","article_published_time":"2017-11-02T21:12:54+00:00","og_image":[{"url":"https:\/\/boeimige.ch\/wp-content\/uploads\/2017\/11\/img_5251-150x150.jpg","type":"","width":"","height":""}],"author":"admin","twitter_card":"summary_large_image","twitter_misc":{"Verfasst von":"admin","Gesch\u00e4tzte Lesezeit":"3\u00a0Minuten"},"schema":{"@context":"https:\/\/schema.org","@graph":[{"@type":"Article","@id":"https:\/\/boeimige.ch\/?p=813#article","isPartOf":{"@id":"https:\/\/boeimige.ch\/?p=813"},"author":{"name":"admin","@id":"https:\/\/boeimige.ch\/#\/schema\/person\/9228b199a4bf1a502c3b3e0e368604f8"},"headline":"Waldpost 1 \u00a6 2017\/18","datePublished":"2017-11-02T21:12:54+00:00","mainEntityOfPage":{"@id":"https:\/\/boeimige.ch\/?p=813"},"wordCount":697,"publisher":{"@id":"https:\/\/boeimige.ch\/#organization"},"image":{"@id":"https:\/\/boeimige.ch\/?p=813#primaryimage"},"thumbnailUrl":"https:\/\/boeimigenaturprojektedotch.files.wordpress.com\/2017\/02\/waldpost_titel_neu.png","articleSection":["Waldpost"],"inLanguage":"de"},{"@type":"WebPage","@id":"https:\/\/boeimige.ch\/?p=813","url":"https:\/\/boeimige.ch\/?p=813","name":"Waldpost 1 \u00a6 2017\/18 - B\u00f6imige Naturprojekte","isPartOf":{"@id":"https:\/\/boeimige.ch\/#website"},"primaryImageOfPage":{"@id":"https:\/\/boeimige.ch\/?p=813#primaryimage"},"image":{"@id":"https:\/\/boeimige.ch\/?p=813#primaryimage"},"thumbnailUrl":"https:\/\/boeimigenaturprojektedotch.files.wordpress.com\/2017\/02\/waldpost_titel_neu.png","datePublished":"2017-11-02T21:12:54+00:00","breadcrumb":{"@id":"https:\/\/boeimige.ch\/?p=813#breadcrumb"},"inLanguage":"de","potentialAction":[{"@type":"ReadAction","target":["https:\/\/boeimige.ch\/?p=813"]}]},{"@type":"ImageObject","inLanguage":"de","@id":"https:\/\/boeimige.ch\/?p=813#primaryimage","url":"https:\/\/boeimigenaturprojektedotch.files.wordpress.com\/2017\/02\/waldpost_titel_neu.png","contentUrl":"https:\/\/boeimigenaturprojektedotch.files.wordpress.com\/2017\/02\/waldpost_titel_neu.png"},{"@type":"BreadcrumbList","@id":"https:\/\/boeimige.ch\/?p=813#breadcrumb","itemListElement":[{"@type":"ListItem","position":1,"name":"Start","item":"https:\/\/boeimige.ch\/"},{"@type":"ListItem","position":2,"name":"Waldpost 1 \u00a6 2017\/18"}]},{"@type":"WebSite","@id":"https:\/\/boeimige.ch\/#website","url":"https:\/\/boeimige.ch\/","name":"B\u00f6imige Naturprojekte","description":"Waldspielgruppe und Walderlebnisse in Worb","publisher":{"@id":"https:\/\/boeimige.ch\/#organization"},"potentialAction":[{"@type":"SearchAction","target":{"@type":"EntryPoint","urlTemplate":"https:\/\/boeimige.ch\/?s={search_term_string}"},"query-input":{"@type":"PropertyValueSpecification","valueRequired":true,"valueName":"search_term_string"}}],"inLanguage":"de"},{"@type":"Organization","@id":"https:\/\/boeimige.ch\/#organization","name":"B\u00f6imige Naturprojekte","url":"https:\/\/boeimige.ch\/","logo":{"@type":"ImageObject","inLanguage":"de","@id":"https:\/\/boeimige.ch\/#\/schema\/logo\/image\/","url":"https:\/\/boeimige.ch\/wp-content\/uploads\/2026\/08\/Logo-neu_farbig-scaled.png","contentUrl":"https:\/\/boeimige.ch\/wp-content\/uploads\/2026\/08\/Logo-neu_farbig-scaled.png","width":2318,"height":2560,"caption":"B\u00f6imige Naturprojekte"},"image":{"@id":"https:\/\/boeimige.ch\/#\/schema\/logo\/image\/"},"sameAs":["https:\/\/www.facebook.com\/Eggwald3076","https:\/\/www.instagram.com\/boeimige_waldspielgruppe?igsh=N2M2Ymt2bGVrYTEx&utm_source=qr"]},{"@type":"Person","@id":"https:\/\/boeimige.ch\/#\/schema\/person\/9228b199a4bf1a502c3b3e0e368604f8","name":"admin","image":{"@type":"ImageObject","inLanguage":"de","@id":"https:\/\/secure.gravatar.com\/avatar\/b476a0bf638c3f6b12f015e2f56efbe5b26c86811ca104ed3790d31ece5b0833?s=96&d=mm&r=g","url":"https:\/\/secure.gravatar.com\/avatar\/b476a0bf638c3f6b12f015e2f56efbe5b26c86811ca104ed3790d31ece5b0833?s=96&d=mm&r=g","contentUrl":"https:\/\/secure.gravatar.com\/avatar\/b476a0bf638c3f6b12f015e2f56efbe5b26c86811ca104ed3790d31ece5b0833?s=96&d=mm&r=g","caption":"admin"},"url":"https:\/\/boeimige.ch\/?author=1"}]}},"_links":{"self":[{"href":"https:\/\/boeimige.ch\/index.php?rest_route=\/wp\/v2\/posts\/813","targetHints":{"allow":["GET"]}}],"collection":[{"href":"https:\/\/boeimige.ch\/index.php?rest_route=\/wp\/v2\/posts"}],"about":[{"href":"https:\/\/boeimige.ch\/index.php?rest_route=\/wp\/v2\/types\/post"}],"author":[{"embeddable":true,"href":"https:\/\/boeimige.ch\/index.php?rest_route=\/wp\/v2\/users\/1"}],"replies":[{"embeddable":true,"href":"https:\/\/boeimige.ch\/index.php?rest_route=%2Fwp%2Fv2%2Fcomments&post=813"}],"version-history":[{"count":0,"href":"https:\/\/boeimige.ch\/index.php?rest_route=\/wp\/v2\/posts\/813\/revisions"}],"wp:attachment":[{"href":"https:\/\/boeimige.ch\/index.php?rest_route=%2Fwp%2Fv2%2Fmedia&parent=813"}],"wp:term":[{"taxonomy":"category","embeddable":true,"href":"https:\/\/boeimige.ch\/index.php?rest_route=%2Fwp%2Fv2%2Fcategories&post=813"},{"taxonomy":"post_tag","embeddable":true,"href":"https:\/\/boeimige.ch\/index.php?rest_route=%2Fwp%2Fv2%2Ftags&post=813"}],"curies":[{"name":"wp","href":"https:\/\/api.w.org\/{rel}","templated":true}]}}