{"id":959,"date":"2018-03-12T10:53:08","date_gmt":"2018-03-12T09:53:08","guid":{"rendered":"http:\/\/boeimige.ch\/?p=959"},"modified":"2018-03-12T10:53:08","modified_gmt":"2018-03-12T09:53:08","slug":"waldpost-2-%c2%a6-2017-18","status":"publish","type":"post","link":"https:\/\/boeimige.ch\/?p=959","title":{"rendered":"Waldpost 2 \u00a6 2017\/18"},"content":{"rendered":"<p><img loading=\"lazy\" decoding=\"async\" class=\"alignnone size-full wp-image-569\" src=\"https:\/\/boeimigenaturprojektedotch.files.wordpress.com\/2017\/02\/waldpost_titel_neu.png\" alt=\"waldpost_titel_neu\" width=\"740\" height=\"120\" srcset=\"https:\/\/boeimige.ch\/wp-content\/uploads\/2017\/02\/waldpost_titel_neu.png 740w, https:\/\/boeimige.ch\/wp-content\/uploads\/2017\/02\/waldpost_titel_neu-300x49.png 300w\" sizes=\"auto, (max-width: 740px) 100vw, 740px\" \/><\/p>\n<p>Herzlich Willkommen zur 2. Waldpost! Hier erf\u00e4hrst du Spannendes aus den Waldgruppen und bekommst alle aktuellen Informationen zu unseren Angeboten. Und verpasse nicht unseren Wettbewerb!<\/p>\n<p class=\"western\">Um den Jahreswechsel herum wurde um unseren Waldplatz herum ziemlich ausgelichtet. Einerseits hat Herr Hofmann einige Eschen aufgrund der Eschenwelke gef\u00e4llt und andererseits fielen auch einige B\u00e4ume am Waldrand den St\u00fcrmen zum Opfer. Unser Waldsofa und die weiteren Installationen wurden zum Gl\u00fcck nicht besch\u00e4digt.<\/p>\n<p><strong>R\u00fcckblick aus den Waldgruppen<\/strong><\/p>\n<p class=\"western\"><i>Himug\u00fcegeli<br \/>\n<\/i>Welches Bild ist wohl vor der Winterpause (18.12.) und welches nach der Winterpause (5.3.) entstanden??<\/p>\n\n\t\t<style>\n\t\t\t#gallery-1 {\n\t\t\t\tmargin: auto;\n\t\t\t}\n\t\t\t#gallery-1 .gallery-item {\n\t\t\t\tfloat: left;\n\t\t\t\tmargin-top: 10px;\n\t\t\t\ttext-align: center;\n\t\t\t\twidth: 33%;\n\t\t\t}\n\t\t\t#gallery-1 img {\n\t\t\t\tborder: 2px solid #cfcfcf;\n\t\t\t}\n\t\t\t#gallery-1 .gallery-caption {\n\t\t\t\tmargin-left: 0;\n\t\t\t}\n\t\t\t\/* see gallery_shortcode() in wp-includes\/media.php *\/\n\t\t<\/style>\n\t\t<div id='gallery-1' class='gallery galleryid-959 gallery-columns-3 gallery-size-thumbnail'><dl class='gallery-item'>\n\t\t\t<dt class='gallery-icon landscape'>\n\t\t\t\t<img loading=\"lazy\" decoding=\"async\" width=\"150\" height=\"150\" src=\"https:\/\/boeimige.ch\/wp-content\/uploads\/2018\/03\/img_2882-150x150.jpg\" class=\"attachment-thumbnail size-thumbnail\" alt=\"\" \/>\n\t\t\t<\/dt><\/dl><dl class='gallery-item'>\n\t\t\t<dt class='gallery-icon portrait'>\n\t\t\t\t<img loading=\"lazy\" decoding=\"async\" width=\"150\" height=\"150\" src=\"https:\/\/boeimige.ch\/wp-content\/uploads\/2018\/03\/img_3049-150x150.jpg\" class=\"attachment-thumbnail size-thumbnail\" alt=\"\" \/>\n\t\t\t<\/dt><\/dl>\n\t\t\t<br style='clear: both' \/>\n\t\t<\/div>\n\n<p class=\"western\"><i>Waldspielgruppe<br \/>\n<\/i>Mit einem selbstgemachten Punsch und Guetzli aus dem Waldbackofen schlossen wir das Jahr 2017 zusammen mit den Eltern gem\u00fctlich ab.<\/p>\n<p class=\"western\"><img loading=\"lazy\" decoding=\"async\" class=\"  wp-image-962 alignleft\" src=\"https:\/\/boeimigenaturprojektedotch.files.wordpress.com\/2018\/03\/dsc_1774.jpg\" alt=\"DSC_1774\" width=\"304\" height=\"203\" \/>Ob ein Nest zu bauen wie die V\u00f6gel, Rehspuren suchen oder Schneeigeli mit St\u00e4cklistacheln zu basteln, auch der Winter bot viel Spannendes f\u00fcr die Spielgruppenkinder im Wald.<\/p>\n<p class=\"western\">Als der Sturm Frederike angek\u00fcndet war, reisten wir kurzerhand nach Bern. Wir besuchten das naturhistorische Museum und assen bei Regula zu Hause Zmittag. Es war spannend, die Kinder mal in einem anderen Umfeld zu erleben!<\/p>\n<p class=\"western\"><i>Walderlebnisse F\u00fcchse<br \/>\n<\/i>Die Spuren des Sturms \u201eBurglind\u201c boten im Januar viel Spannendes f\u00fcr die F\u00fcchse. Sei es beim Z\u00e4hlen der Jahrringe der abges\u00e4gten B\u00e4ume, beim Einsammeln des S\u00e4gemehls, beim Zuschauen wie ein grosser Baumstamm abtransportiert wurde oder um herauszufinden, welche B\u00e4ume noch da sind und welche fehlen. Und toll nat\u00fcrlich all das Astmaterial, welches f\u00fcr das Freispiel zur Verf\u00fcgung stand!<\/p>\n<p><strong>Ausblick<\/strong><\/p>\n<p class=\"western\"><i>Himug\u00fcegeli<br \/>\n<\/i>Das n\u00e4chste Mal treffen wir uns am Montag, 19. M\u00e4rz. Neue Familien sind herzlich willkommen, es gibt freie Pl\u00e4tze! <span style=\"color:#44546a;\"><a href=\"https:\/\/boeimige.ch\/angebot\/eltern-kindgruppe-himugueegeli\/\">Weitere Infos<\/a><\/span><\/p>\n<p class=\"western\"><i>Spielgruppe<br \/>\n<\/i>Die neuen Flyer sind da! Ab sofort k\u00f6nnen Kinder f\u00fcrs neue Schuljahr 2018\/19 angemeldet werden. Ebenfalls gibt es die M\u00f6glichkeit bereits im Fr\u00fchling einzusteigen, meldet euch jetzt f\u00fcr einen gratis Schnuppertermin! Wer noch die M\u00f6glichkeit sieht, Flyer zu verteilen bzw. aufzulegen oder A4-Plak\u00e4tli aufzuh\u00e4ngen, wendet sich bitte an <span style=\"color:#0563c1;\"><u><a href=\"mailto:info@boeimige.ch\">info@boeimige.ch<\/a><\/u><\/span><span style=\"color:#0563c1;\"><span style=\"color:#000000;\"><span lang=\"de-CH\">.<\/span><\/span><\/span> Wir stellen euch gerne Flyer und Plak\u00e4tli zu!<br \/>\nAb August 2018 passen wir die Preise f\u00fcr die Spielgruppe an, neu gilt ein einheitlicher Quartalspreis. Es gibt damit keine Erh\u00f6hung der Preise, sondern lediglich eine Vereinfachung. F\u00fcr euch bedeutet dies regelm\u00e4ssigere Rechnungen und bessere Absch\u00e4tzung der Kosten und f\u00fcr uns erleichtert es die Abrechnung. Neu ist zudem die Vereinsmitgliedschaft f\u00fcr die ganze Familie inbegriffen. Entsprechend haben wir auch die Anmeldebedingungen leicht angepasst.<\/p>\n<p class=\"western\"><a href=\"https:\/\/boeimige.ch\/angebot\/waldspielgruppe\/\">Details und das neue Anmeldeformular findet ihr hier<\/a><\/p>\n<p class=\"western\"><em>Walderlebnisse F\u00fcchse<br \/>\n<\/em>Da die F\u00fcchse zurzeit ein sehr kleines Gr\u00fcppli sind, schreiben wir ausnahmsweise Fuchstermine einzeln zu bestimmten Themen aus. Dies erm\u00f6glicht es neuen Kindern die Samstage auch nur an einzelnen Tagen zu besuchen und so Waldluft zu schnuppern. Bereits am 17. M\u00e4rz steht eine grosse Schatzsuche an\u2026 <a href=\"https:\/\/boeimige.ch\/angebot\/walderlebnisse\/\">Mehr Infos &amp; weitere Daten und Themen.<\/a> Weitersagen erlaubt! \ud83d\ude42<\/p>\n<p class=\"western\"><i>Vereinsanl\u00e4sse<br \/>\n<\/i>Tannsch\u00f6sslig oder Fichtentriebe? Buche, Eiche, Esche? Am <strong>Do, 4. April<\/strong> nimmt euch Regula mit auf einen Spaziergang zu ihrem Lieblingsthema: B\u00e4ume<br \/>\nMehr zu Regula\u2019s Arbeit zum Thema B\u00e4ume findest du <a href=\"http:\/\/www.waldkinder-sg.ch\/contento\/ANGEBOTE\/WALDF\u00dcRGROSSE\/FACHKURSE\/Baumfreunde.aspx\">hier<\/a><\/p>\n<p class=\"western\">Am <strong>Mi, 2. Mai<\/strong> setzen wir das Thema B\u00e4ume ganz praktisch mit Kindern und Erwachsenen um. An einem Familienanlass kochen wir gemeinsam eine Harzsalbe und setzen ein Massage\u00f6l an.<\/p>\n<p class=\"western\">Diese beiden Anl\u00e4sse richten sich an alle interessierten Menschen aus der Umgebung. F\u00fcr Vereinsmitglieder sind sie kostenlos. Eine Mitgliedschaft kann auch vor Ort gel\u00f6st werden und betr\u00e4gt 35.- <a href=\"https:\/\/boeimige.ch\/angebot\/vereinsanlaesse\/\">Weitere Infos<\/a><\/p>\n<p class=\"western\"><i>Fr\u00fchlingsferien<br \/>\n<\/i>In der letzten Fr\u00fchlingsferienwoche bieten wir zwei Tagesanl\u00e4sse \u00fcber den FerienSpass Worb an.<br \/>\nAm <strong>Mi, 25. April<\/strong> findet gemeinsam mit dem interkulturellen Frauentreff ein Koch-Tag im Wald f\u00fcr Eltern und Kinder statt.<br \/>\nAm <strong>Do, 26. April<\/strong> tauchen wir mit einer Kindergruppe in die Welt der Zwerge ab.<br \/>\n<a href=\"https:\/\/boeimige.ch\/angebot\/ferienspasstage\/\">Weitere Infos<\/a><\/p>\n<p><strong>Weiteres<\/strong><\/p>\n<p><em><span style=\"color:#008000;\">Beobachtung und Wettbewerb<br \/>\n<\/span><\/em><span style=\"color:#008000;\">Der Schnee ist geschmolzen und der Fr\u00fchling nicht mehr weit. Schon bald beginnen die ersten Keimlinge ihre K\u00f6pfe auszustrecken und die Pflanzen entfalten ihre Bl\u00e4tter. T\u00e4glich kann man zuschauen, wie sich eine Pflanze St\u00fcck f\u00fcr St\u00fcck entwickelt.<br \/>\n<\/span><span style=\"color:#008000;\">Suche dir einen Keimling im Wald, der gerade seinen Kopf aus dem Boden gestreckt hat und mache ein kleines G\u00e4rtli drumherum, damit du ihn m\u00fchelos wieder finden kannst. Oder suche dir eine Knospe im Garten, die du mit einem farbigen Wollfaden markierst. Gehe mindestens einmal pro Woche zu deinem Keimling\/deiner Knospe und schau, was sich ver\u00e4ndert hat. Wenn du jedes Mal ein Foto machst, kannst du am Schluss die ganze Entwicklung am St\u00fcck anschauen. Um eure Kreativit\u00e4t noch mehr anzuregen, schreiben wir dazu einen <b>Wettbewerb<\/b> aus: Zeige die Entwicklung deiner Pflanze in m\u00f6glichst kreativer Form! Schick das digitale Endresultat <b>bis zum 30. April 2018<\/b> an <u><a href=\"mailto:info@boeimige.ch\">info@boeimige.ch<\/a><\/u> Wenn du etwas bastelst oder zeichnest, mache ein Foto davon und schick uns dieses. Das Gewinnerbild wird auf der Webseite ver\u00f6ffentlicht und gewinnt ein waldiges Geburtstagsfest.<\/span><\/p>\n","protected":false},"excerpt":{"rendered":"<p>Herzlich Willkommen zur 2. Waldpost! Hier erf\u00e4hrst du Spannendes aus den Waldgruppen und bekommst alle aktuellen Informationen zu unseren Angeboten. Und verpasse nicht unseren Wettbewerb! Um den Jahreswechsel herum wurde um unseren Waldplatz herum ziemlich ausgelichtet. Einerseits hat Herr Hofmann &hellip; <a href=\"https:\/\/boeimige.ch\/?p=959\">Weiterlesen <span class=\"meta-nav\">&rarr;<\/span><\/a><\/p>\n","protected":false},"author":1,"featured_media":0,"comment_status":"closed","ping_status":"closed","sticky":false,"template":"","format":"standard","meta":{"footnotes":""},"categories":[6],"tags":[],"class_list":["post-959","post","type-post","status-publish","format-standard","hentry","category-waldpost"],"yoast_head":"<!-- This site is optimized with the Yoast SEO plugin v28.3 - https:\/\/yoast.com\/product\/yoast-seo-wordpress\/ -->\n<title>Waldpost 2 \u00a6 2017\/18 - B\u00f6imige Naturprojekte<\/title>\n<meta name=\"robots\" content=\"index, follow, max-snippet:-1, max-image-preview:large, max-video-preview:-1\" \/>\n<link rel=\"canonical\" href=\"https:\/\/boeimige.ch\/?p=959\" \/>\n<meta property=\"og:locale\" content=\"de_DE\" \/>\n<meta property=\"og:type\" content=\"article\" \/>\n<meta property=\"og:title\" content=\"Waldpost 2 \u00a6 2017\/18 - B\u00f6imige Naturprojekte\" \/>\n<meta property=\"og:description\" content=\"Herzlich Willkommen zur 2. Waldpost! Hier erf\u00e4hrst du Spannendes aus den Waldgruppen und bekommst alle aktuellen Informationen zu unseren Angeboten. Und verpasse nicht unseren Wettbewerb! Um den Jahreswechsel herum wurde um unseren Waldplatz herum ziemlich ausgelichtet. Einerseits hat Herr Hofmann &hellip; Weiterlesen &rarr;\" \/>\n<meta property=\"og:url\" content=\"https:\/\/boeimige.ch\/?p=959\" \/>\n<meta property=\"og:site_name\" content=\"B\u00f6imige Naturprojekte\" \/>\n<meta property=\"article:publisher\" content=\"https:\/\/www.facebook.com\/Eggwald3076\" \/>\n<meta property=\"article:published_time\" content=\"2018-03-12T09:53:08+00:00\" \/>\n<meta property=\"og:image\" content=\"https:\/\/boeimige.ch\/wp-content\/uploads\/2018\/03\/img_2882-150x150.jpg\" \/>\n<meta name=\"author\" content=\"admin\" \/>\n<meta name=\"twitter:card\" content=\"summary_large_image\" \/>\n<meta name=\"twitter:label1\" content=\"Verfasst von\" \/>\n\t<meta name=\"twitter:data1\" content=\"admin\" \/>\n\t<meta name=\"twitter:label2\" content=\"Gesch\u00e4tzte Lesezeit\" \/>\n\t<meta name=\"twitter:data2\" content=\"4\u00a0Minuten\" \/>\n<script type=\"application\/ld+json\" class=\"yoast-schema-graph\">{\"@context\":\"https:\\\/\\\/schema.org\",\"@graph\":[{\"@type\":\"Article\",\"@id\":\"https:\\\/\\\/boeimige.ch\\\/?p=959#article\",\"isPartOf\":{\"@id\":\"https:\\\/\\\/boeimige.ch\\\/?p=959\"},\"author\":{\"name\":\"admin\",\"@id\":\"https:\\\/\\\/boeimige.ch\\\/#\\\/schema\\\/person\\\/9228b199a4bf1a502c3b3e0e368604f8\"},\"headline\":\"Waldpost 2 \u00a6 2017\\\/18\",\"datePublished\":\"2018-03-12T09:53:08+00:00\",\"mainEntityOfPage\":{\"@id\":\"https:\\\/\\\/boeimige.ch\\\/?p=959\"},\"wordCount\":833,\"publisher\":{\"@id\":\"https:\\\/\\\/boeimige.ch\\\/#organization\"},\"image\":{\"@id\":\"https:\\\/\\\/boeimige.ch\\\/?p=959#primaryimage\"},\"thumbnailUrl\":\"https:\\\/\\\/boeimigenaturprojektedotch.files.wordpress.com\\\/2017\\\/02\\\/waldpost_titel_neu.png\",\"articleSection\":[\"Waldpost\"],\"inLanguage\":\"de\"},{\"@type\":\"WebPage\",\"@id\":\"https:\\\/\\\/boeimige.ch\\\/?p=959\",\"url\":\"https:\\\/\\\/boeimige.ch\\\/?p=959\",\"name\":\"Waldpost 2 \u00a6 2017\\\/18 - B\u00f6imige Naturprojekte\",\"isPartOf\":{\"@id\":\"https:\\\/\\\/boeimige.ch\\\/#website\"},\"primaryImageOfPage\":{\"@id\":\"https:\\\/\\\/boeimige.ch\\\/?p=959#primaryimage\"},\"image\":{\"@id\":\"https:\\\/\\\/boeimige.ch\\\/?p=959#primaryimage\"},\"thumbnailUrl\":\"https:\\\/\\\/boeimigenaturprojektedotch.files.wordpress.com\\\/2017\\\/02\\\/waldpost_titel_neu.png\",\"datePublished\":\"2018-03-12T09:53:08+00:00\",\"breadcrumb\":{\"@id\":\"https:\\\/\\\/boeimige.ch\\\/?p=959#breadcrumb\"},\"inLanguage\":\"de\",\"potentialAction\":[{\"@type\":\"ReadAction\",\"target\":[\"https:\\\/\\\/boeimige.ch\\\/?p=959\"]}]},{\"@type\":\"ImageObject\",\"inLanguage\":\"de\",\"@id\":\"https:\\\/\\\/boeimige.ch\\\/?p=959#primaryimage\",\"url\":\"https:\\\/\\\/boeimigenaturprojektedotch.files.wordpress.com\\\/2017\\\/02\\\/waldpost_titel_neu.png\",\"contentUrl\":\"https:\\\/\\\/boeimigenaturprojektedotch.files.wordpress.com\\\/2017\\\/02\\\/waldpost_titel_neu.png\"},{\"@type\":\"BreadcrumbList\",\"@id\":\"https:\\\/\\\/boeimige.ch\\\/?p=959#breadcrumb\",\"itemListElement\":[{\"@type\":\"ListItem\",\"position\":1,\"name\":\"Start\",\"item\":\"https:\\\/\\\/boeimige.ch\\\/\"},{\"@type\":\"ListItem\",\"position\":2,\"name\":\"Waldpost 2 \u00a6 2017\\\/18\"}]},{\"@type\":\"WebSite\",\"@id\":\"https:\\\/\\\/boeimige.ch\\\/#website\",\"url\":\"https:\\\/\\\/boeimige.ch\\\/\",\"name\":\"B\u00f6imige Naturprojekte\",\"description\":\"Waldspielgruppe und Walderlebnisse in Worb\",\"publisher\":{\"@id\":\"https:\\\/\\\/boeimige.ch\\\/#organization\"},\"potentialAction\":[{\"@type\":\"SearchAction\",\"target\":{\"@type\":\"EntryPoint\",\"urlTemplate\":\"https:\\\/\\\/boeimige.ch\\\/?s={search_term_string}\"},\"query-input\":{\"@type\":\"PropertyValueSpecification\",\"valueRequired\":true,\"valueName\":\"search_term_string\"}}],\"inLanguage\":\"de\"},{\"@type\":\"Organization\",\"@id\":\"https:\\\/\\\/boeimige.ch\\\/#organization\",\"name\":\"B\u00f6imige Naturprojekte\",\"url\":\"https:\\\/\\\/boeimige.ch\\\/\",\"logo\":{\"@type\":\"ImageObject\",\"inLanguage\":\"de\",\"@id\":\"https:\\\/\\\/boeimige.ch\\\/#\\\/schema\\\/logo\\\/image\\\/\",\"url\":\"https:\\\/\\\/boeimige.ch\\\/wp-content\\\/uploads\\\/2026\\\/08\\\/Logo-neu_farbig-scaled.png\",\"contentUrl\":\"https:\\\/\\\/boeimige.ch\\\/wp-content\\\/uploads\\\/2026\\\/08\\\/Logo-neu_farbig-scaled.png\",\"width\":2318,\"height\":2560,\"caption\":\"B\u00f6imige Naturprojekte\"},\"image\":{\"@id\":\"https:\\\/\\\/boeimige.ch\\\/#\\\/schema\\\/logo\\\/image\\\/\"},\"sameAs\":[\"https:\\\/\\\/www.facebook.com\\\/Eggwald3076\",\"https:\\\/\\\/www.instagram.com\\\/boeimige_waldspielgruppe?igsh=N2M2Ymt2bGVrYTEx&utm_source=qr\"]},{\"@type\":\"Person\",\"@id\":\"https:\\\/\\\/boeimige.ch\\\/#\\\/schema\\\/person\\\/9228b199a4bf1a502c3b3e0e368604f8\",\"name\":\"admin\",\"image\":{\"@type\":\"ImageObject\",\"inLanguage\":\"de\",\"@id\":\"https:\\\/\\\/secure.gravatar.com\\\/avatar\\\/b476a0bf638c3f6b12f015e2f56efbe5b26c86811ca104ed3790d31ece5b0833?s=96&d=mm&r=g\",\"url\":\"https:\\\/\\\/secure.gravatar.com\\\/avatar\\\/b476a0bf638c3f6b12f015e2f56efbe5b26c86811ca104ed3790d31ece5b0833?s=96&d=mm&r=g\",\"contentUrl\":\"https:\\\/\\\/secure.gravatar.com\\\/avatar\\\/b476a0bf638c3f6b12f015e2f56efbe5b26c86811ca104ed3790d31ece5b0833?s=96&d=mm&r=g\",\"caption\":\"admin\"},\"url\":\"https:\\\/\\\/boeimige.ch\\\/?author=1\"}]}<\/script>\n<!-- \/ Yoast SEO plugin. -->","yoast_head_json":{"title":"Waldpost 2 \u00a6 2017\/18 - B\u00f6imige Naturprojekte","robots":{"index":"index","follow":"follow","max-snippet":"max-snippet:-1","max-image-preview":"max-image-preview:large","max-video-preview":"max-video-preview:-1"},"canonical":"https:\/\/boeimige.ch\/?p=959","og_locale":"de_DE","og_type":"article","og_title":"Waldpost 2 \u00a6 2017\/18 - B\u00f6imige Naturprojekte","og_description":"Herzlich Willkommen zur 2. Waldpost! Hier erf\u00e4hrst du Spannendes aus den Waldgruppen und bekommst alle aktuellen Informationen zu unseren Angeboten. Und verpasse nicht unseren Wettbewerb! Um den Jahreswechsel herum wurde um unseren Waldplatz herum ziemlich ausgelichtet. Einerseits hat Herr Hofmann &hellip; Weiterlesen &rarr;","og_url":"https:\/\/boeimige.ch\/?p=959","og_site_name":"B\u00f6imige Naturprojekte","article_publisher":"https:\/\/www.facebook.com\/Eggwald3076","article_published_time":"2018-03-12T09:53:08+00:00","og_image":[{"url":"https:\/\/boeimige.ch\/wp-content\/uploads\/2018\/03\/img_2882-150x150.jpg","type":"","width":"","height":""}],"author":"admin","twitter_card":"summary_large_image","twitter_misc":{"Verfasst von":"admin","Gesch\u00e4tzte Lesezeit":"4\u00a0Minuten"},"schema":{"@context":"https:\/\/schema.org","@graph":[{"@type":"Article","@id":"https:\/\/boeimige.ch\/?p=959#article","isPartOf":{"@id":"https:\/\/boeimige.ch\/?p=959"},"author":{"name":"admin","@id":"https:\/\/boeimige.ch\/#\/schema\/person\/9228b199a4bf1a502c3b3e0e368604f8"},"headline":"Waldpost 2 \u00a6 2017\/18","datePublished":"2018-03-12T09:53:08+00:00","mainEntityOfPage":{"@id":"https:\/\/boeimige.ch\/?p=959"},"wordCount":833,"publisher":{"@id":"https:\/\/boeimige.ch\/#organization"},"image":{"@id":"https:\/\/boeimige.ch\/?p=959#primaryimage"},"thumbnailUrl":"https:\/\/boeimigenaturprojektedotch.files.wordpress.com\/2017\/02\/waldpost_titel_neu.png","articleSection":["Waldpost"],"inLanguage":"de"},{"@type":"WebPage","@id":"https:\/\/boeimige.ch\/?p=959","url":"https:\/\/boeimige.ch\/?p=959","name":"Waldpost 2 \u00a6 2017\/18 - B\u00f6imige Naturprojekte","isPartOf":{"@id":"https:\/\/boeimige.ch\/#website"},"primaryImageOfPage":{"@id":"https:\/\/boeimige.ch\/?p=959#primaryimage"},"image":{"@id":"https:\/\/boeimige.ch\/?p=959#primaryimage"},"thumbnailUrl":"https:\/\/boeimigenaturprojektedotch.files.wordpress.com\/2017\/02\/waldpost_titel_neu.png","datePublished":"2018-03-12T09:53:08+00:00","breadcrumb":{"@id":"https:\/\/boeimige.ch\/?p=959#breadcrumb"},"inLanguage":"de","potentialAction":[{"@type":"ReadAction","target":["https:\/\/boeimige.ch\/?p=959"]}]},{"@type":"ImageObject","inLanguage":"de","@id":"https:\/\/boeimige.ch\/?p=959#primaryimage","url":"https:\/\/boeimigenaturprojektedotch.files.wordpress.com\/2017\/02\/waldpost_titel_neu.png","contentUrl":"https:\/\/boeimigenaturprojektedotch.files.wordpress.com\/2017\/02\/waldpost_titel_neu.png"},{"@type":"BreadcrumbList","@id":"https:\/\/boeimige.ch\/?p=959#breadcrumb","itemListElement":[{"@type":"ListItem","position":1,"name":"Start","item":"https:\/\/boeimige.ch\/"},{"@type":"ListItem","position":2,"name":"Waldpost 2 \u00a6 2017\/18"}]},{"@type":"WebSite","@id":"https:\/\/boeimige.ch\/#website","url":"https:\/\/boeimige.ch\/","name":"B\u00f6imige Naturprojekte","description":"Waldspielgruppe und Walderlebnisse in Worb","publisher":{"@id":"https:\/\/boeimige.ch\/#organization"},"potentialAction":[{"@type":"SearchAction","target":{"@type":"EntryPoint","urlTemplate":"https:\/\/boeimige.ch\/?s={search_term_string}"},"query-input":{"@type":"PropertyValueSpecification","valueRequired":true,"valueName":"search_term_string"}}],"inLanguage":"de"},{"@type":"Organization","@id":"https:\/\/boeimige.ch\/#organization","name":"B\u00f6imige Naturprojekte","url":"https:\/\/boeimige.ch\/","logo":{"@type":"ImageObject","inLanguage":"de","@id":"https:\/\/boeimige.ch\/#\/schema\/logo\/image\/","url":"https:\/\/boeimige.ch\/wp-content\/uploads\/2026\/08\/Logo-neu_farbig-scaled.png","contentUrl":"https:\/\/boeimige.ch\/wp-content\/uploads\/2026\/08\/Logo-neu_farbig-scaled.png","width":2318,"height":2560,"caption":"B\u00f6imige Naturprojekte"},"image":{"@id":"https:\/\/boeimige.ch\/#\/schema\/logo\/image\/"},"sameAs":["https:\/\/www.facebook.com\/Eggwald3076","https:\/\/www.instagram.com\/boeimige_waldspielgruppe?igsh=N2M2Ymt2bGVrYTEx&utm_source=qr"]},{"@type":"Person","@id":"https:\/\/boeimige.ch\/#\/schema\/person\/9228b199a4bf1a502c3b3e0e368604f8","name":"admin","image":{"@type":"ImageObject","inLanguage":"de","@id":"https:\/\/secure.gravatar.com\/avatar\/b476a0bf638c3f6b12f015e2f56efbe5b26c86811ca104ed3790d31ece5b0833?s=96&d=mm&r=g","url":"https:\/\/secure.gravatar.com\/avatar\/b476a0bf638c3f6b12f015e2f56efbe5b26c86811ca104ed3790d31ece5b0833?s=96&d=mm&r=g","contentUrl":"https:\/\/secure.gravatar.com\/avatar\/b476a0bf638c3f6b12f015e2f56efbe5b26c86811ca104ed3790d31ece5b0833?s=96&d=mm&r=g","caption":"admin"},"url":"https:\/\/boeimige.ch\/?author=1"}]}},"_links":{"self":[{"href":"https:\/\/boeimige.ch\/index.php?rest_route=\/wp\/v2\/posts\/959","targetHints":{"allow":["GET"]}}],"collection":[{"href":"https:\/\/boeimige.ch\/index.php?rest_route=\/wp\/v2\/posts"}],"about":[{"href":"https:\/\/boeimige.ch\/index.php?rest_route=\/wp\/v2\/types\/post"}],"author":[{"embeddable":true,"href":"https:\/\/boeimige.ch\/index.php?rest_route=\/wp\/v2\/users\/1"}],"replies":[{"embeddable":true,"href":"https:\/\/boeimige.ch\/index.php?rest_route=%2Fwp%2Fv2%2Fcomments&post=959"}],"version-history":[{"count":0,"href":"https:\/\/boeimige.ch\/index.php?rest_route=\/wp\/v2\/posts\/959\/revisions"}],"wp:attachment":[{"href":"https:\/\/boeimige.ch\/index.php?rest_route=%2Fwp%2Fv2%2Fmedia&parent=959"}],"wp:term":[{"taxonomy":"category","embeddable":true,"href":"https:\/\/boeimige.ch\/index.php?rest_route=%2Fwp%2Fv2%2Fcategories&post=959"},{"taxonomy":"post_tag","embeddable":true,"href":"https:\/\/boeimige.ch\/index.php?rest_route=%2Fwp%2Fv2%2Ftags&post=959"}],"curies":[{"name":"wp","href":"https:\/\/api.w.org\/{rel}","templated":true}]}}