{"id":973,"date":"2018-05-25T15:58:27","date_gmt":"2018-05-25T14:58:27","guid":{"rendered":"http:\/\/boeimige.ch\/?p=973"},"modified":"2018-05-25T15:58:27","modified_gmt":"2018-05-25T14:58:27","slug":"waldpost-3-%c2%a6-2017-18","status":"publish","type":"post","link":"https:\/\/boeimige.ch\/?p=973","title":{"rendered":"Waldpost 3 \u00a6 2017\/18"},"content":{"rendered":"<p><img loading=\"lazy\" decoding=\"async\" class=\"alignnone size-full wp-image-569\" src=\"https:\/\/boeimigenaturprojektedotch.files.wordpress.com\/2017\/02\/waldpost_titel_neu.png\" alt=\"waldpost_titel_neu\" width=\"740\" height=\"120\" srcset=\"https:\/\/boeimige.ch\/wp-content\/uploads\/2017\/02\/waldpost_titel_neu.png 740w, https:\/\/boeimige.ch\/wp-content\/uploads\/2017\/02\/waldpost_titel_neu-300x49.png 300w\" sizes=\"auto, (max-width: 740px) 100vw, 740px\" \/><\/p>\n<p><strong>R\u00fcckblick aus den Waldgruppen<\/strong><br \/>\n<i>Himug\u00fcegeli <img loading=\"lazy\" decoding=\"async\" class=\"  wp-image-976 alignright\" src=\"https:\/\/boeimigenaturprojektedotch.files.wordpress.com\/2018\/05\/img_3392.jpg\" alt=\"IMG_3392\" width=\"175\" height=\"132\" \/><\/i><br \/>\n\u00abZersch chunnt d\u2019Himug\u00fcegelimama, denn de Himug\u00fcegelipapa,<br \/>\nhingedrii ganz stolz u chli, d\u2019Himug\u00fcegelichinderli.<br \/>\nSi chrabble \u00fcbere Chopf, d\u2019Arme u d\u2019Bei u wei gar n\u00fcmme hei!\u00bb<\/p>\n<p><i>Waldspielgruppe<\/i><img loading=\"lazy\" decoding=\"async\" class=\"  wp-image-977 alignleft\" src=\"https:\/\/boeimigenaturprojektedotch.files.wordpress.com\/2018\/05\/img_3348.jpg\" alt=\"IMG_3348\" width=\"227\" height=\"303\" \/><br \/>\nWir sehen, dass ein Vogel zum Vogelh\u00e4uschen beim Wurzelchnorzplatz fliegt und h\u00f6ren gleich darauf die Bettelrufe von Jungv\u00f6geln. Wir sind etwas weit weg und sehen nicht so viel. Leise schleichen wir uns an und warten gespannt, ob wir den Vogelpapa oder die Vogelmama nochmals sehen. Und wirklich, eine Meise fliegt an, vergewissert sich, dass wir genug weit weg sind und verschwindet schnell im Nistkasten. Die Kinder schauen gebannt auf das Vogelh\u00e4uschen, damit sie ja nicht verpassen, wann der Vogel wieder rauskommt.\u00a0 Unser Vogelh\u00e4uschen wurde von einem Blaumeisenp\u00e4rchen als Nistplatz gew\u00e4hlt!<\/p>\n<p><i>F\u00fcchse<\/i><br \/>\n<i> <\/i>Im Mai stand bei den F\u00fcchsen ein Programm f\u00fcr alle Sinne an. B\u00e4ume wurden abgetastet und mussten anschliessend mit den Augen wiedererkannt werden, Waldmemory\u00a0 gespielt und viel Spitzwegerich gesammelt, woraus anschliessend ein feiner Spitzwegerichsirup\u00a0 gemacht wurde.<\/p>\n<p><i>Ferienspass<\/i><br \/>\n<i>\u00a0<\/i>Brennnesselchips, Gundermann-Guacamole, wilde Kartoffeln, Waldmeisterbowle, Kr\u00e4uterdipp, gef\u00fcllte Pilze\u2026. Diese und andere Leckereien mit Wildkr\u00e4utern hat eine internationale Gruppe von Erwachsenen und Kindern gemeinsam auf dem Feuer zubereitet. Es war ein toller Anlass mit vielen spannenden Begegnungen. Ein grosses Danke an Renate und Asel vom interkulturellen Frauentreff!<br \/>\n<img loading=\"lazy\" decoding=\"async\" class=\"alignnone  wp-image-978\" src=\"https:\/\/boeimigenaturprojektedotch.files.wordpress.com\/2018\/05\/pic_532710.jpg\" alt=\"pic_532710\" width=\"251\" height=\"141\" srcset=\"https:\/\/boeimige.ch\/wp-content\/uploads\/2018\/05\/pic_532710.jpg 1280w, https:\/\/boeimige.ch\/wp-content\/uploads\/2018\/05\/pic_532710-300x169.jpg 300w, https:\/\/boeimige.ch\/wp-content\/uploads\/2018\/05\/pic_532710-1024x576.jpg 1024w, https:\/\/boeimige.ch\/wp-content\/uploads\/2018\/05\/pic_532710-768x432.jpg 768w\" sizes=\"auto, (max-width: 251px) 100vw, 251px\" \/>\u00a0\u00a0\u00a0\u00a0\u00a0\u00a0\u00a0\u00a0\u00a0\u00a0\u00a0\u00a0 <img loading=\"lazy\" decoding=\"async\" class=\"alignnone  wp-image-979\" src=\"https:\/\/boeimigenaturprojektedotch.files.wordpress.com\/2018\/05\/pic_532819.jpg\" alt=\"pic_532819\" width=\"250\" height=\"141\" srcset=\"https:\/\/boeimige.ch\/wp-content\/uploads\/2018\/05\/pic_532819.jpg 1280w, https:\/\/boeimige.ch\/wp-content\/uploads\/2018\/05\/pic_532819-300x169.jpg 300w, https:\/\/boeimige.ch\/wp-content\/uploads\/2018\/05\/pic_532819-1024x576.jpg 1024w, https:\/\/boeimige.ch\/wp-content\/uploads\/2018\/05\/pic_532819-768x432.jpg 768w\" sizes=\"auto, (max-width: 250px) 100vw, 250px\" \/><\/p>\n<p>Am Zwergentag entstanden faszinierende Zwergen-(ferien-)h\u00e4user oder gar Villen mit Swimmingpool und Sprungbrett, Liegest\u00fchle und auch eine Rutschbahn durfte nicht fehlen. Spannend war auch die sp\u00e4tere Edelsteinsuche. Die gefundenen Steine filzten die Kindergarten- und Primarschulkinder dann noch mit viel Geduld ein, wodurch noch sch\u00f6nere Schmuckst\u00fccke entstanden.<img loading=\"lazy\" decoding=\"async\" class=\"  wp-image-980 aligncenter\" src=\"https:\/\/boeimigenaturprojektedotch.files.wordpress.com\/2018\/05\/dsc_1273.jpg\" alt=\"DSC_1273\" width=\"305\" height=\"172\" \/><\/p>\n<p><strong>Ausblick<\/strong><br \/>\n<i>Himug\u00fcegeli<br \/>\n<\/i>Das n\u00e4chste Mal treffen wir uns am Montag, 28. Mai. Neue Familien sind herzlich willkommen, es gibt freie Pl\u00e4tze! <span style=\"color:#44546a;\"><a href=\"https:\/\/boeimige.ch\/angebot\/eltern-kindgruppe-himugueegeli\/\">Weitere Infos<\/a><\/span><\/p>\n<p><a name=\"_GoBack\"><\/a> <i>Walds<\/i><i>pielgruppe<br \/>\n<\/i>F\u00fcr die Waldspielgruppe ab August 2018 gibt es ebenfalls noch freie Pl\u00e4tze! <span style=\"color:#ff6600;\">Wir haben zurzeit noch sehr wenige Anmeldungen, wodurch die Durchf\u00fchrung leider noch nicht gesichert ist.<\/span> <span style=\"color:#ff6600;\">Bitte sagt es weiter und helft mit, Werbung zu machen.<\/span> Es w\u00e4re sehr schade, wenn die Spielgruppe nicht zustande kommen w\u00fcrde. Mitte Juni werden wir entscheiden ob und inwiefern wir die Waldspielgruppe im kommenden Schuljahr durchf\u00fchren k\u00f6nnen, Interessierte sollen sich bitte bis dann bei Regula melden. Gerne schicken wir euch auch A4-Plakate und Flyer zu. <a href=\"https:\/\/boeimige.ch\/angebot\/waldspielgruppe\/\">Weitere Infos und Anmeldung<\/a><\/p>\n<p><i>Walderlebnisse <\/i><i>F\u00fcchse<br \/>\n<\/i>Am <b>2. Juni<\/b> treffen sich die F\u00fcchse das n\u00e4chste Mal und bereiten unter anderem unser kleines aber feines Sommerfest vor, zu welchem alle aktiven Familien der B\u00f6imigen Naturprojekte herzlich eingeladen sind. Die Detailinfos sollten alle erhalten haben, meldet euch bitte kurz bei Regula wenn ihr kommt, auch wenn ihr noch Infos braucht.<\/p>\n<p>Am <b>30. Juni<\/b> ist \u201eWaldwerkstatt, schnitzen und werken mit Waldmaterialien\u201c angesagt. Alle interessierten Kinder ab dem Kindergartenalter sind herzlich willkommen! <a href=\"https:\/\/boeimige.ch\/angebot\/walderlebnisse\/\">Weitere Infos und Anmeldung<\/a><\/p>\n<p><i>Ferienspass Herbstferien<br \/>\n<\/i>Auch in den Herbstferien bieten wir wieder Ferienspassangebote an, diesmal rund um die Waldtiere. Vom 8.-11. Oktober k\u00f6nnen nur zwei oder gleich alle vier Tage gebucht werden. <a href=\"https:\/\/boeimige.ch\/angebot\/ferienspasstage\/\">Weitere Infos<\/a><\/p>\n<p><strong>Weiteres<\/strong><br \/>\n<em>Seilpark Gantrisch<\/em><br \/>\n<a name=\"LPlnk649840\"><\/a>Vor ungef\u00e4hr einem Jahr haben wir mit den F\u00fcchsen einen Ausflug in den Seilpark Gantrisch gemacht, da Nora dort arbeitet und dies eine tolle Gelegenheit war. Anfangs dieses Jahr hat allerdings der Sturm \u201eBurglind\u201c im Seilpark grossen Schaden angerichtet, wodurch er dieses Jahr leider geschlossen bleiben muss. Der Wiederaufbau ist in vollem Gange und es ist eine verst\u00e4rkte Ausrichtung auf Familien mit kleineren Kindern und Personen mit leichter Beeintr\u00e4chtigung geplant. Neues Herzst\u00fcck des Parks soll ein ultimativer Kinderspielplatz mit hindernisfreiem Zugang und Kletterparcour ab ca. 3 Jahren werden. Aber da sich auch das tollste Projekt leider nicht ohne finanzielle Mittel realisieren l\u00e4sst, wurde ein Crowdfunding gestartet. Genauere Infos zum Projekt und wie ihr es unterst\u00fctzen k\u00f6nnt findet ihr unter: <a href=\"https:\/\/ibiy.net\/GigantrischerKinderspielplatz\" target=\"_blank\" rel=\"noopener\">https:\/\/ibiy.net\/GigantrischerKinderspielplatz<\/a><\/p>\n<p><em>Beobachtungstipp<br \/>\n<\/em>Weisst du, welcher Baum hinter dem B\u00e4nkli beim Waldeingang zu unserem Treffpunkt steht? Wenn du Mitte Juni mit offener Nase da durchspazierst, kannst du es auch ohne hinzuschauen erraten &#8211; es ist eine Linde! Vielleicht hat es bei euch gleich um die Ecke oder sogar im Garten auch eine Linde? Dann bietet sich dieses Rezept an:<\/p>\n<p>Pfl\u00fccke einige frisch ge\u00f6ffnete Lindenbl\u00fcten, k\u00f6chele sie in 6dl Milch leicht aus. Lass die Milch wieder abk\u00fchlen, entferne die Bl\u00fcten und koche aus der Lindenmilch mit 1 EL Maizena, 3 EL Zucker und 2 Eiern eine feine Creme &#8211; mhmmm!<\/p>\n","protected":false},"excerpt":{"rendered":"<p>R\u00fcckblick aus den Waldgruppen Himug\u00fcegeli \u00abZersch chunnt d\u2019Himug\u00fcegelimama, denn de Himug\u00fcegelipapa, hingedrii ganz stolz u chli, d\u2019Himug\u00fcegelichinderli. Si chrabble \u00fcbere Chopf, d\u2019Arme u d\u2019Bei u wei gar n\u00fcmme hei!\u00bb Waldspielgruppe Wir sehen, dass ein Vogel zum Vogelh\u00e4uschen beim Wurzelchnorzplatz fliegt &hellip; <a href=\"https:\/\/boeimige.ch\/?p=973\">Weiterlesen <span class=\"meta-nav\">&rarr;<\/span><\/a><\/p>\n","protected":false},"author":1,"featured_media":0,"comment_status":"closed","ping_status":"closed","sticky":false,"template":"","format":"standard","meta":{"footnotes":""},"categories":[6],"tags":[],"class_list":["post-973","post","type-post","status-publish","format-standard","hentry","category-waldpost"],"yoast_head":"<!-- This site is optimized with the Yoast SEO plugin v28.3 - https:\/\/yoast.com\/product\/yoast-seo-wordpress\/ -->\n<title>Waldpost 3 \u00a6 2017\/18 - B\u00f6imige Naturprojekte<\/title>\n<meta name=\"robots\" content=\"index, follow, max-snippet:-1, max-image-preview:large, max-video-preview:-1\" \/>\n<link rel=\"canonical\" href=\"https:\/\/boeimige.ch\/?p=973\" \/>\n<meta property=\"og:locale\" content=\"de_DE\" \/>\n<meta property=\"og:type\" content=\"article\" \/>\n<meta property=\"og:title\" content=\"Waldpost 3 \u00a6 2017\/18 - B\u00f6imige Naturprojekte\" \/>\n<meta property=\"og:description\" content=\"R\u00fcckblick aus den Waldgruppen Himug\u00fcegeli \u00abZersch chunnt d\u2019Himug\u00fcegelimama, denn de Himug\u00fcegelipapa, hingedrii ganz stolz u chli, d\u2019Himug\u00fcegelichinderli. Si chrabble \u00fcbere Chopf, d\u2019Arme u d\u2019Bei u wei gar n\u00fcmme hei!\u00bb Waldspielgruppe Wir sehen, dass ein Vogel zum Vogelh\u00e4uschen beim Wurzelchnorzplatz fliegt &hellip; Weiterlesen &rarr;\" \/>\n<meta property=\"og:url\" content=\"https:\/\/boeimige.ch\/?p=973\" \/>\n<meta property=\"og:site_name\" content=\"B\u00f6imige Naturprojekte\" \/>\n<meta property=\"article:publisher\" content=\"https:\/\/www.facebook.com\/Eggwald3076\" \/>\n<meta property=\"article:published_time\" content=\"2018-05-25T14:58:27+00:00\" \/>\n<meta property=\"og:image\" content=\"https:\/\/boeimige.ch\/wp-content\/uploads\/2017\/02\/waldpost_titel_neu.png\" \/>\n\t<meta property=\"og:image:width\" content=\"740\" \/>\n\t<meta property=\"og:image:height\" content=\"120\" \/>\n\t<meta property=\"og:image:type\" content=\"image\/png\" \/>\n<meta name=\"author\" content=\"admin\" \/>\n<meta name=\"twitter:card\" content=\"summary_large_image\" \/>\n<meta name=\"twitter:label1\" content=\"Verfasst von\" \/>\n\t<meta name=\"twitter:data1\" content=\"admin\" \/>\n\t<meta name=\"twitter:label2\" content=\"Gesch\u00e4tzte Lesezeit\" \/>\n\t<meta name=\"twitter:data2\" content=\"4\u00a0Minuten\" \/>\n<script type=\"application\/ld+json\" class=\"yoast-schema-graph\">{\"@context\":\"https:\\\/\\\/schema.org\",\"@graph\":[{\"@type\":\"Article\",\"@id\":\"https:\\\/\\\/boeimige.ch\\\/?p=973#article\",\"isPartOf\":{\"@id\":\"https:\\\/\\\/boeimige.ch\\\/?p=973\"},\"author\":{\"name\":\"admin\",\"@id\":\"https:\\\/\\\/boeimige.ch\\\/#\\\/schema\\\/person\\\/9228b199a4bf1a502c3b3e0e368604f8\"},\"headline\":\"Waldpost 3 \u00a6 2017\\\/18\",\"datePublished\":\"2018-05-25T14:58:27+00:00\",\"mainEntityOfPage\":{\"@id\":\"https:\\\/\\\/boeimige.ch\\\/?p=973\"},\"wordCount\":747,\"publisher\":{\"@id\":\"https:\\\/\\\/boeimige.ch\\\/#organization\"},\"image\":{\"@id\":\"https:\\\/\\\/boeimige.ch\\\/?p=973#primaryimage\"},\"thumbnailUrl\":\"https:\\\/\\\/boeimigenaturprojektedotch.files.wordpress.com\\\/2017\\\/02\\\/waldpost_titel_neu.png\",\"articleSection\":[\"Waldpost\"],\"inLanguage\":\"de\"},{\"@type\":\"WebPage\",\"@id\":\"https:\\\/\\\/boeimige.ch\\\/?p=973\",\"url\":\"https:\\\/\\\/boeimige.ch\\\/?p=973\",\"name\":\"Waldpost 3 \u00a6 2017\\\/18 - B\u00f6imige Naturprojekte\",\"isPartOf\":{\"@id\":\"https:\\\/\\\/boeimige.ch\\\/#website\"},\"primaryImageOfPage\":{\"@id\":\"https:\\\/\\\/boeimige.ch\\\/?p=973#primaryimage\"},\"image\":{\"@id\":\"https:\\\/\\\/boeimige.ch\\\/?p=973#primaryimage\"},\"thumbnailUrl\":\"https:\\\/\\\/boeimigenaturprojektedotch.files.wordpress.com\\\/2017\\\/02\\\/waldpost_titel_neu.png\",\"datePublished\":\"2018-05-25T14:58:27+00:00\",\"breadcrumb\":{\"@id\":\"https:\\\/\\\/boeimige.ch\\\/?p=973#breadcrumb\"},\"inLanguage\":\"de\",\"potentialAction\":[{\"@type\":\"ReadAction\",\"target\":[\"https:\\\/\\\/boeimige.ch\\\/?p=973\"]}]},{\"@type\":\"ImageObject\",\"inLanguage\":\"de\",\"@id\":\"https:\\\/\\\/boeimige.ch\\\/?p=973#primaryimage\",\"url\":\"https:\\\/\\\/boeimigenaturprojektedotch.files.wordpress.com\\\/2017\\\/02\\\/waldpost_titel_neu.png\",\"contentUrl\":\"https:\\\/\\\/boeimigenaturprojektedotch.files.wordpress.com\\\/2017\\\/02\\\/waldpost_titel_neu.png\"},{\"@type\":\"BreadcrumbList\",\"@id\":\"https:\\\/\\\/boeimige.ch\\\/?p=973#breadcrumb\",\"itemListElement\":[{\"@type\":\"ListItem\",\"position\":1,\"name\":\"Start\",\"item\":\"https:\\\/\\\/boeimige.ch\\\/\"},{\"@type\":\"ListItem\",\"position\":2,\"name\":\"Waldpost 3 \u00a6 2017\\\/18\"}]},{\"@type\":\"WebSite\",\"@id\":\"https:\\\/\\\/boeimige.ch\\\/#website\",\"url\":\"https:\\\/\\\/boeimige.ch\\\/\",\"name\":\"B\u00f6imige Naturprojekte\",\"description\":\"Waldspielgruppe und Walderlebnisse in Worb\",\"publisher\":{\"@id\":\"https:\\\/\\\/boeimige.ch\\\/#organization\"},\"potentialAction\":[{\"@type\":\"SearchAction\",\"target\":{\"@type\":\"EntryPoint\",\"urlTemplate\":\"https:\\\/\\\/boeimige.ch\\\/?s={search_term_string}\"},\"query-input\":{\"@type\":\"PropertyValueSpecification\",\"valueRequired\":true,\"valueName\":\"search_term_string\"}}],\"inLanguage\":\"de\"},{\"@type\":\"Organization\",\"@id\":\"https:\\\/\\\/boeimige.ch\\\/#organization\",\"name\":\"B\u00f6imige Naturprojekte\",\"url\":\"https:\\\/\\\/boeimige.ch\\\/\",\"logo\":{\"@type\":\"ImageObject\",\"inLanguage\":\"de\",\"@id\":\"https:\\\/\\\/boeimige.ch\\\/#\\\/schema\\\/logo\\\/image\\\/\",\"url\":\"https:\\\/\\\/boeimige.ch\\\/wp-content\\\/uploads\\\/2026\\\/08\\\/Logo-neu_farbig-scaled.png\",\"contentUrl\":\"https:\\\/\\\/boeimige.ch\\\/wp-content\\\/uploads\\\/2026\\\/08\\\/Logo-neu_farbig-scaled.png\",\"width\":2318,\"height\":2560,\"caption\":\"B\u00f6imige Naturprojekte\"},\"image\":{\"@id\":\"https:\\\/\\\/boeimige.ch\\\/#\\\/schema\\\/logo\\\/image\\\/\"},\"sameAs\":[\"https:\\\/\\\/www.facebook.com\\\/Eggwald3076\",\"https:\\\/\\\/www.instagram.com\\\/boeimige_waldspielgruppe?igsh=N2M2Ymt2bGVrYTEx&utm_source=qr\"]},{\"@type\":\"Person\",\"@id\":\"https:\\\/\\\/boeimige.ch\\\/#\\\/schema\\\/person\\\/9228b199a4bf1a502c3b3e0e368604f8\",\"name\":\"admin\",\"image\":{\"@type\":\"ImageObject\",\"inLanguage\":\"de\",\"@id\":\"https:\\\/\\\/secure.gravatar.com\\\/avatar\\\/b476a0bf638c3f6b12f015e2f56efbe5b26c86811ca104ed3790d31ece5b0833?s=96&d=mm&r=g\",\"url\":\"https:\\\/\\\/secure.gravatar.com\\\/avatar\\\/b476a0bf638c3f6b12f015e2f56efbe5b26c86811ca104ed3790d31ece5b0833?s=96&d=mm&r=g\",\"contentUrl\":\"https:\\\/\\\/secure.gravatar.com\\\/avatar\\\/b476a0bf638c3f6b12f015e2f56efbe5b26c86811ca104ed3790d31ece5b0833?s=96&d=mm&r=g\",\"caption\":\"admin\"},\"url\":\"https:\\\/\\\/boeimige.ch\\\/?author=1\"}]}<\/script>\n<!-- \/ Yoast SEO plugin. -->","yoast_head_json":{"title":"Waldpost 3 \u00a6 2017\/18 - B\u00f6imige Naturprojekte","robots":{"index":"index","follow":"follow","max-snippet":"max-snippet:-1","max-image-preview":"max-image-preview:large","max-video-preview":"max-video-preview:-1"},"canonical":"https:\/\/boeimige.ch\/?p=973","og_locale":"de_DE","og_type":"article","og_title":"Waldpost 3 \u00a6 2017\/18 - B\u00f6imige Naturprojekte","og_description":"R\u00fcckblick aus den Waldgruppen Himug\u00fcegeli \u00abZersch chunnt d\u2019Himug\u00fcegelimama, denn de Himug\u00fcegelipapa, hingedrii ganz stolz u chli, d\u2019Himug\u00fcegelichinderli. Si chrabble \u00fcbere Chopf, d\u2019Arme u d\u2019Bei u wei gar n\u00fcmme hei!\u00bb Waldspielgruppe Wir sehen, dass ein Vogel zum Vogelh\u00e4uschen beim Wurzelchnorzplatz fliegt &hellip; Weiterlesen &rarr;","og_url":"https:\/\/boeimige.ch\/?p=973","og_site_name":"B\u00f6imige Naturprojekte","article_publisher":"https:\/\/www.facebook.com\/Eggwald3076","article_published_time":"2018-05-25T14:58:27+00:00","og_image":[{"width":740,"height":120,"url":"https:\/\/boeimige.ch\/wp-content\/uploads\/2017\/02\/waldpost_titel_neu.png","type":"image\/png"}],"author":"admin","twitter_card":"summary_large_image","twitter_misc":{"Verfasst von":"admin","Gesch\u00e4tzte Lesezeit":"4\u00a0Minuten"},"schema":{"@context":"https:\/\/schema.org","@graph":[{"@type":"Article","@id":"https:\/\/boeimige.ch\/?p=973#article","isPartOf":{"@id":"https:\/\/boeimige.ch\/?p=973"},"author":{"name":"admin","@id":"https:\/\/boeimige.ch\/#\/schema\/person\/9228b199a4bf1a502c3b3e0e368604f8"},"headline":"Waldpost 3 \u00a6 2017\/18","datePublished":"2018-05-25T14:58:27+00:00","mainEntityOfPage":{"@id":"https:\/\/boeimige.ch\/?p=973"},"wordCount":747,"publisher":{"@id":"https:\/\/boeimige.ch\/#organization"},"image":{"@id":"https:\/\/boeimige.ch\/?p=973#primaryimage"},"thumbnailUrl":"https:\/\/boeimigenaturprojektedotch.files.wordpress.com\/2017\/02\/waldpost_titel_neu.png","articleSection":["Waldpost"],"inLanguage":"de"},{"@type":"WebPage","@id":"https:\/\/boeimige.ch\/?p=973","url":"https:\/\/boeimige.ch\/?p=973","name":"Waldpost 3 \u00a6 2017\/18 - B\u00f6imige Naturprojekte","isPartOf":{"@id":"https:\/\/boeimige.ch\/#website"},"primaryImageOfPage":{"@id":"https:\/\/boeimige.ch\/?p=973#primaryimage"},"image":{"@id":"https:\/\/boeimige.ch\/?p=973#primaryimage"},"thumbnailUrl":"https:\/\/boeimigenaturprojektedotch.files.wordpress.com\/2017\/02\/waldpost_titel_neu.png","datePublished":"2018-05-25T14:58:27+00:00","breadcrumb":{"@id":"https:\/\/boeimige.ch\/?p=973#breadcrumb"},"inLanguage":"de","potentialAction":[{"@type":"ReadAction","target":["https:\/\/boeimige.ch\/?p=973"]}]},{"@type":"ImageObject","inLanguage":"de","@id":"https:\/\/boeimige.ch\/?p=973#primaryimage","url":"https:\/\/boeimigenaturprojektedotch.files.wordpress.com\/2017\/02\/waldpost_titel_neu.png","contentUrl":"https:\/\/boeimigenaturprojektedotch.files.wordpress.com\/2017\/02\/waldpost_titel_neu.png"},{"@type":"BreadcrumbList","@id":"https:\/\/boeimige.ch\/?p=973#breadcrumb","itemListElement":[{"@type":"ListItem","position":1,"name":"Start","item":"https:\/\/boeimige.ch\/"},{"@type":"ListItem","position":2,"name":"Waldpost 3 \u00a6 2017\/18"}]},{"@type":"WebSite","@id":"https:\/\/boeimige.ch\/#website","url":"https:\/\/boeimige.ch\/","name":"B\u00f6imige Naturprojekte","description":"Waldspielgruppe und Walderlebnisse in Worb","publisher":{"@id":"https:\/\/boeimige.ch\/#organization"},"potentialAction":[{"@type":"SearchAction","target":{"@type":"EntryPoint","urlTemplate":"https:\/\/boeimige.ch\/?s={search_term_string}"},"query-input":{"@type":"PropertyValueSpecification","valueRequired":true,"valueName":"search_term_string"}}],"inLanguage":"de"},{"@type":"Organization","@id":"https:\/\/boeimige.ch\/#organization","name":"B\u00f6imige Naturprojekte","url":"https:\/\/boeimige.ch\/","logo":{"@type":"ImageObject","inLanguage":"de","@id":"https:\/\/boeimige.ch\/#\/schema\/logo\/image\/","url":"https:\/\/boeimige.ch\/wp-content\/uploads\/2026\/08\/Logo-neu_farbig-scaled.png","contentUrl":"https:\/\/boeimige.ch\/wp-content\/uploads\/2026\/08\/Logo-neu_farbig-scaled.png","width":2318,"height":2560,"caption":"B\u00f6imige Naturprojekte"},"image":{"@id":"https:\/\/boeimige.ch\/#\/schema\/logo\/image\/"},"sameAs":["https:\/\/www.facebook.com\/Eggwald3076","https:\/\/www.instagram.com\/boeimige_waldspielgruppe?igsh=N2M2Ymt2bGVrYTEx&utm_source=qr"]},{"@type":"Person","@id":"https:\/\/boeimige.ch\/#\/schema\/person\/9228b199a4bf1a502c3b3e0e368604f8","name":"admin","image":{"@type":"ImageObject","inLanguage":"de","@id":"https:\/\/secure.gravatar.com\/avatar\/b476a0bf638c3f6b12f015e2f56efbe5b26c86811ca104ed3790d31ece5b0833?s=96&d=mm&r=g","url":"https:\/\/secure.gravatar.com\/avatar\/b476a0bf638c3f6b12f015e2f56efbe5b26c86811ca104ed3790d31ece5b0833?s=96&d=mm&r=g","contentUrl":"https:\/\/secure.gravatar.com\/avatar\/b476a0bf638c3f6b12f015e2f56efbe5b26c86811ca104ed3790d31ece5b0833?s=96&d=mm&r=g","caption":"admin"},"url":"https:\/\/boeimige.ch\/?author=1"}]}},"_links":{"self":[{"href":"https:\/\/boeimige.ch\/index.php?rest_route=\/wp\/v2\/posts\/973","targetHints":{"allow":["GET"]}}],"collection":[{"href":"https:\/\/boeimige.ch\/index.php?rest_route=\/wp\/v2\/posts"}],"about":[{"href":"https:\/\/boeimige.ch\/index.php?rest_route=\/wp\/v2\/types\/post"}],"author":[{"embeddable":true,"href":"https:\/\/boeimige.ch\/index.php?rest_route=\/wp\/v2\/users\/1"}],"replies":[{"embeddable":true,"href":"https:\/\/boeimige.ch\/index.php?rest_route=%2Fwp%2Fv2%2Fcomments&post=973"}],"version-history":[{"count":0,"href":"https:\/\/boeimige.ch\/index.php?rest_route=\/wp\/v2\/posts\/973\/revisions"}],"wp:attachment":[{"href":"https:\/\/boeimige.ch\/index.php?rest_route=%2Fwp%2Fv2%2Fmedia&parent=973"}],"wp:term":[{"taxonomy":"category","embeddable":true,"href":"https:\/\/boeimige.ch\/index.php?rest_route=%2Fwp%2Fv2%2Fcategories&post=973"},{"taxonomy":"post_tag","embeddable":true,"href":"https:\/\/boeimige.ch\/index.php?rest_route=%2Fwp%2Fv2%2Ftags&post=973"}],"curies":[{"name":"wp","href":"https:\/\/api.w.org\/{rel}","templated":true}]}}